{"id":102784,"date":"2024-05-16T17:15:08","date_gmt":"2024-05-16T15:15:08","guid":{"rendered":"https:\/\/capellisport.eu\/?p=102784"},"modified":"2024-05-16T14:54:30","modified_gmt":"2024-05-16T12:54:30","slug":"capelli-sport-x-1-fc-schweinfurt-05","status":"publish","type":"post","link":"https:\/\/capellisport.eu\/de\/capelli-sport-x-1-fc-schweinfurt-05\/","title":{"rendered":"Capelli Sport x 1.FC Schweinfurt 05"},"content":{"rendered":"<p><img loading=\"lazy\" decoding=\"async\" class=\"size-full wp-image-102787 aligncenter\" src=\"https:\/\/capellisport.eu\/wp-content\/uploads\/2024\/05\/sm-1.jpg\" alt=\"\" width=\"657\" height=\"252\" srcset=\"https:\/\/capellisport.eu\/wp-content\/uploads\/2024\/05\/sm-1.jpg 657w, https:\/\/capellisport.eu\/wp-content\/uploads\/2024\/05\/sm-1-400x153.jpg 400w, https:\/\/capellisport.eu\/wp-content\/uploads\/2024\/05\/sm-1-600x230.jpg 600w\" sizes=\"auto, (max-width: 657px) 100vw, 657px\" \/><\/p>\n<p>Capelli X 1.FC Schweinfurt 05<\/p>\n<p>Der 1. FC Schweinfurt 05 geht mit einem neuen Ausr\u00fcster in das 120-j\u00e4hrige Vereinsjubil\u00e4um. Der US-amerikanische Sportartikelhersteller Capelli Sport stattet die Schn\u00fcdel in den kommenden drei Jahren aus. Die Vereinbarung umfasst auch die Ausstattung aller Jugendmannschaften des Vereins.<\/p>\n<p><img loading=\"lazy\" decoding=\"async\" class=\"alignnone size-full wp-image-102789\" src=\"https:\/\/capellisport.eu\/wp-content\/uploads\/2024\/05\/IMG_8636Y2x.jpg\" alt=\"\" width=\"12000\" height=\"8000\" \/><\/p>\n<p>Innerhalb der letzten Jahre hat sich Capelli auf dem deutschen Markt etabliert. Vereine wie Alemannia Aachen, Viktoria K\u00f6ln, VfL Osnabr\u00fcck sowie unsere fr\u00e4nkischen Nachbarn aus Bayreuth und Bamberg werden vom 2011 in New York gegr\u00fcndeten Teamsportspezialisten ausgestattet.<\/p>\n<p>Bereits beim letzten Heimspiel der Regionalliga-Saison am Samstag gegen die SpVgg Bayreuth wird der FC 05 erstmalig im neuen Dress auflaufen. Das Trikot ist exklusiv im Stadion-Fanshop erh\u00e4ltlich.<\/p>\n<p><strong>Area Sales Manager Capelli Sport, Michael Wiehrl:<\/strong>\u00a0Ich freue mich den 1.FC Schweinfurt in der Capelli Sport Familie begr\u00fc\u00dfen zu k\u00f6nnen. Der Verein hat mit seiner \u00fcber 100-j\u00e4hrigen Geschichte einen gro\u00dfen Stellenwert f\u00fcr die Region. Ich konnte bereits zu Beginn unserer Gespr\u00e4che diese Arbeiter-Mentalit\u00e4t der Schn\u00fcdel sp\u00fcren, weshalb ich davon \u00fcberzeugt bin, dass wir innerhalb dieser Partnerschaft einige gemeinsame Highlights feiern werden.<\/p>\n<p><strong>Gesch\u00e4ftsf\u00fchrer 1. FC Schweinfurt 05, Markus Wolf: <\/strong>Die vertraulichen und \u00e4u\u00dferst angenehmen Gespr\u00e4che mit allen Verantwortlichen waren beeindruckend. Capelli Sport bringt langj\u00e4hrige Erfahrung als Ausr\u00fcster f\u00fcr Vereinsmannschaften und Sportler mit, daher sind wir sehr glu\u0308cklich, mit Capelli Sport gemeinsam unsere Zukunft zu gestalten.\u201c<\/p>\n<p><strong>\u00dcber Capelli Sport<\/p>\n<p><\/strong>Capelli Sport ist eine globale Multisportmarke mit Sitz in New York City, die sich auf Mannschaftssportarten spezialisiert hat. Unsere Leidenschaft f\u00fcr die Entwicklung von Produkten, die von Lifestyle-Bekleidung bis hin zu Schuhen und Performance-Match-Kits reichen, erm\u00f6glicht es Sportlern und Teams, ihren Erfolg auf dem Spielfeld und dar\u00fcber hinaus zu maximieren. Capelli Sport unterst\u00fctzt alle Athleten durch ein einzigartiges globales Sport-\u00d6kosystem mit einem Schwerpunkt auf exzellentem Service. Erfahren Sie mehr unter capellisport.eu und finden Sie Capelli Sport auf Instagram (@CapelliSport).<\/p>\n","protected":false},"excerpt":{"rendered":"<p>Capelli X 1.FC Schweinfurt 05 Der 1. FC Schweinfurt 05 geht mit einem neuen Ausr\u00fcster in das 120-j\u00e4hrige Vereinsjubil\u00e4um. Der US-amerikanische Sportartikelhersteller Capelli Sport stattet die Schn\u00fcdel in den kommenden drei Jahren aus. Die Vereinbarung umfasst auch die Ausstattung aller Jugendmannschaften des Vereins. Innerhalb der letzten Jahre hat sich Capelli auf dem deutschen Markt etabliert. &hellip; <\/p>\n<p class=\"link-more\"><a href=\"https:\/\/capellisport.eu\/de\/capelli-sport-x-1-fc-schweinfurt-05\/\" class=\"more-link\"><span class=\"screen-reader-text\">\u201eCapelli Sport x 1.FC Schweinfurt 05\u201c<\/span> weiterlesen<\/a><\/p>\n","protected":false},"author":1492,"featured_media":102789,"comment_status":"open","ping_status":"closed","sticky":false,"template":"","format":"standard","meta":{"_acf_changed":false,"footnotes":""},"categories":[16],"tags":[],"class_list":["post-102784","post","type-post","status-publish","format-standard","has-post-thumbnail","hentry","category-neuigkeiten"],"acf":[],"yoast_head":"<!-- This site is optimized with the Yoast SEO plugin v25.4 - https:\/\/yoast.com\/wordpress\/plugins\/seo\/ -->\n<title>Capelli Sport x 1.FC Schweinfurt 05 - CAPELLI SPORT Europe<\/title>\n<meta name=\"robots\" content=\"index, follow, max-snippet:-1, max-image-preview:large, max-video-preview:-1\" \/>\n<link rel=\"canonical\" href=\"https:\/\/capellisport.eu\/de\/capelli-sport-x-1-fc-schweinfurt-05\/\" \/>\n<meta property=\"og:locale\" content=\"de_DE\" \/>\n<meta property=\"og:type\" content=\"article\" \/>\n<meta property=\"og:title\" content=\"Capelli Sport x 1.FC Schweinfurt 05 - CAPELLI SPORT Europe\" \/>\n<meta property=\"og:description\" content=\"Capelli X 1.FC Schweinfurt 05 Der 1. FC Schweinfurt 05 geht mit einem neuen Ausr\u00fcster in das 120-j\u00e4hrige Vereinsjubil\u00e4um. Der US-amerikanische Sportartikelhersteller Capelli Sport stattet die Schn\u00fcdel in den kommenden drei Jahren aus. Die Vereinbarung umfasst auch die Ausstattung aller Jugendmannschaften des Vereins. Innerhalb der letzten Jahre hat sich Capelli auf dem deutschen Markt etabliert. &hellip; \u201eCapelli Sport x 1.FC Schweinfurt 05\u201c weiterlesen\" \/>\n<meta property=\"og:url\" content=\"https:\/\/capellisport.eu\/de\/capelli-sport-x-1-fc-schweinfurt-05\/\" \/>\n<meta property=\"og:site_name\" content=\"CAPELLI SPORT Europe\" \/>\n<meta property=\"article:published_time\" content=\"2024-05-16T15:15:08+00:00\" \/>\n<meta property=\"og:image\" content=\"https:\/\/capellisport.eu\/wp-content\/uploads\/2024\/05\/IMG_8636Y2x.jpg\" \/>\n\t<meta property=\"og:image:width\" content=\"1200\" \/>\n\t<meta property=\"og:image:height\" content=\"800\" \/>\n\t<meta property=\"og:image:type\" content=\"image\/jpeg\" \/>\n<meta name=\"author\" content=\"Nick Behme\" \/>\n<meta name=\"twitter:card\" content=\"summary_large_image\" \/>\n<meta name=\"twitter:label1\" content=\"Verfasst von\" \/>\n\t<meta name=\"twitter:data1\" content=\"Nick Behme\" \/>\n\t<meta name=\"twitter:label2\" content=\"Gesch\u00e4tzte Lesezeit\" \/>\n\t<meta name=\"twitter:data2\" content=\"2\u00a0Minuten\" \/>\n<script type=\"application\/ld+json\" class=\"yoast-schema-graph\">{\"@context\":\"https:\/\/schema.org\",\"@graph\":[{\"@type\":\"Article\",\"@id\":\"https:\/\/capellisport.eu\/de\/capelli-sport-x-1-fc-schweinfurt-05\/#article\",\"isPartOf\":{\"@id\":\"https:\/\/capellisport.eu\/de\/capelli-sport-x-1-fc-schweinfurt-05\/\"},\"author\":{\"name\":\"Nick Behme\",\"@id\":\"https:\/\/capellisport.eu\/#\/schema\/person\/018dd7f04f33eb64e9cc92b221b2d370\"},\"headline\":\"Capelli Sport x 1.FC Schweinfurt 05\",\"datePublished\":\"2024-05-16T15:15:08+00:00\",\"mainEntityOfPage\":{\"@id\":\"https:\/\/capellisport.eu\/de\/capelli-sport-x-1-fc-schweinfurt-05\/\"},\"wordCount\":325,\"commentCount\":0,\"publisher\":{\"@id\":\"https:\/\/capellisport.eu\/#organization\"},\"image\":{\"@id\":\"https:\/\/capellisport.eu\/de\/capelli-sport-x-1-fc-schweinfurt-05\/#primaryimage\"},\"thumbnailUrl\":\"https:\/\/capellisport.eu\/wp-content\/uploads\/2024\/05\/IMG_8636Y2x.jpg\",\"articleSection\":[\"News\"],\"inLanguage\":\"de\",\"potentialAction\":[{\"@type\":\"CommentAction\",\"name\":\"Comment\",\"target\":[\"https:\/\/capellisport.eu\/de\/capelli-sport-x-1-fc-schweinfurt-05\/#respond\"]}]},{\"@type\":\"WebPage\",\"@id\":\"https:\/\/capellisport.eu\/de\/capelli-sport-x-1-fc-schweinfurt-05\/\",\"url\":\"https:\/\/capellisport.eu\/de\/capelli-sport-x-1-fc-schweinfurt-05\/\",\"name\":\"Capelli Sport x 1.FC Schweinfurt 05 - CAPELLI SPORT Europe\",\"isPartOf\":{\"@id\":\"https:\/\/capellisport.eu\/#website\"},\"primaryImageOfPage\":{\"@id\":\"https:\/\/capellisport.eu\/de\/capelli-sport-x-1-fc-schweinfurt-05\/#primaryimage\"},\"image\":{\"@id\":\"https:\/\/capellisport.eu\/de\/capelli-sport-x-1-fc-schweinfurt-05\/#primaryimage\"},\"thumbnailUrl\":\"https:\/\/capellisport.eu\/wp-content\/uploads\/2024\/05\/IMG_8636Y2x.jpg\",\"datePublished\":\"2024-05-16T15:15:08+00:00\",\"breadcrumb\":{\"@id\":\"https:\/\/capellisport.eu\/de\/capelli-sport-x-1-fc-schweinfurt-05\/#breadcrumb\"},\"inLanguage\":\"de\",\"potentialAction\":[{\"@type\":\"ReadAction\",\"target\":[\"https:\/\/capellisport.eu\/de\/capelli-sport-x-1-fc-schweinfurt-05\/\"]}]},{\"@type\":\"ImageObject\",\"inLanguage\":\"de\",\"@id\":\"https:\/\/capellisport.eu\/de\/capelli-sport-x-1-fc-schweinfurt-05\/#primaryimage\",\"url\":\"https:\/\/capellisport.eu\/wp-content\/uploads\/2024\/05\/IMG_8636Y2x.jpg\",\"contentUrl\":\"https:\/\/capellisport.eu\/wp-content\/uploads\/2024\/05\/IMG_8636Y2x.jpg\",\"width\":12000,\"height\":8000},{\"@type\":\"BreadcrumbList\",\"@id\":\"https:\/\/capellisport.eu\/de\/capelli-sport-x-1-fc-schweinfurt-05\/#breadcrumb\",\"itemListElement\":[{\"@type\":\"ListItem\",\"position\":1,\"name\":\"Home\",\"item\":\"https:\/\/capellisport.eu\/de\/frontpage\/\"},{\"@type\":\"ListItem\",\"position\":2,\"name\":\"Capelli Sport x 1.FC Schweinfurt 05\"}]},{\"@type\":\"WebSite\",\"@id\":\"https:\/\/capellisport.eu\/#website\",\"url\":\"https:\/\/capellisport.eu\/\",\"name\":\"CAPELLI SPORT Europe\",\"description\":\"\",\"publisher\":{\"@id\":\"https:\/\/capellisport.eu\/#organization\"},\"potentialAction\":[{\"@type\":\"SearchAction\",\"target\":{\"@type\":\"EntryPoint\",\"urlTemplate\":\"https:\/\/capellisport.eu\/?s={search_term_string}\"},\"query-input\":{\"@type\":\"PropertyValueSpecification\",\"valueRequired\":true,\"valueName\":\"search_term_string\"}}],\"inLanguage\":\"de\"},{\"@type\":\"Organization\",\"@id\":\"https:\/\/capellisport.eu\/#organization\",\"name\":\"CAPELLI SPORT Europe\",\"url\":\"https:\/\/capellisport.eu\/\",\"logo\":{\"@type\":\"ImageObject\",\"inLanguage\":\"de\",\"@id\":\"https:\/\/capellisport.eu\/#\/schema\/logo\/image\/\",\"url\":\"https:\/\/capellisport.eu\/wp-content\/uploads\/2019\/08\/CAPELLI-SPORT_LOGO_schwarz-auf-weiss-01-scaled.jpg\",\"contentUrl\":\"https:\/\/capellisport.eu\/wp-content\/uploads\/2019\/08\/CAPELLI-SPORT_LOGO_schwarz-auf-weiss-01-scaled.jpg\",\"width\":2560,\"height\":1440,\"caption\":\"CAPELLI SPORT Europe\"},\"image\":{\"@id\":\"https:\/\/capellisport.eu\/#\/schema\/logo\/image\/\"}},{\"@type\":\"Person\",\"@id\":\"https:\/\/capellisport.eu\/#\/schema\/person\/018dd7f04f33eb64e9cc92b221b2d370\",\"name\":\"Nick Behme\"}]}<\/script>\n<!-- \/ Yoast SEO plugin. -->","yoast_head_json":{"title":"Capelli Sport x 1.FC Schweinfurt 05 - CAPELLI SPORT Europe","robots":{"index":"index","follow":"follow","max-snippet":"max-snippet:-1","max-image-preview":"max-image-preview:large","max-video-preview":"max-video-preview:-1"},"canonical":"https:\/\/capellisport.eu\/de\/capelli-sport-x-1-fc-schweinfurt-05\/","og_locale":"de_DE","og_type":"article","og_title":"Capelli Sport x 1.FC Schweinfurt 05 - CAPELLI SPORT Europe","og_description":"Capelli X 1.FC Schweinfurt 05 Der 1. FC Schweinfurt 05 geht mit einem neuen Ausr\u00fcster in das 120-j\u00e4hrige Vereinsjubil\u00e4um. Der US-amerikanische Sportartikelhersteller Capelli Sport stattet die Schn\u00fcdel in den kommenden drei Jahren aus. Die Vereinbarung umfasst auch die Ausstattung aller Jugendmannschaften des Vereins. Innerhalb der letzten Jahre hat sich Capelli auf dem deutschen Markt etabliert. &hellip; \u201eCapelli Sport x 1.FC Schweinfurt 05\u201c weiterlesen","og_url":"https:\/\/capellisport.eu\/de\/capelli-sport-x-1-fc-schweinfurt-05\/","og_site_name":"CAPELLI SPORT Europe","article_published_time":"2024-05-16T15:15:08+00:00","og_image":[{"url":"https:\/\/capellisport.eu\/wp-content\/uploads\/2024\/05\/IMG_8636Y2x.jpg","width":1200,"height":800,"type":"image\/jpeg"}],"author":"Nick Behme","twitter_card":"summary_large_image","twitter_misc":{"Verfasst von":"Nick Behme","Gesch\u00e4tzte Lesezeit":"2\u00a0Minuten"},"schema":{"@context":"https:\/\/schema.org","@graph":[{"@type":"Article","@id":"https:\/\/capellisport.eu\/de\/capelli-sport-x-1-fc-schweinfurt-05\/#article","isPartOf":{"@id":"https:\/\/capellisport.eu\/de\/capelli-sport-x-1-fc-schweinfurt-05\/"},"author":{"name":"Nick Behme","@id":"https:\/\/capellisport.eu\/#\/schema\/person\/018dd7f04f33eb64e9cc92b221b2d370"},"headline":"Capelli Sport x 1.FC Schweinfurt 05","datePublished":"2024-05-16T15:15:08+00:00","mainEntityOfPage":{"@id":"https:\/\/capellisport.eu\/de\/capelli-sport-x-1-fc-schweinfurt-05\/"},"wordCount":325,"commentCount":0,"publisher":{"@id":"https:\/\/capellisport.eu\/#organization"},"image":{"@id":"https:\/\/capellisport.eu\/de\/capelli-sport-x-1-fc-schweinfurt-05\/#primaryimage"},"thumbnailUrl":"https:\/\/capellisport.eu\/wp-content\/uploads\/2024\/05\/IMG_8636Y2x.jpg","articleSection":["News"],"inLanguage":"de","potentialAction":[{"@type":"CommentAction","name":"Comment","target":["https:\/\/capellisport.eu\/de\/capelli-sport-x-1-fc-schweinfurt-05\/#respond"]}]},{"@type":"WebPage","@id":"https:\/\/capellisport.eu\/de\/capelli-sport-x-1-fc-schweinfurt-05\/","url":"https:\/\/capellisport.eu\/de\/capelli-sport-x-1-fc-schweinfurt-05\/","name":"Capelli Sport x 1.FC Schweinfurt 05 - CAPELLI SPORT Europe","isPartOf":{"@id":"https:\/\/capellisport.eu\/#website"},"primaryImageOfPage":{"@id":"https:\/\/capellisport.eu\/de\/capelli-sport-x-1-fc-schweinfurt-05\/#primaryimage"},"image":{"@id":"https:\/\/capellisport.eu\/de\/capelli-sport-x-1-fc-schweinfurt-05\/#primaryimage"},"thumbnailUrl":"https:\/\/capellisport.eu\/wp-content\/uploads\/2024\/05\/IMG_8636Y2x.jpg","datePublished":"2024-05-16T15:15:08+00:00","breadcrumb":{"@id":"https:\/\/capellisport.eu\/de\/capelli-sport-x-1-fc-schweinfurt-05\/#breadcrumb"},"inLanguage":"de","potentialAction":[{"@type":"ReadAction","target":["https:\/\/capellisport.eu\/de\/capelli-sport-x-1-fc-schweinfurt-05\/"]}]},{"@type":"ImageObject","inLanguage":"de","@id":"https:\/\/capellisport.eu\/de\/capelli-sport-x-1-fc-schweinfurt-05\/#primaryimage","url":"https:\/\/capellisport.eu\/wp-content\/uploads\/2024\/05\/IMG_8636Y2x.jpg","contentUrl":"https:\/\/capellisport.eu\/wp-content\/uploads\/2024\/05\/IMG_8636Y2x.jpg","width":12000,"height":8000},{"@type":"BreadcrumbList","@id":"https:\/\/capellisport.eu\/de\/capelli-sport-x-1-fc-schweinfurt-05\/#breadcrumb","itemListElement":[{"@type":"ListItem","position":1,"name":"Home","item":"https:\/\/capellisport.eu\/de\/frontpage\/"},{"@type":"ListItem","position":2,"name":"Capelli Sport x 1.FC Schweinfurt 05"}]},{"@type":"WebSite","@id":"https:\/\/capellisport.eu\/#website","url":"https:\/\/capellisport.eu\/","name":"CAPELLI SPORT Europe","description":"","publisher":{"@id":"https:\/\/capellisport.eu\/#organization"},"potentialAction":[{"@type":"SearchAction","target":{"@type":"EntryPoint","urlTemplate":"https:\/\/capellisport.eu\/?s={search_term_string}"},"query-input":{"@type":"PropertyValueSpecification","valueRequired":true,"valueName":"search_term_string"}}],"inLanguage":"de"},{"@type":"Organization","@id":"https:\/\/capellisport.eu\/#organization","name":"CAPELLI SPORT Europe","url":"https:\/\/capellisport.eu\/","logo":{"@type":"ImageObject","inLanguage":"de","@id":"https:\/\/capellisport.eu\/#\/schema\/logo\/image\/","url":"https:\/\/capellisport.eu\/wp-content\/uploads\/2019\/08\/CAPELLI-SPORT_LOGO_schwarz-auf-weiss-01-scaled.jpg","contentUrl":"https:\/\/capellisport.eu\/wp-content\/uploads\/2019\/08\/CAPELLI-SPORT_LOGO_schwarz-auf-weiss-01-scaled.jpg","width":2560,"height":1440,"caption":"CAPELLI SPORT Europe"},"image":{"@id":"https:\/\/capellisport.eu\/#\/schema\/logo\/image\/"}},{"@type":"Person","@id":"https:\/\/capellisport.eu\/#\/schema\/person\/018dd7f04f33eb64e9cc92b221b2d370","name":"Nick Behme"}]}},"_links":{"self":[{"href":"https:\/\/capellisport.eu\/de\/wp-json\/wp\/v2\/posts\/102784","targetHints":{"allow":["GET"]}}],"collection":[{"href":"https:\/\/capellisport.eu\/de\/wp-json\/wp\/v2\/posts"}],"about":[{"href":"https:\/\/capellisport.eu\/de\/wp-json\/wp\/v2\/types\/post"}],"author":[{"embeddable":true,"href":"https:\/\/capellisport.eu\/de\/wp-json\/wp\/v2\/users\/1492"}],"replies":[{"embeddable":true,"href":"https:\/\/capellisport.eu\/de\/wp-json\/wp\/v2\/comments?post=102784"}],"version-history":[{"count":1,"href":"https:\/\/capellisport.eu\/de\/wp-json\/wp\/v2\/posts\/102784\/revisions"}],"predecessor-version":[{"id":102791,"href":"https:\/\/capellisport.eu\/de\/wp-json\/wp\/v2\/posts\/102784\/revisions\/102791"}],"wp:featuredmedia":[{"embeddable":true,"href":"https:\/\/capellisport.eu\/de\/wp-json\/wp\/v2\/media\/102789"}],"wp:attachment":[{"href":"https:\/\/capellisport.eu\/de\/wp-json\/wp\/v2\/media?parent=102784"}],"wp:term":[{"taxonomy":"category","embeddable":true,"href":"https:\/\/capellisport.eu\/de\/wp-json\/wp\/v2\/categories?post=102784"},{"taxonomy":"post_tag","embeddable":true,"href":"https:\/\/capellisport.eu\/de\/wp-json\/wp\/v2\/tags?post=102784"}],"curies":[{"name":"wp","href":"https:\/\/api.w.org\/{rel}","templated":true}]}}