{"id":105445,"date":"2024-07-10T18:30:36","date_gmt":"2024-07-10T16:30:36","guid":{"rendered":"https:\/\/capellisport.eu\/?p=105445"},"modified":"2024-07-10T13:47:15","modified_gmt":"2024-07-10T11:47:15","slug":"capelli-sport-x-ratingen-04-19","status":"publish","type":"post","link":"https:\/\/capellisport.eu\/de\/capelli-sport-x-ratingen-04-19\/","title":{"rendered":"Capelli Sport x Ratingen 04\/19"},"content":{"rendered":"<h3><img loading=\"lazy\" decoding=\"async\" class=\"aligncenter wp-image-105450 \" src=\"https:\/\/capellisport.eu\/wp-content\/uploads\/2024\/07\/Header-Pressemitteilung-e1720428671771-768x241.jpg\" alt=\"\" width=\"793\" height=\"249\" srcset=\"https:\/\/capellisport.eu\/wp-content\/uploads\/2024\/07\/Header-Pressemitteilung-e1720428671771-768x241.jpg 768w, https:\/\/capellisport.eu\/wp-content\/uploads\/2024\/07\/Header-Pressemitteilung-e1720428671771-400x125.jpg 400w, https:\/\/capellisport.eu\/wp-content\/uploads\/2024\/07\/Header-Pressemitteilung-e1720428671771-750x235.jpg 750w, https:\/\/capellisport.eu\/wp-content\/uploads\/2024\/07\/Header-Pressemitteilung-e1720428671771-600x188.jpg 600w, https:\/\/capellisport.eu\/wp-content\/uploads\/2024\/07\/Header-Pressemitteilung-e1720428671771.jpg 1028w\" sizes=\"auto, (max-width: 706px) 89vw, (max-width: 767px) 82vw, 740px\" \/><\/h3>\n<h3 style=\"text-align: center;\">CAPELLI SPORT X RATINGEN 04\/19<\/h3>\n<p>Ratingen 04\/19 stellt seinen neuen Ausr\u00fcster vor. Ab der neuen Saison wird der Oberliga-Club von Capelli Sport ausger\u00fcstet. Der amerikanische Sportartikelhersteller mit Europa-Sitz in Ratingen kleidet alle Jugend und Senioren Mannschaften des Vereins mit Trikots und Teamwear aus. Die Partnerschaft wurde bis 2028 geschlossen.<\/p>\n<figure id=\"attachment_105448\" aria-describedby=\"caption-attachment-105448\" style=\"width: 768px\" class=\"wp-caption aligncenter\"><img loading=\"lazy\" decoding=\"async\" class=\"wp-image-105448 size-medium\" src=\"https:\/\/capellisport.eu\/wp-content\/uploads\/2024\/07\/IMG_94612x-1-768x512.jpg\" alt=\"\" width=\"768\" height=\"512\" srcset=\"https:\/\/capellisport.eu\/wp-content\/uploads\/2024\/07\/IMG_94612x-1-768x512.jpg 768w, https:\/\/capellisport.eu\/wp-content\/uploads\/2024\/07\/IMG_94612x-1-1200x800.jpg 1200w, https:\/\/capellisport.eu\/wp-content\/uploads\/2024\/07\/IMG_94612x-1-400x267.jpg 400w, https:\/\/capellisport.eu\/wp-content\/uploads\/2024\/07\/IMG_94612x-1-1536x1024.jpg 1536w, https:\/\/capellisport.eu\/wp-content\/uploads\/2024\/07\/IMG_94612x-1-2048x1365.jpg 2048w, https:\/\/capellisport.eu\/wp-content\/uploads\/2024\/07\/IMG_94612x-1-750x500.jpg 750w, https:\/\/capellisport.eu\/wp-content\/uploads\/2024\/07\/IMG_94612x-1-1920x1280.jpg 1920w, https:\/\/capellisport.eu\/wp-content\/uploads\/2024\/07\/IMG_94612x-1-1320x880.jpg 1320w, https:\/\/capellisport.eu\/wp-content\/uploads\/2024\/07\/IMG_94612x-1-600x400.jpg 600w\" sizes=\"auto, (max-width: 706px) 89vw, (max-width: 767px) 82vw, 740px\" \/><figcaption id=\"caption-attachment-105448\" class=\"wp-caption-text\">Von links nach rechts: Reinhold Mauermann (Jugendleitung, Ratingen 04\/19), Dennis Schmidt (Area Sales Manager, Capelli Sport), Jens Stieghorst (1.Vorsitzender, Ratingen 04\/19), Patrice Sch\u00e4fers (Betreuer Oberliga-Team, Ratingen 04\/19), Kay Mourhege (President Europe, Capelli Sport), Michael Schneider (2.Vorsitzender, Ratingen 04\/19), Jos\u00e9 Manuel Concell\u00f3n (Vereinsgesch\u00e4ftsf\u00fchrer, Ratingen 04\/19), Robert Stab (Spiel- und Trainingsbetrieb, Ratingen 04\/19)<\/figcaption><\/figure>\n<p><strong>Kay Mourhege, President Europe, Capelli Sport sagt:<\/strong> \u201eHerzlich Willkommen in der #CapelliSportFamily Ratingen 04\/19! Bereits seit vielen Jahren ist Ratingen unsere Europa-Heimat. Wir pflegen eine besondere Verbindung zu der Stadt und den Menschen. Umso mehr freut es mich, dass Ratingen 04\/19 ab der neuen Saison auf die Qualit\u00e4t und den Service von Capelli Sport vertraut. Ich bin davon \u00fcberzeugt, dass nicht nur durch die lokale N\u00e4he, diese Partnerschaft gegenseitigen Mehrwert bieten wird und wir gemeinsam wachsen werden.\u201c<\/p>\n<p><strong>Jens Stieghorst, 1.Vorsitzender, Ratingen 04\/19 sagt:<\/strong> \u201eAuch wir freuen uns auf die Zusammenarbeit mit Capelli Sport. Aufgrund der r\u00e4umlichen N\u00e4he &#8211; der Capelli-Europa-Sitz liegt ja schon seit Jahren in unmittelbarer N\u00e4he unserer Spielst\u00e4tten &#8211; waren wir bereits l\u00e4nger im Gespr\u00e4ch und haben uns jetzt auf eine l\u00e4ngerfristige Partnerschaft verst\u00e4ndigt\u201c<\/p>\n<p>&nbsp;<\/p>\n<hr \/>\n<p><strong>\u00dcber Capelli Sport<\/strong><\/p>\n<p>Capelli Sport ist eine globale Multisportmarke mit Sitz in New York City, die sich auf Mannschaftssportarten spezialisiert hat. Unsere Leidenschaft f\u00fcr die Entwicklung von Produkten, die von Lifestyle-Bekleidung bis hin zu Schuhen und Performance-Match-Kits reichen, erm\u00f6glicht es Sportlern und Teams, ihren Erfolg auf dem Spielfeld und dar\u00fcber hinaus zu maximieren. Capelli Sport unterst\u00fctzt alle Athleten durch ein einzigartiges globales Sport-\u00d6kosystem mit einem Schwerpunkt auf exzellentem Service. Erfahren Sie mehr unter capellisport.eu und finden Sie Capelli Sport auf Instagram (@CapelliSport).<\/p>\n","protected":false},"excerpt":{"rendered":"<p>CAPELLI SPORT X RATINGEN 04\/19 Ratingen 04\/19 stellt seinen neuen Ausr\u00fcster vor. Ab der neuen Saison wird der Oberliga-Club von Capelli Sport ausger\u00fcstet. Der amerikanische Sportartikelhersteller mit Europa-Sitz in Ratingen kleidet alle Jugend und Senioren Mannschaften des Vereins mit Trikots und Teamwear aus. Die Partnerschaft wurde bis 2028 geschlossen. Kay Mourhege, President Europe, Capelli Sport &hellip; <\/p>\n<p class=\"link-more\"><a href=\"https:\/\/capellisport.eu\/de\/capelli-sport-x-ratingen-04-19\/\" class=\"more-link\"><span class=\"screen-reader-text\">\u201eCapelli Sport x Ratingen 04\/19\u201c<\/span> weiterlesen<\/a><\/p>\n","protected":false},"author":1492,"featured_media":0,"comment_status":"closed","ping_status":"closed","sticky":false,"template":"","format":"standard","meta":{"_acf_changed":false,"footnotes":""},"categories":[16],"tags":[],"class_list":["post-105445","post","type-post","status-publish","format-standard","hentry","category-neuigkeiten"],"acf":[],"yoast_head":"<!-- This site is optimized with the Yoast SEO plugin v25.4 - https:\/\/yoast.com\/wordpress\/plugins\/seo\/ -->\n<title>Capelli Sport x Ratingen 04\/19 - CAPELLI SPORT Europe<\/title>\n<meta name=\"robots\" content=\"index, follow, max-snippet:-1, max-image-preview:large, max-video-preview:-1\" \/>\n<link rel=\"canonical\" href=\"https:\/\/capellisport.eu\/de\/capelli-sport-x-ratingen-04-19\/\" \/>\n<meta property=\"og:locale\" content=\"de_DE\" \/>\n<meta property=\"og:type\" content=\"article\" \/>\n<meta property=\"og:title\" content=\"Capelli Sport x Ratingen 04\/19 - CAPELLI SPORT Europe\" \/>\n<meta property=\"og:description\" content=\"CAPELLI SPORT X RATINGEN 04\/19 Ratingen 04\/19 stellt seinen neuen Ausr\u00fcster vor. Ab der neuen Saison wird der Oberliga-Club von Capelli Sport ausger\u00fcstet. Der amerikanische Sportartikelhersteller mit Europa-Sitz in Ratingen kleidet alle Jugend und Senioren Mannschaften des Vereins mit Trikots und Teamwear aus. Die Partnerschaft wurde bis 2028 geschlossen. Kay Mourhege, President Europe, Capelli Sport &hellip; \u201eCapelli Sport x Ratingen 04\/19\u201c weiterlesen\" \/>\n<meta property=\"og:url\" content=\"https:\/\/capellisport.eu\/de\/capelli-sport-x-ratingen-04-19\/\" \/>\n<meta property=\"og:site_name\" content=\"CAPELLI SPORT Europe\" \/>\n<meta property=\"article:published_time\" content=\"2024-07-10T16:30:36+00:00\" \/>\n<meta property=\"og:image\" content=\"https:\/\/capellisport.eu\/wp-content\/uploads\/2024\/07\/Header-Pressemitteilung-e1720428671771-768x241.jpg\" \/>\n<meta name=\"author\" content=\"Nick Behme\" \/>\n<meta name=\"twitter:card\" content=\"summary_large_image\" \/>\n<meta name=\"twitter:label1\" content=\"Verfasst von\" \/>\n\t<meta name=\"twitter:data1\" content=\"Nick Behme\" \/>\n\t<meta name=\"twitter:label2\" content=\"Gesch\u00e4tzte Lesezeit\" \/>\n\t<meta name=\"twitter:data2\" content=\"2\u00a0Minuten\" \/>\n<script type=\"application\/ld+json\" class=\"yoast-schema-graph\">{\"@context\":\"https:\/\/schema.org\",\"@graph\":[{\"@type\":\"Article\",\"@id\":\"https:\/\/capellisport.eu\/de\/capelli-sport-x-ratingen-04-19\/#article\",\"isPartOf\":{\"@id\":\"https:\/\/capellisport.eu\/de\/capelli-sport-x-ratingen-04-19\/\"},\"author\":{\"name\":\"Nick Behme\",\"@id\":\"https:\/\/capellisport.eu\/#\/schema\/person\/018dd7f04f33eb64e9cc92b221b2d370\"},\"headline\":\"Capelli Sport x Ratingen 04\/19\",\"datePublished\":\"2024-07-10T16:30:36+00:00\",\"mainEntityOfPage\":{\"@id\":\"https:\/\/capellisport.eu\/de\/capelli-sport-x-ratingen-04-19\/\"},\"wordCount\":330,\"publisher\":{\"@id\":\"https:\/\/capellisport.eu\/#organization\"},\"image\":{\"@id\":\"https:\/\/capellisport.eu\/de\/capelli-sport-x-ratingen-04-19\/#primaryimage\"},\"thumbnailUrl\":\"https:\/\/capellisport.eu\/wp-content\/uploads\/2024\/07\/Header-Pressemitteilung-e1720428671771-768x241.jpg\",\"articleSection\":[\"News\"],\"inLanguage\":\"de\"},{\"@type\":\"WebPage\",\"@id\":\"https:\/\/capellisport.eu\/de\/capelli-sport-x-ratingen-04-19\/\",\"url\":\"https:\/\/capellisport.eu\/de\/capelli-sport-x-ratingen-04-19\/\",\"name\":\"Capelli Sport x Ratingen 04\/19 - CAPELLI SPORT Europe\",\"isPartOf\":{\"@id\":\"https:\/\/capellisport.eu\/#website\"},\"primaryImageOfPage\":{\"@id\":\"https:\/\/capellisport.eu\/de\/capelli-sport-x-ratingen-04-19\/#primaryimage\"},\"image\":{\"@id\":\"https:\/\/capellisport.eu\/de\/capelli-sport-x-ratingen-04-19\/#primaryimage\"},\"thumbnailUrl\":\"https:\/\/capellisport.eu\/wp-content\/uploads\/2024\/07\/Header-Pressemitteilung-e1720428671771-768x241.jpg\",\"datePublished\":\"2024-07-10T16:30:36+00:00\",\"breadcrumb\":{\"@id\":\"https:\/\/capellisport.eu\/de\/capelli-sport-x-ratingen-04-19\/#breadcrumb\"},\"inLanguage\":\"de\",\"potentialAction\":[{\"@type\":\"ReadAction\",\"target\":[\"https:\/\/capellisport.eu\/de\/capelli-sport-x-ratingen-04-19\/\"]}]},{\"@type\":\"ImageObject\",\"inLanguage\":\"de\",\"@id\":\"https:\/\/capellisport.eu\/de\/capelli-sport-x-ratingen-04-19\/#primaryimage\",\"url\":\"https:\/\/capellisport.eu\/wp-content\/uploads\/2024\/07\/Header-Pressemitteilung-e1720428671771-768x241.jpg\",\"contentUrl\":\"https:\/\/capellisport.eu\/wp-content\/uploads\/2024\/07\/Header-Pressemitteilung-e1720428671771-768x241.jpg\"},{\"@type\":\"BreadcrumbList\",\"@id\":\"https:\/\/capellisport.eu\/de\/capelli-sport-x-ratingen-04-19\/#breadcrumb\",\"itemListElement\":[{\"@type\":\"ListItem\",\"position\":1,\"name\":\"Home\",\"item\":\"https:\/\/capellisport.eu\/de\/frontpage\/\"},{\"@type\":\"ListItem\",\"position\":2,\"name\":\"Capelli Sport x Ratingen 04\/19\"}]},{\"@type\":\"WebSite\",\"@id\":\"https:\/\/capellisport.eu\/#website\",\"url\":\"https:\/\/capellisport.eu\/\",\"name\":\"CAPELLI SPORT Europe\",\"description\":\"\",\"publisher\":{\"@id\":\"https:\/\/capellisport.eu\/#organization\"},\"potentialAction\":[{\"@type\":\"SearchAction\",\"target\":{\"@type\":\"EntryPoint\",\"urlTemplate\":\"https:\/\/capellisport.eu\/?s={search_term_string}\"},\"query-input\":{\"@type\":\"PropertyValueSpecification\",\"valueRequired\":true,\"valueName\":\"search_term_string\"}}],\"inLanguage\":\"de\"},{\"@type\":\"Organization\",\"@id\":\"https:\/\/capellisport.eu\/#organization\",\"name\":\"CAPELLI SPORT Europe\",\"url\":\"https:\/\/capellisport.eu\/\",\"logo\":{\"@type\":\"ImageObject\",\"inLanguage\":\"de\",\"@id\":\"https:\/\/capellisport.eu\/#\/schema\/logo\/image\/\",\"url\":\"https:\/\/capellisport.eu\/wp-content\/uploads\/2019\/08\/CAPELLI-SPORT_LOGO_schwarz-auf-weiss-01-scaled.jpg\",\"contentUrl\":\"https:\/\/capellisport.eu\/wp-content\/uploads\/2019\/08\/CAPELLI-SPORT_LOGO_schwarz-auf-weiss-01-scaled.jpg\",\"width\":2560,\"height\":1440,\"caption\":\"CAPELLI SPORT Europe\"},\"image\":{\"@id\":\"https:\/\/capellisport.eu\/#\/schema\/logo\/image\/\"}},{\"@type\":\"Person\",\"@id\":\"https:\/\/capellisport.eu\/#\/schema\/person\/018dd7f04f33eb64e9cc92b221b2d370\",\"name\":\"Nick Behme\"}]}<\/script>\n<!-- \/ Yoast SEO plugin. -->","yoast_head_json":{"title":"Capelli Sport x Ratingen 04\/19 - CAPELLI SPORT Europe","robots":{"index":"index","follow":"follow","max-snippet":"max-snippet:-1","max-image-preview":"max-image-preview:large","max-video-preview":"max-video-preview:-1"},"canonical":"https:\/\/capellisport.eu\/de\/capelli-sport-x-ratingen-04-19\/","og_locale":"de_DE","og_type":"article","og_title":"Capelli Sport x Ratingen 04\/19 - CAPELLI SPORT Europe","og_description":"CAPELLI SPORT X RATINGEN 04\/19 Ratingen 04\/19 stellt seinen neuen Ausr\u00fcster vor. Ab der neuen Saison wird der Oberliga-Club von Capelli Sport ausger\u00fcstet. Der amerikanische Sportartikelhersteller mit Europa-Sitz in Ratingen kleidet alle Jugend und Senioren Mannschaften des Vereins mit Trikots und Teamwear aus. Die Partnerschaft wurde bis 2028 geschlossen. Kay Mourhege, President Europe, Capelli Sport &hellip; \u201eCapelli Sport x Ratingen 04\/19\u201c weiterlesen","og_url":"https:\/\/capellisport.eu\/de\/capelli-sport-x-ratingen-04-19\/","og_site_name":"CAPELLI SPORT Europe","article_published_time":"2024-07-10T16:30:36+00:00","og_image":[{"url":"https:\/\/capellisport.eu\/wp-content\/uploads\/2024\/07\/Header-Pressemitteilung-e1720428671771-768x241.jpg","type":"","width":"","height":""}],"author":"Nick Behme","twitter_card":"summary_large_image","twitter_misc":{"Verfasst von":"Nick Behme","Gesch\u00e4tzte Lesezeit":"2\u00a0Minuten"},"schema":{"@context":"https:\/\/schema.org","@graph":[{"@type":"Article","@id":"https:\/\/capellisport.eu\/de\/capelli-sport-x-ratingen-04-19\/#article","isPartOf":{"@id":"https:\/\/capellisport.eu\/de\/capelli-sport-x-ratingen-04-19\/"},"author":{"name":"Nick Behme","@id":"https:\/\/capellisport.eu\/#\/schema\/person\/018dd7f04f33eb64e9cc92b221b2d370"},"headline":"Capelli Sport x Ratingen 04\/19","datePublished":"2024-07-10T16:30:36+00:00","mainEntityOfPage":{"@id":"https:\/\/capellisport.eu\/de\/capelli-sport-x-ratingen-04-19\/"},"wordCount":330,"publisher":{"@id":"https:\/\/capellisport.eu\/#organization"},"image":{"@id":"https:\/\/capellisport.eu\/de\/capelli-sport-x-ratingen-04-19\/#primaryimage"},"thumbnailUrl":"https:\/\/capellisport.eu\/wp-content\/uploads\/2024\/07\/Header-Pressemitteilung-e1720428671771-768x241.jpg","articleSection":["News"],"inLanguage":"de"},{"@type":"WebPage","@id":"https:\/\/capellisport.eu\/de\/capelli-sport-x-ratingen-04-19\/","url":"https:\/\/capellisport.eu\/de\/capelli-sport-x-ratingen-04-19\/","name":"Capelli Sport x Ratingen 04\/19 - CAPELLI SPORT Europe","isPartOf":{"@id":"https:\/\/capellisport.eu\/#website"},"primaryImageOfPage":{"@id":"https:\/\/capellisport.eu\/de\/capelli-sport-x-ratingen-04-19\/#primaryimage"},"image":{"@id":"https:\/\/capellisport.eu\/de\/capelli-sport-x-ratingen-04-19\/#primaryimage"},"thumbnailUrl":"https:\/\/capellisport.eu\/wp-content\/uploads\/2024\/07\/Header-Pressemitteilung-e1720428671771-768x241.jpg","datePublished":"2024-07-10T16:30:36+00:00","breadcrumb":{"@id":"https:\/\/capellisport.eu\/de\/capelli-sport-x-ratingen-04-19\/#breadcrumb"},"inLanguage":"de","potentialAction":[{"@type":"ReadAction","target":["https:\/\/capellisport.eu\/de\/capelli-sport-x-ratingen-04-19\/"]}]},{"@type":"ImageObject","inLanguage":"de","@id":"https:\/\/capellisport.eu\/de\/capelli-sport-x-ratingen-04-19\/#primaryimage","url":"https:\/\/capellisport.eu\/wp-content\/uploads\/2024\/07\/Header-Pressemitteilung-e1720428671771-768x241.jpg","contentUrl":"https:\/\/capellisport.eu\/wp-content\/uploads\/2024\/07\/Header-Pressemitteilung-e1720428671771-768x241.jpg"},{"@type":"BreadcrumbList","@id":"https:\/\/capellisport.eu\/de\/capelli-sport-x-ratingen-04-19\/#breadcrumb","itemListElement":[{"@type":"ListItem","position":1,"name":"Home","item":"https:\/\/capellisport.eu\/de\/frontpage\/"},{"@type":"ListItem","position":2,"name":"Capelli Sport x Ratingen 04\/19"}]},{"@type":"WebSite","@id":"https:\/\/capellisport.eu\/#website","url":"https:\/\/capellisport.eu\/","name":"CAPELLI SPORT Europe","description":"","publisher":{"@id":"https:\/\/capellisport.eu\/#organization"},"potentialAction":[{"@type":"SearchAction","target":{"@type":"EntryPoint","urlTemplate":"https:\/\/capellisport.eu\/?s={search_term_string}"},"query-input":{"@type":"PropertyValueSpecification","valueRequired":true,"valueName":"search_term_string"}}],"inLanguage":"de"},{"@type":"Organization","@id":"https:\/\/capellisport.eu\/#organization","name":"CAPELLI SPORT Europe","url":"https:\/\/capellisport.eu\/","logo":{"@type":"ImageObject","inLanguage":"de","@id":"https:\/\/capellisport.eu\/#\/schema\/logo\/image\/","url":"https:\/\/capellisport.eu\/wp-content\/uploads\/2019\/08\/CAPELLI-SPORT_LOGO_schwarz-auf-weiss-01-scaled.jpg","contentUrl":"https:\/\/capellisport.eu\/wp-content\/uploads\/2019\/08\/CAPELLI-SPORT_LOGO_schwarz-auf-weiss-01-scaled.jpg","width":2560,"height":1440,"caption":"CAPELLI SPORT Europe"},"image":{"@id":"https:\/\/capellisport.eu\/#\/schema\/logo\/image\/"}},{"@type":"Person","@id":"https:\/\/capellisport.eu\/#\/schema\/person\/018dd7f04f33eb64e9cc92b221b2d370","name":"Nick Behme"}]}},"_links":{"self":[{"href":"https:\/\/capellisport.eu\/de\/wp-json\/wp\/v2\/posts\/105445","targetHints":{"allow":["GET"]}}],"collection":[{"href":"https:\/\/capellisport.eu\/de\/wp-json\/wp\/v2\/posts"}],"about":[{"href":"https:\/\/capellisport.eu\/de\/wp-json\/wp\/v2\/types\/post"}],"author":[{"embeddable":true,"href":"https:\/\/capellisport.eu\/de\/wp-json\/wp\/v2\/users\/1492"}],"replies":[{"embeddable":true,"href":"https:\/\/capellisport.eu\/de\/wp-json\/wp\/v2\/comments?post=105445"}],"version-history":[{"count":4,"href":"https:\/\/capellisport.eu\/de\/wp-json\/wp\/v2\/posts\/105445\/revisions"}],"predecessor-version":[{"id":105711,"href":"https:\/\/capellisport.eu\/de\/wp-json\/wp\/v2\/posts\/105445\/revisions\/105711"}],"wp:attachment":[{"href":"https:\/\/capellisport.eu\/de\/wp-json\/wp\/v2\/media?parent=105445"}],"wp:term":[{"taxonomy":"category","embeddable":true,"href":"https:\/\/capellisport.eu\/de\/wp-json\/wp\/v2\/categories?post=105445"},{"taxonomy":"post_tag","embeddable":true,"href":"https:\/\/capellisport.eu\/de\/wp-json\/wp\/v2\/tags?post=105445"}],"curies":[{"name":"wp","href":"https:\/\/api.w.org\/{rel}","templated":true}]}}