{"id":69072,"date":"2022-03-11T10:55:53","date_gmt":"2022-03-11T09:55:53","guid":{"rendered":"https:\/\/capellisport.eu\/?p=69072"},"modified":"2022-03-11T10:55:53","modified_gmt":"2022-03-11T09:55:53","slug":"capelli-sport-x-fc-dordrecht","status":"publish","type":"post","link":"https:\/\/capellisport.eu\/de\/capelli-sport-x-fc-dordrecht\/","title":{"rendered":"Capelli Sport X FC Dordrecht"},"content":{"rendered":"<p><img loading=\"lazy\" decoding=\"async\" class=\"alignnone  wp-image-69201\" src=\"https:\/\/capellisport.eu\/wp-content\/uploads\/2022\/03\/FC-Dordrecht-X-CS.png\" alt=\"\" width=\"756\" height=\"214\" srcset=\"https:\/\/capellisport.eu\/wp-content\/uploads\/2022\/03\/FC-Dordrecht-X-CS.png 675w, https:\/\/capellisport.eu\/wp-content\/uploads\/2022\/03\/FC-Dordrecht-X-CS-600x170.png 600w, https:\/\/capellisport.eu\/wp-content\/uploads\/2022\/03\/FC-Dordrecht-X-CS-400x113.png 400w\" sizes=\"auto, (max-width: 706px) 89vw, (max-width: 767px) 82vw, 740px\" \/><\/p>\n<p><strong>March 01, 2022<\/strong><\/p>\n<p><strong>Capelli Sport X FC Dordrecht <\/strong><\/p>\n<p><em>Capelli Sport ist der neue Ausstatter des niederl\u00e4ndischen Zweitligisten FC Dordrecht und startet sein Engagement in den Niederlanden.<\/em><\/p>\n<p><em> <img loading=\"lazy\" decoding=\"async\" class=\"alignnone  wp-image-69199\" src=\"https:\/\/capellisport.eu\/wp-content\/uploads\/2022\/03\/Picture1.png\" alt=\"\" width=\"756\" height=\"482\" srcset=\"https:\/\/capellisport.eu\/wp-content\/uploads\/2022\/03\/Picture1.png 720w, https:\/\/capellisport.eu\/wp-content\/uploads\/2022\/03\/Picture1-600x383.png 600w, https:\/\/capellisport.eu\/wp-content\/uploads\/2022\/03\/Picture1-400x255.png 400w\" sizes=\"auto, (max-width: 706px) 89vw, (max-width: 767px) 82vw, 740px\" \/><\/em><\/p>\n<p><strong>\u00a0<\/strong>Capelli Sport ist stolz darauf, die neue Partnerschaft mit dem FC Dordrecht verk\u00fcnden zu k\u00f6nnen. Seit Beginn des Jahres 2022 wird die Spiel- und Trainingsbekleidung des niederl\u00e4ndischen Zweitligisten und dessen Jugendakademie exklusiv von Capelli Sport gestellt. Das Vertrauen beider Parteien in die Partnerschaft spiegelt sich in der langfristigen Vertragslaufzeit von 5,5 Jahren wieder. Der FC Dordrecht ist der erste Verein in den Niederlanden der in Capelli Sport Trikots aufl\u00e4uft.<\/p>\n<p>Im Laufe seiner Geschichte konnte der FC Dordrecht seit seiner Gr\u00fcndung im Jahr 1972 mehrfach den Aufstieg in die Eredivisie feiern. Momentan ist der Verein in der Eerste Divisie, der zweith\u00f6chsten Spielklasse in den Niederlanden aktiv. Nachdem das Heimtrikot, in den traditionellen Vereinsfarben gr\u00fcn und wei\u00df, bereits am 07. Januar mit einem Sieg im Ligaspiel gegen Helmond Sport vorgestellt wurde, feierte das graue Ausw\u00e4rtstrikot einen Monat sp\u00e4ter sein Deb\u00fct im Spiel gegen den BV De Graafschap.<\/p>\n<p>Capelli Sport freut sich sein Netzwerk im europ\u00e4ischen Fu\u00dfball mit dem Engagement beim FC Dordrecht weiter ausbauen zu k\u00f6nnen. Gemeinsam mit dem FC Dordrecht will Capelli Sport auf sportlicher, wirtschaftlicher und sozialer Ebene mehr erreichen \u2013 f\u00fcr den Verein, die Stadt und die Region.<\/p>\n<p>&nbsp;<\/p>\n<p><strong>Pr\u00e4sident von Capelli Sport Europa, Kay Mourheg sagt:<\/strong><\/p>\n<p>\u201cWir freuen uns sehr, dass wir mit dem FC Dordrecht auch endlich einen niederl\u00e4ndischen Verein in der Capelli Sport Familie begr\u00fc\u00dfen d\u00fcrfen. Der FC Dordrecht spielt Fu\u00dfball mit Wiedererkennungswert und blieb sich in seiner langen Historie immer selbst treu. Die \u00fcbereinstimmenden Wertvorstellungen und Visionen sowie die sehr vertrauensvollen Gespr\u00e4che im Vorfeld der Partnerschaft, stimmen uns sehr positiv f\u00fcr die Zukunft und die gemeinsame Zusammenarbeit.\u201c<\/p>\n<p>&nbsp;<\/p>\n<p><strong>FC Dordrecht General Manager, Hans de Zeeuw sagt:<\/strong><\/p>\n<p>\u201cDer Name Capelli Sport steht f\u00fcr hohe Qualit\u00e4t. F\u00fcr den FC Dordrecht ist es wichtig zuverl\u00e4ssige Partner an seiner Seite zu haben. In den Gespr\u00e4chen haben wir dieses Vertrauen gesp\u00fcrt und sind begeistert von der Zusammenarbeit.\u00a0Mit Capelli Sport haben wir nicht nur einen guten Ausstatter, sondern auch einen nachhaltigen Partner, der zum Verein und der Region passt.\u201d<\/p>\n<p><strong>\u00a0<\/strong><\/p>\n<p><strong>\u00dcber Capelli Sport <\/strong><\/p>\n<p>Capelli Sport wurde 2011 in der Mode-Metropole New York City gegr\u00fcndet. Als weltweit agierende Sport und Lifestyle Marke steht Capelli Sport f\u00fcr hohe Funktionalit\u00e4t, Qualit\u00e4t und individuellen Service im Profi- und Amateursport.<\/p>\n<p>Capelli Sport \u00fcberzeugt mit erstklassiger Sportbekleidung, professionellem Equipment und trendigen Lifestyle Produkten und ist als Ausr\u00fcster und verl\u00e4sslicher Partner von Sportlern und Vereinen international etabliert.<\/p>\n<p>Zur Unternehmensphilosophie geh\u00f6rt, dass das Engagement und die F\u00f6rderung im Jugend- und Amateursport ebenso wichtig ist, wie die erfolgreiche Zusammenarbeit mit Profiklubs aus den nationalen und internationalen Ligen.<\/p>\n<p>Erfahren Sie mehr unter <a href=\"https:\/\/capellisport.eu\/\">capellisport.eu<\/a> und finden Sie Capelli Sport auf Twitter (<a href=\"https:\/\/twitter.com\/capellisport?lang=de\">@capellisport<\/a>) und Instagram (<a href=\"https:\/\/www.instagram.com\/capellisport\/\">@capellisport<\/a>), oder besuchen Sie die Capelli Sport Facebook-Seite (<a href=\"https:\/\/www.facebook.com\/CapelliSport\/\">@CapelliSport<\/a>).<\/p>\n<p>&nbsp;<\/p>\n","protected":false},"excerpt":{"rendered":"<p>March 01, 2022 Capelli Sport X FC Dordrecht Capelli Sport ist der neue Ausstatter des niederl\u00e4ndischen Zweitligisten FC Dordrecht und startet sein Engagement in den Niederlanden. \u00a0Capelli Sport ist stolz darauf, die neue Partnerschaft mit dem FC Dordrecht verk\u00fcnden zu k\u00f6nnen. Seit Beginn des Jahres 2022 wird die Spiel- und Trainingsbekleidung des niederl\u00e4ndischen Zweitligisten und &hellip; <\/p>\n<p class=\"link-more\"><a href=\"https:\/\/capellisport.eu\/de\/capelli-sport-x-fc-dordrecht\/\" class=\"more-link\"><span class=\"screen-reader-text\">\u201eCapelli Sport X FC Dordrecht\u201c<\/span> weiterlesen<\/a><\/p>\n","protected":false},"author":2,"featured_media":69199,"comment_status":"open","ping_status":"closed","sticky":false,"template":"","format":"standard","meta":{"_acf_changed":false,"footnotes":""},"categories":[16],"tags":[],"class_list":["post-69072","post","type-post","status-publish","format-standard","has-post-thumbnail","hentry","category-neuigkeiten"],"acf":[],"yoast_head":"<!-- This site is optimized with the Yoast SEO plugin v25.4 - https:\/\/yoast.com\/wordpress\/plugins\/seo\/ -->\n<title>Capelli Sport X FC Dordrecht - CAPELLI SPORT Europe<\/title>\n<meta name=\"robots\" content=\"index, follow, max-snippet:-1, max-image-preview:large, max-video-preview:-1\" \/>\n<link rel=\"canonical\" href=\"https:\/\/capellisport.eu\/de\/capelli-sport-x-fc-dordrecht\/\" \/>\n<meta property=\"og:locale\" content=\"de_DE\" \/>\n<meta property=\"og:type\" content=\"article\" \/>\n<meta property=\"og:title\" content=\"Capelli Sport X FC Dordrecht - CAPELLI SPORT Europe\" \/>\n<meta property=\"og:description\" content=\"March 01, 2022 Capelli Sport X FC Dordrecht Capelli Sport ist der neue Ausstatter des niederl\u00e4ndischen Zweitligisten FC Dordrecht und startet sein Engagement in den Niederlanden. \u00a0Capelli Sport ist stolz darauf, die neue Partnerschaft mit dem FC Dordrecht verk\u00fcnden zu k\u00f6nnen. Seit Beginn des Jahres 2022 wird die Spiel- und Trainingsbekleidung des niederl\u00e4ndischen Zweitligisten und &hellip; \u201eCapelli Sport X FC Dordrecht\u201c weiterlesen\" \/>\n<meta property=\"og:url\" content=\"https:\/\/capellisport.eu\/de\/capelli-sport-x-fc-dordrecht\/\" \/>\n<meta property=\"og:site_name\" content=\"CAPELLI SPORT Europe\" \/>\n<meta property=\"article:published_time\" content=\"2022-03-11T09:55:53+00:00\" \/>\n<meta property=\"og:image\" content=\"https:\/\/capellisport.eu\/wp-content\/uploads\/2022\/03\/Picture1.png\" \/>\n\t<meta property=\"og:image:width\" content=\"720\" \/>\n\t<meta property=\"og:image:height\" content=\"459\" \/>\n\t<meta property=\"og:image:type\" content=\"image\/png\" \/>\n<meta name=\"author\" content=\"dario\" \/>\n<meta name=\"twitter:card\" content=\"summary_large_image\" \/>\n<meta name=\"twitter:label1\" content=\"Verfasst von\" \/>\n\t<meta name=\"twitter:data1\" content=\"dario\" \/>\n\t<meta name=\"twitter:label2\" content=\"Gesch\u00e4tzte Lesezeit\" \/>\n\t<meta name=\"twitter:data2\" content=\"3\u00a0Minuten\" \/>\n<script type=\"application\/ld+json\" class=\"yoast-schema-graph\">{\"@context\":\"https:\/\/schema.org\",\"@graph\":[{\"@type\":\"Article\",\"@id\":\"https:\/\/capellisport.eu\/de\/capelli-sport-x-fc-dordrecht\/#article\",\"isPartOf\":{\"@id\":\"https:\/\/capellisport.eu\/de\/capelli-sport-x-fc-dordrecht\/\"},\"author\":{\"name\":\"dario\",\"@id\":\"https:\/\/capellisport.eu\/#\/schema\/person\/f4da746593d1fbde40aede8375ff40e5\"},\"headline\":\"Capelli Sport X FC Dordrecht\",\"datePublished\":\"2022-03-11T09:55:53+00:00\",\"mainEntityOfPage\":{\"@id\":\"https:\/\/capellisport.eu\/de\/capelli-sport-x-fc-dordrecht\/\"},\"wordCount\":502,\"commentCount\":0,\"publisher\":{\"@id\":\"https:\/\/capellisport.eu\/#organization\"},\"image\":{\"@id\":\"https:\/\/capellisport.eu\/de\/capelli-sport-x-fc-dordrecht\/#primaryimage\"},\"thumbnailUrl\":\"https:\/\/capellisport.eu\/wp-content\/uploads\/2022\/03\/Picture1.png\",\"articleSection\":[\"News\"],\"inLanguage\":\"de\",\"potentialAction\":[{\"@type\":\"CommentAction\",\"name\":\"Comment\",\"target\":[\"https:\/\/capellisport.eu\/de\/capelli-sport-x-fc-dordrecht\/#respond\"]}]},{\"@type\":\"WebPage\",\"@id\":\"https:\/\/capellisport.eu\/de\/capelli-sport-x-fc-dordrecht\/\",\"url\":\"https:\/\/capellisport.eu\/de\/capelli-sport-x-fc-dordrecht\/\",\"name\":\"Capelli Sport X FC Dordrecht - CAPELLI SPORT Europe\",\"isPartOf\":{\"@id\":\"https:\/\/capellisport.eu\/#website\"},\"primaryImageOfPage\":{\"@id\":\"https:\/\/capellisport.eu\/de\/capelli-sport-x-fc-dordrecht\/#primaryimage\"},\"image\":{\"@id\":\"https:\/\/capellisport.eu\/de\/capelli-sport-x-fc-dordrecht\/#primaryimage\"},\"thumbnailUrl\":\"https:\/\/capellisport.eu\/wp-content\/uploads\/2022\/03\/Picture1.png\",\"datePublished\":\"2022-03-11T09:55:53+00:00\",\"breadcrumb\":{\"@id\":\"https:\/\/capellisport.eu\/de\/capelli-sport-x-fc-dordrecht\/#breadcrumb\"},\"inLanguage\":\"de\",\"potentialAction\":[{\"@type\":\"ReadAction\",\"target\":[\"https:\/\/capellisport.eu\/de\/capelli-sport-x-fc-dordrecht\/\"]}]},{\"@type\":\"ImageObject\",\"inLanguage\":\"de\",\"@id\":\"https:\/\/capellisport.eu\/de\/capelli-sport-x-fc-dordrecht\/#primaryimage\",\"url\":\"https:\/\/capellisport.eu\/wp-content\/uploads\/2022\/03\/Picture1.png\",\"contentUrl\":\"https:\/\/capellisport.eu\/wp-content\/uploads\/2022\/03\/Picture1.png\",\"width\":720,\"height\":459},{\"@type\":\"BreadcrumbList\",\"@id\":\"https:\/\/capellisport.eu\/de\/capelli-sport-x-fc-dordrecht\/#breadcrumb\",\"itemListElement\":[{\"@type\":\"ListItem\",\"position\":1,\"name\":\"Home\",\"item\":\"https:\/\/capellisport.eu\/de\/frontpage\/\"},{\"@type\":\"ListItem\",\"position\":2,\"name\":\"Capelli Sport X FC Dordrecht\"}]},{\"@type\":\"WebSite\",\"@id\":\"https:\/\/capellisport.eu\/#website\",\"url\":\"https:\/\/capellisport.eu\/\",\"name\":\"CAPELLI SPORT Europe\",\"description\":\"\",\"publisher\":{\"@id\":\"https:\/\/capellisport.eu\/#organization\"},\"potentialAction\":[{\"@type\":\"SearchAction\",\"target\":{\"@type\":\"EntryPoint\",\"urlTemplate\":\"https:\/\/capellisport.eu\/?s={search_term_string}\"},\"query-input\":{\"@type\":\"PropertyValueSpecification\",\"valueRequired\":true,\"valueName\":\"search_term_string\"}}],\"inLanguage\":\"de\"},{\"@type\":\"Organization\",\"@id\":\"https:\/\/capellisport.eu\/#organization\",\"name\":\"CAPELLI SPORT Europe\",\"url\":\"https:\/\/capellisport.eu\/\",\"logo\":{\"@type\":\"ImageObject\",\"inLanguage\":\"de\",\"@id\":\"https:\/\/capellisport.eu\/#\/schema\/logo\/image\/\",\"url\":\"https:\/\/capellisport.eu\/wp-content\/uploads\/2019\/08\/CAPELLI-SPORT_LOGO_schwarz-auf-weiss-01-scaled.jpg\",\"contentUrl\":\"https:\/\/capellisport.eu\/wp-content\/uploads\/2019\/08\/CAPELLI-SPORT_LOGO_schwarz-auf-weiss-01-scaled.jpg\",\"width\":2560,\"height\":1440,\"caption\":\"CAPELLI SPORT Europe\"},\"image\":{\"@id\":\"https:\/\/capellisport.eu\/#\/schema\/logo\/image\/\"}},{\"@type\":\"Person\",\"@id\":\"https:\/\/capellisport.eu\/#\/schema\/person\/f4da746593d1fbde40aede8375ff40e5\",\"name\":\"dario\"}]}<\/script>\n<!-- \/ Yoast SEO plugin. -->","yoast_head_json":{"title":"Capelli Sport X FC Dordrecht - CAPELLI SPORT Europe","robots":{"index":"index","follow":"follow","max-snippet":"max-snippet:-1","max-image-preview":"max-image-preview:large","max-video-preview":"max-video-preview:-1"},"canonical":"https:\/\/capellisport.eu\/de\/capelli-sport-x-fc-dordrecht\/","og_locale":"de_DE","og_type":"article","og_title":"Capelli Sport X FC Dordrecht - CAPELLI SPORT Europe","og_description":"March 01, 2022 Capelli Sport X FC Dordrecht Capelli Sport ist der neue Ausstatter des niederl\u00e4ndischen Zweitligisten FC Dordrecht und startet sein Engagement in den Niederlanden. \u00a0Capelli Sport ist stolz darauf, die neue Partnerschaft mit dem FC Dordrecht verk\u00fcnden zu k\u00f6nnen. Seit Beginn des Jahres 2022 wird die Spiel- und Trainingsbekleidung des niederl\u00e4ndischen Zweitligisten und &hellip; \u201eCapelli Sport X FC Dordrecht\u201c weiterlesen","og_url":"https:\/\/capellisport.eu\/de\/capelli-sport-x-fc-dordrecht\/","og_site_name":"CAPELLI SPORT Europe","article_published_time":"2022-03-11T09:55:53+00:00","og_image":[{"width":720,"height":459,"url":"https:\/\/capellisport.eu\/wp-content\/uploads\/2022\/03\/Picture1.png","type":"image\/png"}],"author":"dario","twitter_card":"summary_large_image","twitter_misc":{"Verfasst von":"dario","Gesch\u00e4tzte Lesezeit":"3\u00a0Minuten"},"schema":{"@context":"https:\/\/schema.org","@graph":[{"@type":"Article","@id":"https:\/\/capellisport.eu\/de\/capelli-sport-x-fc-dordrecht\/#article","isPartOf":{"@id":"https:\/\/capellisport.eu\/de\/capelli-sport-x-fc-dordrecht\/"},"author":{"name":"dario","@id":"https:\/\/capellisport.eu\/#\/schema\/person\/f4da746593d1fbde40aede8375ff40e5"},"headline":"Capelli Sport X FC Dordrecht","datePublished":"2022-03-11T09:55:53+00:00","mainEntityOfPage":{"@id":"https:\/\/capellisport.eu\/de\/capelli-sport-x-fc-dordrecht\/"},"wordCount":502,"commentCount":0,"publisher":{"@id":"https:\/\/capellisport.eu\/#organization"},"image":{"@id":"https:\/\/capellisport.eu\/de\/capelli-sport-x-fc-dordrecht\/#primaryimage"},"thumbnailUrl":"https:\/\/capellisport.eu\/wp-content\/uploads\/2022\/03\/Picture1.png","articleSection":["News"],"inLanguage":"de","potentialAction":[{"@type":"CommentAction","name":"Comment","target":["https:\/\/capellisport.eu\/de\/capelli-sport-x-fc-dordrecht\/#respond"]}]},{"@type":"WebPage","@id":"https:\/\/capellisport.eu\/de\/capelli-sport-x-fc-dordrecht\/","url":"https:\/\/capellisport.eu\/de\/capelli-sport-x-fc-dordrecht\/","name":"Capelli Sport X FC Dordrecht - CAPELLI SPORT Europe","isPartOf":{"@id":"https:\/\/capellisport.eu\/#website"},"primaryImageOfPage":{"@id":"https:\/\/capellisport.eu\/de\/capelli-sport-x-fc-dordrecht\/#primaryimage"},"image":{"@id":"https:\/\/capellisport.eu\/de\/capelli-sport-x-fc-dordrecht\/#primaryimage"},"thumbnailUrl":"https:\/\/capellisport.eu\/wp-content\/uploads\/2022\/03\/Picture1.png","datePublished":"2022-03-11T09:55:53+00:00","breadcrumb":{"@id":"https:\/\/capellisport.eu\/de\/capelli-sport-x-fc-dordrecht\/#breadcrumb"},"inLanguage":"de","potentialAction":[{"@type":"ReadAction","target":["https:\/\/capellisport.eu\/de\/capelli-sport-x-fc-dordrecht\/"]}]},{"@type":"ImageObject","inLanguage":"de","@id":"https:\/\/capellisport.eu\/de\/capelli-sport-x-fc-dordrecht\/#primaryimage","url":"https:\/\/capellisport.eu\/wp-content\/uploads\/2022\/03\/Picture1.png","contentUrl":"https:\/\/capellisport.eu\/wp-content\/uploads\/2022\/03\/Picture1.png","width":720,"height":459},{"@type":"BreadcrumbList","@id":"https:\/\/capellisport.eu\/de\/capelli-sport-x-fc-dordrecht\/#breadcrumb","itemListElement":[{"@type":"ListItem","position":1,"name":"Home","item":"https:\/\/capellisport.eu\/de\/frontpage\/"},{"@type":"ListItem","position":2,"name":"Capelli Sport X FC Dordrecht"}]},{"@type":"WebSite","@id":"https:\/\/capellisport.eu\/#website","url":"https:\/\/capellisport.eu\/","name":"CAPELLI SPORT Europe","description":"","publisher":{"@id":"https:\/\/capellisport.eu\/#organization"},"potentialAction":[{"@type":"SearchAction","target":{"@type":"EntryPoint","urlTemplate":"https:\/\/capellisport.eu\/?s={search_term_string}"},"query-input":{"@type":"PropertyValueSpecification","valueRequired":true,"valueName":"search_term_string"}}],"inLanguage":"de"},{"@type":"Organization","@id":"https:\/\/capellisport.eu\/#organization","name":"CAPELLI SPORT Europe","url":"https:\/\/capellisport.eu\/","logo":{"@type":"ImageObject","inLanguage":"de","@id":"https:\/\/capellisport.eu\/#\/schema\/logo\/image\/","url":"https:\/\/capellisport.eu\/wp-content\/uploads\/2019\/08\/CAPELLI-SPORT_LOGO_schwarz-auf-weiss-01-scaled.jpg","contentUrl":"https:\/\/capellisport.eu\/wp-content\/uploads\/2019\/08\/CAPELLI-SPORT_LOGO_schwarz-auf-weiss-01-scaled.jpg","width":2560,"height":1440,"caption":"CAPELLI SPORT Europe"},"image":{"@id":"https:\/\/capellisport.eu\/#\/schema\/logo\/image\/"}},{"@type":"Person","@id":"https:\/\/capellisport.eu\/#\/schema\/person\/f4da746593d1fbde40aede8375ff40e5","name":"dario"}]}},"_links":{"self":[{"href":"https:\/\/capellisport.eu\/de\/wp-json\/wp\/v2\/posts\/69072","targetHints":{"allow":["GET"]}}],"collection":[{"href":"https:\/\/capellisport.eu\/de\/wp-json\/wp\/v2\/posts"}],"about":[{"href":"https:\/\/capellisport.eu\/de\/wp-json\/wp\/v2\/types\/post"}],"author":[{"embeddable":true,"href":"https:\/\/capellisport.eu\/de\/wp-json\/wp\/v2\/users\/2"}],"replies":[{"embeddable":true,"href":"https:\/\/capellisport.eu\/de\/wp-json\/wp\/v2\/comments?post=69072"}],"version-history":[{"count":2,"href":"https:\/\/capellisport.eu\/de\/wp-json\/wp\/v2\/posts\/69072\/revisions"}],"predecessor-version":[{"id":69224,"href":"https:\/\/capellisport.eu\/de\/wp-json\/wp\/v2\/posts\/69072\/revisions\/69224"}],"wp:featuredmedia":[{"embeddable":true,"href":"https:\/\/capellisport.eu\/de\/wp-json\/wp\/v2\/media\/69199"}],"wp:attachment":[{"href":"https:\/\/capellisport.eu\/de\/wp-json\/wp\/v2\/media?parent=69072"}],"wp:term":[{"taxonomy":"category","embeddable":true,"href":"https:\/\/capellisport.eu\/de\/wp-json\/wp\/v2\/categories?post=69072"},{"taxonomy":"post_tag","embeddable":true,"href":"https:\/\/capellisport.eu\/de\/wp-json\/wp\/v2\/tags?post=69072"}],"curies":[{"name":"wp","href":"https:\/\/api.w.org\/{rel}","templated":true}]}}