{"id":69080,"date":"2022-03-14T10:02:46","date_gmt":"2022-03-14T09:02:46","guid":{"rendered":"https:\/\/capellisport.eu\/?p=69080"},"modified":"2022-03-14T10:02:46","modified_gmt":"2022-03-14T09:02:46","slug":"capelli-sport-x-f91-duedelingen","status":"publish","type":"post","link":"https:\/\/capellisport.eu\/de\/capelli-sport-x-f91-duedelingen\/","title":{"rendered":"Capelli Sport X F91 D\u00fcdelingen"},"content":{"rendered":"<p><img loading=\"lazy\" decoding=\"async\" class=\"alignnone size-medium wp-image-69340\" src=\"https:\/\/capellisport.eu\/wp-content\/uploads\/2022\/03\/CS-X-Dudelingen-768x186.png\" alt=\"\" width=\"768\" height=\"186\" srcset=\"https:\/\/capellisport.eu\/wp-content\/uploads\/2022\/03\/CS-X-Dudelingen-768x186.png 768w, https:\/\/capellisport.eu\/wp-content\/uploads\/2022\/03\/CS-X-Dudelingen-600x145.png 600w, https:\/\/capellisport.eu\/wp-content\/uploads\/2022\/03\/CS-X-Dudelingen-400x97.png 400w, https:\/\/capellisport.eu\/wp-content\/uploads\/2022\/03\/CS-X-Dudelingen-750x181.png 750w, https:\/\/capellisport.eu\/wp-content\/uploads\/2022\/03\/CS-X-Dudelingen.png 773w\" sizes=\"auto, (max-width: 706px) 89vw, (max-width: 767px) 82vw, 740px\" \/><\/p>\n<p><strong>14. M\u00e4rz, 2022<\/strong><\/p>\n<p><strong>Capelli Sport X F91 D\u00fcdelingen <\/strong><\/p>\n<p><em>Capelli Sport erweitert sein Engagement im europ\u00e4ischen Profifu\u00dfball und verk\u00fcndet neue Partnerschaft mit dem luxemburgischen Erstligisten F91 D\u00fcdelingen.<\/em><\/p>\n<figure id=\"attachment_69338\" aria-describedby=\"caption-attachment-69338\" style=\"width: 768px\" class=\"wp-caption alignnone\"><img loading=\"lazy\" decoding=\"async\" class=\"wp-image-69338 size-medium\" src=\"https:\/\/capellisport.eu\/wp-content\/uploads\/2022\/03\/Dudelingen-768x405.jpg\" alt=\"\" width=\"768\" height=\"405\" srcset=\"https:\/\/capellisport.eu\/wp-content\/uploads\/2022\/03\/Dudelingen-768x405.jpg 768w, https:\/\/capellisport.eu\/wp-content\/uploads\/2022\/03\/Dudelingen-600x316.jpg 600w, https:\/\/capellisport.eu\/wp-content\/uploads\/2022\/03\/Dudelingen-1200x633.jpg 1200w, https:\/\/capellisport.eu\/wp-content\/uploads\/2022\/03\/Dudelingen-400x211.jpg 400w, https:\/\/capellisport.eu\/wp-content\/uploads\/2022\/03\/Dudelingen-1536x810.jpg 1536w, https:\/\/capellisport.eu\/wp-content\/uploads\/2022\/03\/Dudelingen-750x395.jpg 750w, https:\/\/capellisport.eu\/wp-content\/uploads\/2022\/03\/Dudelingen.jpg 1650w\" sizes=\"auto, (max-width: 706px) 89vw, (max-width: 767px) 82vw, 740px\" \/><figcaption id=\"caption-attachment-69338\" class=\"wp-caption-text\">V. l. n. r.: Ivan Cacao (Jugendleiter), Nadia Martini (Generalsekret\u00e4rin), Luca Beck (Area Sales Manager, Capelli Sport), Jean Paul Espen (Vizepr\u00e4sident), Kay Mourheg (Europa Pr\u00e4sident, Capelli Sport), Manou Goergen (Sportdirektor) Foto: Nico Herbertz<\/figcaption><\/figure>\n<p>Capelli Sport und der F91 D\u00fcdelingen starten in eine neue Zusammenarbeit. Der Teamsportspezialist ist sehr gl\u00fccklich dar\u00fcber, dass er mit dem F91 D\u00fcdelingen seinen ersten Partner aus Luxemburg gewinnen konnte und somit sein Engagement im europ\u00e4ischen Profi-Fu\u00dfball weiter ausbauen konnte. Die Partnerschaft ist zun\u00e4chst auf drei Jahre datiert. Sowohl die Herren- und Jugendmannschaften des ehemaligen luxemburgischen Meisters werden zuk\u00fcnftig von Capelli Sport ausgestattet.<\/p>\n<p>Aus der Fusion der Vereine Alliance D\u00fcdelingen, CS le Stade D\u00fcdelingen und US D\u00fcdelingen entstand im Jahr 1991 der F91 D\u00fcdelingen. Mit insgesamt 15 gewonnenen Meisterschaften in den letzten 22 Jahren, pr\u00e4gte dieser seit der Jahrhundertwende den luxemburgischen Fu\u00dfball wie kein Zweiter. Auf internationaler B\u00fchne bestritt der Verein aus D\u00fcdelingen bereits Spiele gegen renommierte Gegner wie den AC Mailand und den FC Sevilla.<\/p>\n<p>Sowohl Capelli Sport wie auch der F91 D\u00fcdelingen sehen in der Zusammenarbeit mehr als nur ein klassisches Ausr\u00fcsterengagement und verstehen sich vielmehr als strategische Partner, die gemeinsam in die Zukunft blicken. Capelli Sport wird dem Verein zuk\u00fcnftig bei weitreichenden Themen beratend zur Seite stehen. Dieses vielschichtige Angebot ist ein absolutes Alleinstellungsmerkmal auf dem Markt.<\/p>\n<p>&nbsp;<\/p>\n<p><strong>Pr\u00e4sident von Capelli Sport Europa, Kay Mourheg sagt:<\/strong><\/p>\n<p>\u201eDer F91 D\u00fcdelingen steht f\u00fcr erfolgreichen und ansehnlichen Fu\u00dfball. Es macht uns sehr gl\u00fccklich, dass wir sie als Partner gewinnen konnten. Besonders stolz macht uns, als Marke, dass wir unser erstes Engagement in Luxemburg perfekt machen konnten und somit unsere Pr\u00e4senz im europ\u00e4ischen Profi-Fu\u00dfball weiter ausbauen k\u00f6nnen. Ich bedanke mich herzlich bei den Verantwortlichen des F91 D\u00fcdelingen f\u00fcr die konstruktiven Gespr\u00e4che im Vorfeld. Wir sind davon \u00fcberzeugt, dass wir die Zukunft gemeinsam als Partner erfolgreich gestalten k\u00f6nnen und freuen uns auf die Zusammenarbeit.\u201c<\/p>\n<p>&nbsp;<\/p>\n<p><strong>Area Sales Manager Capelli Sport, Luca Beck sagt:<\/strong><\/p>\n<p>\u201eIch pers\u00f6nlich bin sehr gl\u00fccklich dar\u00fcber, dass wir den Deal nun perfekt machen konnten. F\u00fcr mich war bereits nach den ersten Gespr\u00e4chen klar \u2013 Capelli Sport und der F91 D\u00fcdelingen, das passt. Die Partnerschaft stellt f\u00fcr Capelli Sport den perfekten Eintritt in den luxemburgischen Fu\u00dfball dar. Der F91 D\u00fcdelingen hat die BGL Ligue in den letzten 20 Jahren dominiert. Neben der Zusammenarbeit mit einem der erfolgreichsten luxemburgischen Fu\u00dfball Teams aller Zeiten, versprechen wir uns von der Partnerschaft eine deutlich h\u00f6here Pr\u00e4senz im Teamsport Segment in Luxemburg, sowohl im Profi- wie auch im Amateurbereich.\u201c<\/p>\n<p>&nbsp;<\/p>\n<p><strong>Sportdirektor, Manou Goergen sagt:<\/strong><\/p>\n<p>\u201eDer Verwaltungsrat des F91 D\u00fcdelingen ist sehr froh mit Capelli Sport einen langfristigen Vertrag abgeschlossen zu haben und von ihrer langj\u00e4hrigen und internationalen Erfahrung im Profifu\u00dfball profitieren zu k\u00f6nnen. Wir sehen Capelli Sport nicht nur als Ausr\u00fcster, sondern als strategischen Partner der unserem Verein in Zukunft in weitreichenden Themen beratend zur Seite stehen wird. Wir bedanken uns bei den Capelli Sport Verantwortlichen \u2013 vor allem Kay Mourheg, Martin Przondziono und Luca Beck \u2013 f\u00fcr die sehr offenen und vertrauensvollen Gespr\u00e4che \u00fcber die letzten Wochen und blicken optimistisch einer erfolgreichen Partnerschaft entgegen.\u201d<\/p>\n<p><strong>\u00a0<\/strong><\/p>\n<p><strong>\u00dcber Capelli Sport <\/strong><\/p>\n<p>Capelli Sport wurde 2011 in der Mode-Metropole New York City gegr\u00fcndet. Als weltweit agierende Sport und Lifestyle Marke steht Capelli Sport f\u00fcr hohe Funktionalit\u00e4t, Qualit\u00e4t und individuellen Service im Profi- und Amateursport.<\/p>\n<p>Capelli Sport \u00fcberzeugt mit erstklassiger Sportbekleidung, professionellem Equipment und trendigen Lifestyle Produkten und ist als Ausr\u00fcster und verl\u00e4sslicher Partner von Sportlern und Vereinen international etabliert.<\/p>\n<p>Zur Unternehmensphilosophie geh\u00f6rt, dass das Engagement und die F\u00f6rderung im Jugend- und Amateursport ebenso wichtig ist, wie die erfolgreiche Zusammenarbeit mit Profiklubs aus den nationalen und internationalen Ligen.<\/p>\n<p>Erfahren Sie mehr unter <a href=\"https:\/\/capellisport.eu\/\">capellisport.eu<\/a> und finden Sie Capelli Sport auf Twitter (<a href=\"https:\/\/twitter.com\/capellisport?lang=de\">@capellisport<\/a>) und Instagram (<a href=\"https:\/\/www.instagram.com\/capellisport\/\">@capellisport<\/a>), oder besuchen Sie die Capelli Sport Facebook-Seite (<a href=\"https:\/\/www.facebook.com\/CapelliSport\/\">@CapelliSport<\/a>).<\/p>\n","protected":false},"excerpt":{"rendered":"<p>14. M\u00e4rz, 2022 Capelli Sport X F91 D\u00fcdelingen Capelli Sport erweitert sein Engagement im europ\u00e4ischen Profifu\u00dfball und verk\u00fcndet neue Partnerschaft mit dem luxemburgischen Erstligisten F91 D\u00fcdelingen. Capelli Sport und der F91 D\u00fcdelingen starten in eine neue Zusammenarbeit. Der Teamsportspezialist ist sehr gl\u00fccklich dar\u00fcber, dass er mit dem F91 D\u00fcdelingen seinen ersten Partner aus Luxemburg gewinnen &hellip; <\/p>\n<p class=\"link-more\"><a href=\"https:\/\/capellisport.eu\/de\/capelli-sport-x-f91-duedelingen\/\" class=\"more-link\"><span class=\"screen-reader-text\">\u201eCapelli Sport X F91 D\u00fcdelingen\u201c<\/span> weiterlesen<\/a><\/p>\n","protected":false},"author":2,"featured_media":69338,"comment_status":"open","ping_status":"closed","sticky":false,"template":"","format":"standard","meta":{"_acf_changed":false,"footnotes":""},"categories":[16],"tags":[],"class_list":["post-69080","post","type-post","status-publish","format-standard","has-post-thumbnail","hentry","category-neuigkeiten"],"acf":[],"yoast_head":"<!-- This site is optimized with the Yoast SEO plugin v25.4 - https:\/\/yoast.com\/wordpress\/plugins\/seo\/ -->\n<title>Capelli Sport X F91 D\u00fcdelingen - CAPELLI SPORT Europe<\/title>\n<meta name=\"robots\" content=\"index, follow, max-snippet:-1, max-image-preview:large, max-video-preview:-1\" \/>\n<link rel=\"canonical\" href=\"https:\/\/capellisport.eu\/de\/capelli-sport-x-f91-duedelingen\/\" \/>\n<meta property=\"og:locale\" content=\"de_DE\" \/>\n<meta property=\"og:type\" content=\"article\" \/>\n<meta property=\"og:title\" content=\"Capelli Sport X F91 D\u00fcdelingen - CAPELLI SPORT Europe\" \/>\n<meta property=\"og:description\" content=\"14. M\u00e4rz, 2022 Capelli Sport X F91 D\u00fcdelingen Capelli Sport erweitert sein Engagement im europ\u00e4ischen Profifu\u00dfball und verk\u00fcndet neue Partnerschaft mit dem luxemburgischen Erstligisten F91 D\u00fcdelingen. Capelli Sport und der F91 D\u00fcdelingen starten in eine neue Zusammenarbeit. Der Teamsportspezialist ist sehr gl\u00fccklich dar\u00fcber, dass er mit dem F91 D\u00fcdelingen seinen ersten Partner aus Luxemburg gewinnen &hellip; \u201eCapelli Sport X F91 D\u00fcdelingen\u201c weiterlesen\" \/>\n<meta property=\"og:url\" content=\"https:\/\/capellisport.eu\/de\/capelli-sport-x-f91-duedelingen\/\" \/>\n<meta property=\"og:site_name\" content=\"CAPELLI SPORT Europe\" \/>\n<meta property=\"article:published_time\" content=\"2022-03-14T09:02:46+00:00\" \/>\n<meta property=\"og:image\" content=\"https:\/\/capellisport.eu\/wp-content\/uploads\/2022\/03\/Dudelingen.jpg\" \/>\n\t<meta property=\"og:image:width\" content=\"1650\" \/>\n\t<meta property=\"og:image:height\" content=\"870\" \/>\n\t<meta property=\"og:image:type\" content=\"image\/jpeg\" \/>\n<meta name=\"author\" content=\"dario\" \/>\n<meta name=\"twitter:card\" content=\"summary_large_image\" \/>\n<meta name=\"twitter:label1\" content=\"Verfasst von\" \/>\n\t<meta name=\"twitter:data1\" content=\"dario\" \/>\n\t<meta name=\"twitter:label2\" content=\"Gesch\u00e4tzte Lesezeit\" \/>\n\t<meta name=\"twitter:data2\" content=\"4\u00a0Minuten\" \/>\n<script type=\"application\/ld+json\" class=\"yoast-schema-graph\">{\"@context\":\"https:\/\/schema.org\",\"@graph\":[{\"@type\":\"Article\",\"@id\":\"https:\/\/capellisport.eu\/de\/capelli-sport-x-f91-duedelingen\/#article\",\"isPartOf\":{\"@id\":\"https:\/\/capellisport.eu\/de\/capelli-sport-x-f91-duedelingen\/\"},\"author\":{\"name\":\"dario\",\"@id\":\"https:\/\/capellisport.eu\/#\/schema\/person\/f4da746593d1fbde40aede8375ff40e5\"},\"headline\":\"Capelli Sport X F91 D\u00fcdelingen\",\"datePublished\":\"2022-03-14T09:02:46+00:00\",\"mainEntityOfPage\":{\"@id\":\"https:\/\/capellisport.eu\/de\/capelli-sport-x-f91-duedelingen\/\"},\"wordCount\":713,\"commentCount\":0,\"publisher\":{\"@id\":\"https:\/\/capellisport.eu\/#organization\"},\"image\":{\"@id\":\"https:\/\/capellisport.eu\/de\/capelli-sport-x-f91-duedelingen\/#primaryimage\"},\"thumbnailUrl\":\"https:\/\/capellisport.eu\/wp-content\/uploads\/2022\/03\/Dudelingen.jpg\",\"articleSection\":[\"News\"],\"inLanguage\":\"de\",\"potentialAction\":[{\"@type\":\"CommentAction\",\"name\":\"Comment\",\"target\":[\"https:\/\/capellisport.eu\/de\/capelli-sport-x-f91-duedelingen\/#respond\"]}]},{\"@type\":\"WebPage\",\"@id\":\"https:\/\/capellisport.eu\/de\/capelli-sport-x-f91-duedelingen\/\",\"url\":\"https:\/\/capellisport.eu\/de\/capelli-sport-x-f91-duedelingen\/\",\"name\":\"Capelli Sport X F91 D\u00fcdelingen - CAPELLI SPORT Europe\",\"isPartOf\":{\"@id\":\"https:\/\/capellisport.eu\/#website\"},\"primaryImageOfPage\":{\"@id\":\"https:\/\/capellisport.eu\/de\/capelli-sport-x-f91-duedelingen\/#primaryimage\"},\"image\":{\"@id\":\"https:\/\/capellisport.eu\/de\/capelli-sport-x-f91-duedelingen\/#primaryimage\"},\"thumbnailUrl\":\"https:\/\/capellisport.eu\/wp-content\/uploads\/2022\/03\/Dudelingen.jpg\",\"datePublished\":\"2022-03-14T09:02:46+00:00\",\"breadcrumb\":{\"@id\":\"https:\/\/capellisport.eu\/de\/capelli-sport-x-f91-duedelingen\/#breadcrumb\"},\"inLanguage\":\"de\",\"potentialAction\":[{\"@type\":\"ReadAction\",\"target\":[\"https:\/\/capellisport.eu\/de\/capelli-sport-x-f91-duedelingen\/\"]}]},{\"@type\":\"ImageObject\",\"inLanguage\":\"de\",\"@id\":\"https:\/\/capellisport.eu\/de\/capelli-sport-x-f91-duedelingen\/#primaryimage\",\"url\":\"https:\/\/capellisport.eu\/wp-content\/uploads\/2022\/03\/Dudelingen.jpg\",\"contentUrl\":\"https:\/\/capellisport.eu\/wp-content\/uploads\/2022\/03\/Dudelingen.jpg\",\"width\":1650,\"height\":870},{\"@type\":\"BreadcrumbList\",\"@id\":\"https:\/\/capellisport.eu\/de\/capelli-sport-x-f91-duedelingen\/#breadcrumb\",\"itemListElement\":[{\"@type\":\"ListItem\",\"position\":1,\"name\":\"Home\",\"item\":\"https:\/\/capellisport.eu\/de\/frontpage\/\"},{\"@type\":\"ListItem\",\"position\":2,\"name\":\"Capelli Sport X F91 D\u00fcdelingen\"}]},{\"@type\":\"WebSite\",\"@id\":\"https:\/\/capellisport.eu\/#website\",\"url\":\"https:\/\/capellisport.eu\/\",\"name\":\"CAPELLI SPORT Europe\",\"description\":\"\",\"publisher\":{\"@id\":\"https:\/\/capellisport.eu\/#organization\"},\"potentialAction\":[{\"@type\":\"SearchAction\",\"target\":{\"@type\":\"EntryPoint\",\"urlTemplate\":\"https:\/\/capellisport.eu\/?s={search_term_string}\"},\"query-input\":{\"@type\":\"PropertyValueSpecification\",\"valueRequired\":true,\"valueName\":\"search_term_string\"}}],\"inLanguage\":\"de\"},{\"@type\":\"Organization\",\"@id\":\"https:\/\/capellisport.eu\/#organization\",\"name\":\"CAPELLI SPORT Europe\",\"url\":\"https:\/\/capellisport.eu\/\",\"logo\":{\"@type\":\"ImageObject\",\"inLanguage\":\"de\",\"@id\":\"https:\/\/capellisport.eu\/#\/schema\/logo\/image\/\",\"url\":\"https:\/\/capellisport.eu\/wp-content\/uploads\/2019\/08\/CAPELLI-SPORT_LOGO_schwarz-auf-weiss-01-scaled.jpg\",\"contentUrl\":\"https:\/\/capellisport.eu\/wp-content\/uploads\/2019\/08\/CAPELLI-SPORT_LOGO_schwarz-auf-weiss-01-scaled.jpg\",\"width\":2560,\"height\":1440,\"caption\":\"CAPELLI SPORT Europe\"},\"image\":{\"@id\":\"https:\/\/capellisport.eu\/#\/schema\/logo\/image\/\"}},{\"@type\":\"Person\",\"@id\":\"https:\/\/capellisport.eu\/#\/schema\/person\/f4da746593d1fbde40aede8375ff40e5\",\"name\":\"dario\"}]}<\/script>\n<!-- \/ Yoast SEO plugin. -->","yoast_head_json":{"title":"Capelli Sport X F91 D\u00fcdelingen - CAPELLI SPORT Europe","robots":{"index":"index","follow":"follow","max-snippet":"max-snippet:-1","max-image-preview":"max-image-preview:large","max-video-preview":"max-video-preview:-1"},"canonical":"https:\/\/capellisport.eu\/de\/capelli-sport-x-f91-duedelingen\/","og_locale":"de_DE","og_type":"article","og_title":"Capelli Sport X F91 D\u00fcdelingen - CAPELLI SPORT Europe","og_description":"14. M\u00e4rz, 2022 Capelli Sport X F91 D\u00fcdelingen Capelli Sport erweitert sein Engagement im europ\u00e4ischen Profifu\u00dfball und verk\u00fcndet neue Partnerschaft mit dem luxemburgischen Erstligisten F91 D\u00fcdelingen. Capelli Sport und der F91 D\u00fcdelingen starten in eine neue Zusammenarbeit. Der Teamsportspezialist ist sehr gl\u00fccklich dar\u00fcber, dass er mit dem F91 D\u00fcdelingen seinen ersten Partner aus Luxemburg gewinnen &hellip; \u201eCapelli Sport X F91 D\u00fcdelingen\u201c weiterlesen","og_url":"https:\/\/capellisport.eu\/de\/capelli-sport-x-f91-duedelingen\/","og_site_name":"CAPELLI SPORT Europe","article_published_time":"2022-03-14T09:02:46+00:00","og_image":[{"width":1650,"height":870,"url":"https:\/\/capellisport.eu\/wp-content\/uploads\/2022\/03\/Dudelingen.jpg","type":"image\/jpeg"}],"author":"dario","twitter_card":"summary_large_image","twitter_misc":{"Verfasst von":"dario","Gesch\u00e4tzte Lesezeit":"4\u00a0Minuten"},"schema":{"@context":"https:\/\/schema.org","@graph":[{"@type":"Article","@id":"https:\/\/capellisport.eu\/de\/capelli-sport-x-f91-duedelingen\/#article","isPartOf":{"@id":"https:\/\/capellisport.eu\/de\/capelli-sport-x-f91-duedelingen\/"},"author":{"name":"dario","@id":"https:\/\/capellisport.eu\/#\/schema\/person\/f4da746593d1fbde40aede8375ff40e5"},"headline":"Capelli Sport X F91 D\u00fcdelingen","datePublished":"2022-03-14T09:02:46+00:00","mainEntityOfPage":{"@id":"https:\/\/capellisport.eu\/de\/capelli-sport-x-f91-duedelingen\/"},"wordCount":713,"commentCount":0,"publisher":{"@id":"https:\/\/capellisport.eu\/#organization"},"image":{"@id":"https:\/\/capellisport.eu\/de\/capelli-sport-x-f91-duedelingen\/#primaryimage"},"thumbnailUrl":"https:\/\/capellisport.eu\/wp-content\/uploads\/2022\/03\/Dudelingen.jpg","articleSection":["News"],"inLanguage":"de","potentialAction":[{"@type":"CommentAction","name":"Comment","target":["https:\/\/capellisport.eu\/de\/capelli-sport-x-f91-duedelingen\/#respond"]}]},{"@type":"WebPage","@id":"https:\/\/capellisport.eu\/de\/capelli-sport-x-f91-duedelingen\/","url":"https:\/\/capellisport.eu\/de\/capelli-sport-x-f91-duedelingen\/","name":"Capelli Sport X F91 D\u00fcdelingen - CAPELLI SPORT Europe","isPartOf":{"@id":"https:\/\/capellisport.eu\/#website"},"primaryImageOfPage":{"@id":"https:\/\/capellisport.eu\/de\/capelli-sport-x-f91-duedelingen\/#primaryimage"},"image":{"@id":"https:\/\/capellisport.eu\/de\/capelli-sport-x-f91-duedelingen\/#primaryimage"},"thumbnailUrl":"https:\/\/capellisport.eu\/wp-content\/uploads\/2022\/03\/Dudelingen.jpg","datePublished":"2022-03-14T09:02:46+00:00","breadcrumb":{"@id":"https:\/\/capellisport.eu\/de\/capelli-sport-x-f91-duedelingen\/#breadcrumb"},"inLanguage":"de","potentialAction":[{"@type":"ReadAction","target":["https:\/\/capellisport.eu\/de\/capelli-sport-x-f91-duedelingen\/"]}]},{"@type":"ImageObject","inLanguage":"de","@id":"https:\/\/capellisport.eu\/de\/capelli-sport-x-f91-duedelingen\/#primaryimage","url":"https:\/\/capellisport.eu\/wp-content\/uploads\/2022\/03\/Dudelingen.jpg","contentUrl":"https:\/\/capellisport.eu\/wp-content\/uploads\/2022\/03\/Dudelingen.jpg","width":1650,"height":870},{"@type":"BreadcrumbList","@id":"https:\/\/capellisport.eu\/de\/capelli-sport-x-f91-duedelingen\/#breadcrumb","itemListElement":[{"@type":"ListItem","position":1,"name":"Home","item":"https:\/\/capellisport.eu\/de\/frontpage\/"},{"@type":"ListItem","position":2,"name":"Capelli Sport X F91 D\u00fcdelingen"}]},{"@type":"WebSite","@id":"https:\/\/capellisport.eu\/#website","url":"https:\/\/capellisport.eu\/","name":"CAPELLI SPORT Europe","description":"","publisher":{"@id":"https:\/\/capellisport.eu\/#organization"},"potentialAction":[{"@type":"SearchAction","target":{"@type":"EntryPoint","urlTemplate":"https:\/\/capellisport.eu\/?s={search_term_string}"},"query-input":{"@type":"PropertyValueSpecification","valueRequired":true,"valueName":"search_term_string"}}],"inLanguage":"de"},{"@type":"Organization","@id":"https:\/\/capellisport.eu\/#organization","name":"CAPELLI SPORT Europe","url":"https:\/\/capellisport.eu\/","logo":{"@type":"ImageObject","inLanguage":"de","@id":"https:\/\/capellisport.eu\/#\/schema\/logo\/image\/","url":"https:\/\/capellisport.eu\/wp-content\/uploads\/2019\/08\/CAPELLI-SPORT_LOGO_schwarz-auf-weiss-01-scaled.jpg","contentUrl":"https:\/\/capellisport.eu\/wp-content\/uploads\/2019\/08\/CAPELLI-SPORT_LOGO_schwarz-auf-weiss-01-scaled.jpg","width":2560,"height":1440,"caption":"CAPELLI SPORT Europe"},"image":{"@id":"https:\/\/capellisport.eu\/#\/schema\/logo\/image\/"}},{"@type":"Person","@id":"https:\/\/capellisport.eu\/#\/schema\/person\/f4da746593d1fbde40aede8375ff40e5","name":"dario"}]}},"_links":{"self":[{"href":"https:\/\/capellisport.eu\/de\/wp-json\/wp\/v2\/posts\/69080","targetHints":{"allow":["GET"]}}],"collection":[{"href":"https:\/\/capellisport.eu\/de\/wp-json\/wp\/v2\/posts"}],"about":[{"href":"https:\/\/capellisport.eu\/de\/wp-json\/wp\/v2\/types\/post"}],"author":[{"embeddable":true,"href":"https:\/\/capellisport.eu\/de\/wp-json\/wp\/v2\/users\/2"}],"replies":[{"embeddable":true,"href":"https:\/\/capellisport.eu\/de\/wp-json\/wp\/v2\/comments?post=69080"}],"version-history":[{"count":3,"href":"https:\/\/capellisport.eu\/de\/wp-json\/wp\/v2\/posts\/69080\/revisions"}],"predecessor-version":[{"id":69344,"href":"https:\/\/capellisport.eu\/de\/wp-json\/wp\/v2\/posts\/69080\/revisions\/69344"}],"wp:featuredmedia":[{"embeddable":true,"href":"https:\/\/capellisport.eu\/de\/wp-json\/wp\/v2\/media\/69338"}],"wp:attachment":[{"href":"https:\/\/capellisport.eu\/de\/wp-json\/wp\/v2\/media?parent=69080"}],"wp:term":[{"taxonomy":"category","embeddable":true,"href":"https:\/\/capellisport.eu\/de\/wp-json\/wp\/v2\/categories?post=69080"},{"taxonomy":"post_tag","embeddable":true,"href":"https:\/\/capellisport.eu\/de\/wp-json\/wp\/v2\/tags?post=69080"}],"curies":[{"name":"wp","href":"https:\/\/api.w.org\/{rel}","templated":true}]}}