{"id":69183,"date":"2022-03-14T11:17:37","date_gmt":"2022-03-14T10:17:37","guid":{"rendered":"https:\/\/capellisport.eu\/?p=69183"},"modified":"2022-03-14T12:37:29","modified_gmt":"2022-03-14T11:37:29","slug":"capelli-sport-x-fv-04-wuerzburg","status":"publish","type":"post","link":"https:\/\/capellisport.eu\/de\/capelli-sport-x-fv-04-wuerzburg\/","title":{"rendered":"Capelli Sport X FV 04 W\u00fcrzburg"},"content":{"rendered":"<p>&nbsp;<\/p>\n<p><img loading=\"lazy\" decoding=\"async\" class=\"alignnone size-medium wp-image-69194\" src=\"https:\/\/capellisport.eu\/wp-content\/uploads\/2022\/03\/Fv04-X-CS-768x200.png\" alt=\"\" width=\"768\" height=\"200\" srcset=\"https:\/\/capellisport.eu\/wp-content\/uploads\/2022\/03\/Fv04-X-CS-768x200.png 768w, https:\/\/capellisport.eu\/wp-content\/uploads\/2022\/03\/Fv04-X-CS-600x156.png 600w, https:\/\/capellisport.eu\/wp-content\/uploads\/2022\/03\/Fv04-X-CS-400x104.png 400w, https:\/\/capellisport.eu\/wp-content\/uploads\/2022\/03\/Fv04-X-CS-750x195.png 750w, https:\/\/capellisport.eu\/wp-content\/uploads\/2022\/03\/Fv04-X-CS.png 775w\" sizes=\"auto, (max-width: 706px) 89vw, (max-width: 767px) 82vw, 740px\" \/><\/p>\n<p><strong>14. M\u00e4rz 2022<\/strong><\/p>\n<p><strong>Capelli Sport X FV 04 W\u00fcrzburg<\/strong><\/p>\n<p><em>Capelli Sport verk\u00fcndet neue Partnerschaft mit dem FV 04 W\u00fcrzburg.<\/em><\/p>\n<figure id=\"attachment_69188\" aria-describedby=\"caption-attachment-69188\" style=\"width: 720px\" class=\"wp-caption alignnone\"><img loading=\"lazy\" decoding=\"async\" class=\"wp-image-69188 size-full\" src=\"https:\/\/capellisport.eu\/wp-content\/uploads\/2022\/03\/Picture1.jpg\" alt=\"\" width=\"720\" height=\"495\" srcset=\"https:\/\/capellisport.eu\/wp-content\/uploads\/2022\/03\/Picture1.jpg 720w, https:\/\/capellisport.eu\/wp-content\/uploads\/2022\/03\/Picture1-600x413.jpg 600w, https:\/\/capellisport.eu\/wp-content\/uploads\/2022\/03\/Picture1-400x275.jpg 400w\" sizes=\"auto, (max-width: 720px) 100vw, 720px\" \/><figcaption id=\"caption-attachment-69188\" class=\"wp-caption-text\">Foto: Bianka Fischer<\/figcaption><\/figure>\n<p>Capelli Sport freut sich den FV 04 W\u00fcrzburg in der Capelli Sport Familie begr\u00fc\u00dfen zu d\u00fcrfen. Ab der Saison 2022\/23 wird sowohl die Herren-Mannschaft, die U23 sowie alle Nachwuchsteams der Unterfranken mit einheitlicher Spiel- und Trainingsbekleidung von Capelli Sport ausgestattet werden. Die Partnerschaft ist zun\u00e4chst auf 5 Jahre datiert.<\/p>\n<p>Bereits seit knapp zehn Jahren ist der FV 04 W\u00fcrzburg fester Bestandteil der Bayernliga Nord. Gegr\u00fcndet wurde der Club im Jahr 1981 als direkter Nachfolgeverein des 1.W\u00fcrzburger FV 04. Aus der Jugendarbeit der W\u00fcrzburger ging unter anderem Steffen Hoffmann, der ehemalige Spieler des Jahres in \u00d6sterreich, hervor.<\/p>\n<p>Capelli Sport konnte sich in den letzten Jahren einen Namen als zuverl\u00e4ssiger Partner, im Profi- wie auch im Amateursport machen. Zur Unternehmensphilosophie geh\u00f6rt die F\u00f6rderung und das Engagement im Jugend- und Amateurbereich. Mit \u00fcber zehn Jugendmannschaften, darunter eine U17- und eine U19-Mannschaft in der Bayernliga Nord, ist die Nachwuchsabteilung der ganze Stolz des FV 04 W\u00fcrzburg.<\/p>\n<p><strong>Vertriebsleiter Capelli Sport S\u00fcddeutschland, Ostdeutschland und \u00d6sterreich, Michael Wiehrl sagt:<\/strong><\/p>\n<p>\u201eWir sind sehr gl\u00fccklich dar\u00fcber, den FV 04 W\u00fcrzburg als Partner gewonnen zu haben. Trotz der langen Historie, auf die der Verein zur\u00fcckblicken kann, ist er sich selbst und seinen Werten stets treu geblieben. Besonders stolz macht uns, dass wir mit dem W\u00fcrzburger Traditionsverein einen Partner gefunden haben, der unsere Passion f\u00fcr die Nachwuchsf\u00f6rderung teilt und unterst\u00fctzt. Wir freuen uns auf die Zusammenarbeit und schauen voller Zuversicht in die Zukunft.\u201c<\/p>\n<p><strong>Vorstand Marketing FV 04 W\u00fcrzburg, Bianka Fischer sagt:<\/strong><\/p>\n<p>\u201eIn konstruktiven Gespr\u00e4chen haben wir in den letzten Monaten einen sehr positiven Eindruck gewinnen k\u00f6nnen. F\u00fcr uns war eine langfristig angelegte Zusammenarbeit mit einem erfahrenen und starken Partner wichtig. Daher freuen wir uns sehr, unsere Mannschaften mit Spiel-, Trainings- und Freizeitkleidung von Capelli Sport ausstatten zu k\u00f6nnen. Die Produktqualit\u00e4t, die direkte und professionelle Unterst\u00fctzung, sowie die angebotenen Konditionen haben uns restlos \u00fcberzeugt.\u201c<\/p>\n<p><strong>\u00dcber Capelli Sport <\/strong><\/p>\n<p>Capelli Sport wurde 2011 in der Mode-Metropole New York City gegr\u00fcndet. Als weltweit agierende Sport und Lifestyle Marke steht Capelli Sport f\u00fcr hohe Funktionalit\u00e4t, Qualit\u00e4t und individuellen Service im Profi- und Amateursport.<\/p>\n<p>Capelli Sport \u00fcberzeugt mit erstklassiger Sportbekleidung, professionellem Equipment und trendigen Lifestyle Produkten und ist als Ausr\u00fcster und verl\u00e4sslicher Partner von Sportlern und Vereinen international etabliert.<\/p>\n<p>Zur Unternehmensphilosophie geh\u00f6rt, dass das Engagement und die F\u00f6rderung im Jugend- und Amateursport ebenso wichtig ist, wie die erfolgreiche Zusammenarbeit mit Profiklubs aus den nationalen und internationalen Ligen.<\/p>\n<p>Erfahren Sie mehr unter <a href=\"https:\/\/capellisport.eu\/\">capellisport.eu<\/a> und finden Sie Capelli Sport auf Twitter (<a href=\"https:\/\/twitter.com\/capellisport?lang=de\">@capellisport<\/a>) und Instagram (<a href=\"https:\/\/www.instagram.com\/capellisport\/\">@capellisport<\/a>), oder besuchen Sie die Capelli Sport Facebook-Seite (<a href=\"https:\/\/www.facebook.com\/CapelliSport\/\">@CapelliSport<\/a>).<\/p>\n<p>&nbsp;<\/p>\n","protected":false},"excerpt":{"rendered":"<p>&nbsp; 14. M\u00e4rz 2022 Capelli Sport X FV 04 W\u00fcrzburg Capelli Sport verk\u00fcndet neue Partnerschaft mit dem FV 04 W\u00fcrzburg. Capelli Sport freut sich den FV 04 W\u00fcrzburg in der Capelli Sport Familie begr\u00fc\u00dfen zu d\u00fcrfen. Ab der Saison 2022\/23 wird sowohl die Herren-Mannschaft, die U23 sowie alle Nachwuchsteams der Unterfranken mit einheitlicher Spiel- und &hellip; <\/p>\n<p class=\"link-more\"><a href=\"https:\/\/capellisport.eu\/de\/capelli-sport-x-fv-04-wuerzburg\/\" class=\"more-link\"><span class=\"screen-reader-text\">\u201eCapelli Sport X FV 04 W\u00fcrzburg\u201c<\/span> weiterlesen<\/a><\/p>\n","protected":false},"author":2,"featured_media":69188,"comment_status":"open","ping_status":"closed","sticky":false,"template":"","format":"standard","meta":{"_acf_changed":false,"footnotes":""},"categories":[16],"tags":[],"class_list":["post-69183","post","type-post","status-publish","format-standard","has-post-thumbnail","hentry","category-neuigkeiten"],"acf":[],"yoast_head":"<!-- This site is optimized with the Yoast SEO plugin v25.4 - https:\/\/yoast.com\/wordpress\/plugins\/seo\/ -->\n<title>Capelli Sport X FV 04 W\u00fcrzburg - CAPELLI SPORT Europe<\/title>\n<meta name=\"description\" content=\"Capelli Sport verk\u00fcndet neue Partnerschaft mit dem FV 04 W\u00fcrzburg.\" \/>\n<meta name=\"robots\" content=\"index, follow, max-snippet:-1, max-image-preview:large, max-video-preview:-1\" \/>\n<link rel=\"canonical\" href=\"https:\/\/capellisport.eu\/de\/capelli-sport-x-fv-04-wuerzburg\/\" \/>\n<meta property=\"og:locale\" content=\"de_DE\" \/>\n<meta property=\"og:type\" content=\"article\" \/>\n<meta property=\"og:title\" content=\"Capelli Sport X FV 04 W\u00fcrzburg - CAPELLI SPORT Europe\" \/>\n<meta property=\"og:description\" content=\"Capelli Sport verk\u00fcndet neue Partnerschaft mit dem FV 04 W\u00fcrzburg.\" \/>\n<meta property=\"og:url\" content=\"https:\/\/capellisport.eu\/de\/capelli-sport-x-fv-04-wuerzburg\/\" \/>\n<meta property=\"og:site_name\" content=\"CAPELLI SPORT Europe\" \/>\n<meta property=\"article:published_time\" content=\"2022-03-14T10:17:37+00:00\" \/>\n<meta property=\"article:modified_time\" content=\"2022-03-14T11:37:29+00:00\" \/>\n<meta property=\"og:image\" content=\"https:\/\/capellisport.eu\/wp-content\/uploads\/2022\/03\/Picture1.jpg\" \/>\n\t<meta property=\"og:image:width\" content=\"720\" \/>\n\t<meta property=\"og:image:height\" content=\"495\" \/>\n\t<meta property=\"og:image:type\" content=\"image\/jpeg\" \/>\n<meta name=\"author\" content=\"dario\" \/>\n<meta name=\"twitter:card\" content=\"summary_large_image\" \/>\n<meta name=\"twitter:label1\" content=\"Verfasst von\" \/>\n\t<meta name=\"twitter:data1\" content=\"dario\" \/>\n\t<meta name=\"twitter:label2\" content=\"Gesch\u00e4tzte Lesezeit\" \/>\n\t<meta name=\"twitter:data2\" content=\"3\u00a0Minuten\" \/>\n<script type=\"application\/ld+json\" class=\"yoast-schema-graph\">{\"@context\":\"https:\/\/schema.org\",\"@graph\":[{\"@type\":\"Article\",\"@id\":\"https:\/\/capellisport.eu\/de\/capelli-sport-x-fv-04-wuerzburg\/#article\",\"isPartOf\":{\"@id\":\"https:\/\/capellisport.eu\/de\/capelli-sport-x-fv-04-wuerzburg\/\"},\"author\":{\"name\":\"dario\",\"@id\":\"https:\/\/capellisport.eu\/#\/schema\/person\/f4da746593d1fbde40aede8375ff40e5\"},\"headline\":\"Capelli Sport X FV 04 W\u00fcrzburg\",\"datePublished\":\"2022-03-14T10:17:37+00:00\",\"dateModified\":\"2022-03-14T11:37:29+00:00\",\"mainEntityOfPage\":{\"@id\":\"https:\/\/capellisport.eu\/de\/capelli-sport-x-fv-04-wuerzburg\/\"},\"wordCount\":480,\"commentCount\":0,\"publisher\":{\"@id\":\"https:\/\/capellisport.eu\/#organization\"},\"image\":{\"@id\":\"https:\/\/capellisport.eu\/de\/capelli-sport-x-fv-04-wuerzburg\/#primaryimage\"},\"thumbnailUrl\":\"https:\/\/capellisport.eu\/wp-content\/uploads\/2022\/03\/Picture1.jpg\",\"articleSection\":[\"News\"],\"inLanguage\":\"de\",\"potentialAction\":[{\"@type\":\"CommentAction\",\"name\":\"Comment\",\"target\":[\"https:\/\/capellisport.eu\/de\/capelli-sport-x-fv-04-wuerzburg\/#respond\"]}]},{\"@type\":\"WebPage\",\"@id\":\"https:\/\/capellisport.eu\/de\/capelli-sport-x-fv-04-wuerzburg\/\",\"url\":\"https:\/\/capellisport.eu\/de\/capelli-sport-x-fv-04-wuerzburg\/\",\"name\":\"Capelli Sport X FV 04 W\u00fcrzburg - CAPELLI SPORT Europe\",\"isPartOf\":{\"@id\":\"https:\/\/capellisport.eu\/#website\"},\"primaryImageOfPage\":{\"@id\":\"https:\/\/capellisport.eu\/de\/capelli-sport-x-fv-04-wuerzburg\/#primaryimage\"},\"image\":{\"@id\":\"https:\/\/capellisport.eu\/de\/capelli-sport-x-fv-04-wuerzburg\/#primaryimage\"},\"thumbnailUrl\":\"https:\/\/capellisport.eu\/wp-content\/uploads\/2022\/03\/Picture1.jpg\",\"datePublished\":\"2022-03-14T10:17:37+00:00\",\"dateModified\":\"2022-03-14T11:37:29+00:00\",\"description\":\"Capelli Sport verk\u00fcndet neue Partnerschaft mit dem FV 04 W\u00fcrzburg.\",\"breadcrumb\":{\"@id\":\"https:\/\/capellisport.eu\/de\/capelli-sport-x-fv-04-wuerzburg\/#breadcrumb\"},\"inLanguage\":\"de\",\"potentialAction\":[{\"@type\":\"ReadAction\",\"target\":[\"https:\/\/capellisport.eu\/de\/capelli-sport-x-fv-04-wuerzburg\/\"]}]},{\"@type\":\"ImageObject\",\"inLanguage\":\"de\",\"@id\":\"https:\/\/capellisport.eu\/de\/capelli-sport-x-fv-04-wuerzburg\/#primaryimage\",\"url\":\"https:\/\/capellisport.eu\/wp-content\/uploads\/2022\/03\/Picture1.jpg\",\"contentUrl\":\"https:\/\/capellisport.eu\/wp-content\/uploads\/2022\/03\/Picture1.jpg\",\"width\":720,\"height\":495},{\"@type\":\"BreadcrumbList\",\"@id\":\"https:\/\/capellisport.eu\/de\/capelli-sport-x-fv-04-wuerzburg\/#breadcrumb\",\"itemListElement\":[{\"@type\":\"ListItem\",\"position\":1,\"name\":\"Home\",\"item\":\"https:\/\/capellisport.eu\/de\/frontpage\/\"},{\"@type\":\"ListItem\",\"position\":2,\"name\":\"Capelli Sport X FV 04 W\u00fcrzburg\"}]},{\"@type\":\"WebSite\",\"@id\":\"https:\/\/capellisport.eu\/#website\",\"url\":\"https:\/\/capellisport.eu\/\",\"name\":\"CAPELLI SPORT Europe\",\"description\":\"\",\"publisher\":{\"@id\":\"https:\/\/capellisport.eu\/#organization\"},\"potentialAction\":[{\"@type\":\"SearchAction\",\"target\":{\"@type\":\"EntryPoint\",\"urlTemplate\":\"https:\/\/capellisport.eu\/?s={search_term_string}\"},\"query-input\":{\"@type\":\"PropertyValueSpecification\",\"valueRequired\":true,\"valueName\":\"search_term_string\"}}],\"inLanguage\":\"de\"},{\"@type\":\"Organization\",\"@id\":\"https:\/\/capellisport.eu\/#organization\",\"name\":\"CAPELLI SPORT Europe\",\"url\":\"https:\/\/capellisport.eu\/\",\"logo\":{\"@type\":\"ImageObject\",\"inLanguage\":\"de\",\"@id\":\"https:\/\/capellisport.eu\/#\/schema\/logo\/image\/\",\"url\":\"https:\/\/capellisport.eu\/wp-content\/uploads\/2019\/08\/CAPELLI-SPORT_LOGO_schwarz-auf-weiss-01-scaled.jpg\",\"contentUrl\":\"https:\/\/capellisport.eu\/wp-content\/uploads\/2019\/08\/CAPELLI-SPORT_LOGO_schwarz-auf-weiss-01-scaled.jpg\",\"width\":2560,\"height\":1440,\"caption\":\"CAPELLI SPORT Europe\"},\"image\":{\"@id\":\"https:\/\/capellisport.eu\/#\/schema\/logo\/image\/\"}},{\"@type\":\"Person\",\"@id\":\"https:\/\/capellisport.eu\/#\/schema\/person\/f4da746593d1fbde40aede8375ff40e5\",\"name\":\"dario\"}]}<\/script>\n<!-- \/ Yoast SEO plugin. -->","yoast_head_json":{"title":"Capelli Sport X FV 04 W\u00fcrzburg - CAPELLI SPORT Europe","description":"Capelli Sport verk\u00fcndet neue Partnerschaft mit dem FV 04 W\u00fcrzburg.","robots":{"index":"index","follow":"follow","max-snippet":"max-snippet:-1","max-image-preview":"max-image-preview:large","max-video-preview":"max-video-preview:-1"},"canonical":"https:\/\/capellisport.eu\/de\/capelli-sport-x-fv-04-wuerzburg\/","og_locale":"de_DE","og_type":"article","og_title":"Capelli Sport X FV 04 W\u00fcrzburg - CAPELLI SPORT Europe","og_description":"Capelli Sport verk\u00fcndet neue Partnerschaft mit dem FV 04 W\u00fcrzburg.","og_url":"https:\/\/capellisport.eu\/de\/capelli-sport-x-fv-04-wuerzburg\/","og_site_name":"CAPELLI SPORT Europe","article_published_time":"2022-03-14T10:17:37+00:00","article_modified_time":"2022-03-14T11:37:29+00:00","og_image":[{"width":720,"height":495,"url":"https:\/\/capellisport.eu\/wp-content\/uploads\/2022\/03\/Picture1.jpg","type":"image\/jpeg"}],"author":"dario","twitter_card":"summary_large_image","twitter_misc":{"Verfasst von":"dario","Gesch\u00e4tzte Lesezeit":"3\u00a0Minuten"},"schema":{"@context":"https:\/\/schema.org","@graph":[{"@type":"Article","@id":"https:\/\/capellisport.eu\/de\/capelli-sport-x-fv-04-wuerzburg\/#article","isPartOf":{"@id":"https:\/\/capellisport.eu\/de\/capelli-sport-x-fv-04-wuerzburg\/"},"author":{"name":"dario","@id":"https:\/\/capellisport.eu\/#\/schema\/person\/f4da746593d1fbde40aede8375ff40e5"},"headline":"Capelli Sport X FV 04 W\u00fcrzburg","datePublished":"2022-03-14T10:17:37+00:00","dateModified":"2022-03-14T11:37:29+00:00","mainEntityOfPage":{"@id":"https:\/\/capellisport.eu\/de\/capelli-sport-x-fv-04-wuerzburg\/"},"wordCount":480,"commentCount":0,"publisher":{"@id":"https:\/\/capellisport.eu\/#organization"},"image":{"@id":"https:\/\/capellisport.eu\/de\/capelli-sport-x-fv-04-wuerzburg\/#primaryimage"},"thumbnailUrl":"https:\/\/capellisport.eu\/wp-content\/uploads\/2022\/03\/Picture1.jpg","articleSection":["News"],"inLanguage":"de","potentialAction":[{"@type":"CommentAction","name":"Comment","target":["https:\/\/capellisport.eu\/de\/capelli-sport-x-fv-04-wuerzburg\/#respond"]}]},{"@type":"WebPage","@id":"https:\/\/capellisport.eu\/de\/capelli-sport-x-fv-04-wuerzburg\/","url":"https:\/\/capellisport.eu\/de\/capelli-sport-x-fv-04-wuerzburg\/","name":"Capelli Sport X FV 04 W\u00fcrzburg - CAPELLI SPORT Europe","isPartOf":{"@id":"https:\/\/capellisport.eu\/#website"},"primaryImageOfPage":{"@id":"https:\/\/capellisport.eu\/de\/capelli-sport-x-fv-04-wuerzburg\/#primaryimage"},"image":{"@id":"https:\/\/capellisport.eu\/de\/capelli-sport-x-fv-04-wuerzburg\/#primaryimage"},"thumbnailUrl":"https:\/\/capellisport.eu\/wp-content\/uploads\/2022\/03\/Picture1.jpg","datePublished":"2022-03-14T10:17:37+00:00","dateModified":"2022-03-14T11:37:29+00:00","description":"Capelli Sport verk\u00fcndet neue Partnerschaft mit dem FV 04 W\u00fcrzburg.","breadcrumb":{"@id":"https:\/\/capellisport.eu\/de\/capelli-sport-x-fv-04-wuerzburg\/#breadcrumb"},"inLanguage":"de","potentialAction":[{"@type":"ReadAction","target":["https:\/\/capellisport.eu\/de\/capelli-sport-x-fv-04-wuerzburg\/"]}]},{"@type":"ImageObject","inLanguage":"de","@id":"https:\/\/capellisport.eu\/de\/capelli-sport-x-fv-04-wuerzburg\/#primaryimage","url":"https:\/\/capellisport.eu\/wp-content\/uploads\/2022\/03\/Picture1.jpg","contentUrl":"https:\/\/capellisport.eu\/wp-content\/uploads\/2022\/03\/Picture1.jpg","width":720,"height":495},{"@type":"BreadcrumbList","@id":"https:\/\/capellisport.eu\/de\/capelli-sport-x-fv-04-wuerzburg\/#breadcrumb","itemListElement":[{"@type":"ListItem","position":1,"name":"Home","item":"https:\/\/capellisport.eu\/de\/frontpage\/"},{"@type":"ListItem","position":2,"name":"Capelli Sport X FV 04 W\u00fcrzburg"}]},{"@type":"WebSite","@id":"https:\/\/capellisport.eu\/#website","url":"https:\/\/capellisport.eu\/","name":"CAPELLI SPORT Europe","description":"","publisher":{"@id":"https:\/\/capellisport.eu\/#organization"},"potentialAction":[{"@type":"SearchAction","target":{"@type":"EntryPoint","urlTemplate":"https:\/\/capellisport.eu\/?s={search_term_string}"},"query-input":{"@type":"PropertyValueSpecification","valueRequired":true,"valueName":"search_term_string"}}],"inLanguage":"de"},{"@type":"Organization","@id":"https:\/\/capellisport.eu\/#organization","name":"CAPELLI SPORT Europe","url":"https:\/\/capellisport.eu\/","logo":{"@type":"ImageObject","inLanguage":"de","@id":"https:\/\/capellisport.eu\/#\/schema\/logo\/image\/","url":"https:\/\/capellisport.eu\/wp-content\/uploads\/2019\/08\/CAPELLI-SPORT_LOGO_schwarz-auf-weiss-01-scaled.jpg","contentUrl":"https:\/\/capellisport.eu\/wp-content\/uploads\/2019\/08\/CAPELLI-SPORT_LOGO_schwarz-auf-weiss-01-scaled.jpg","width":2560,"height":1440,"caption":"CAPELLI SPORT Europe"},"image":{"@id":"https:\/\/capellisport.eu\/#\/schema\/logo\/image\/"}},{"@type":"Person","@id":"https:\/\/capellisport.eu\/#\/schema\/person\/f4da746593d1fbde40aede8375ff40e5","name":"dario"}]}},"_links":{"self":[{"href":"https:\/\/capellisport.eu\/de\/wp-json\/wp\/v2\/posts\/69183","targetHints":{"allow":["GET"]}}],"collection":[{"href":"https:\/\/capellisport.eu\/de\/wp-json\/wp\/v2\/posts"}],"about":[{"href":"https:\/\/capellisport.eu\/de\/wp-json\/wp\/v2\/types\/post"}],"author":[{"embeddable":true,"href":"https:\/\/capellisport.eu\/de\/wp-json\/wp\/v2\/users\/2"}],"replies":[{"embeddable":true,"href":"https:\/\/capellisport.eu\/de\/wp-json\/wp\/v2\/comments?post=69183"}],"version-history":[{"count":3,"href":"https:\/\/capellisport.eu\/de\/wp-json\/wp\/v2\/posts\/69183\/revisions"}],"predecessor-version":[{"id":69356,"href":"https:\/\/capellisport.eu\/de\/wp-json\/wp\/v2\/posts\/69183\/revisions\/69356"}],"wp:featuredmedia":[{"embeddable":true,"href":"https:\/\/capellisport.eu\/de\/wp-json\/wp\/v2\/media\/69188"}],"wp:attachment":[{"href":"https:\/\/capellisport.eu\/de\/wp-json\/wp\/v2\/media?parent=69183"}],"wp:term":[{"taxonomy":"category","embeddable":true,"href":"https:\/\/capellisport.eu\/de\/wp-json\/wp\/v2\/categories?post=69183"},{"taxonomy":"post_tag","embeddable":true,"href":"https:\/\/capellisport.eu\/de\/wp-json\/wp\/v2\/tags?post=69183"}],"curies":[{"name":"wp","href":"https:\/\/api.w.org\/{rel}","templated":true}]}}