{"id":69714,"date":"2022-04-14T12:19:19","date_gmt":"2022-04-14T10:19:19","guid":{"rendered":"https:\/\/capellisport.eu\/?p=69714"},"modified":"2022-04-14T12:19:19","modified_gmt":"2022-04-14T10:19:19","slug":"capelli-sport-x-ahrweiler-bc","status":"publish","type":"post","link":"https:\/\/capellisport.eu\/de\/capelli-sport-x-ahrweiler-bc\/","title":{"rendered":"Capelli Sport X Ahrweiler BC"},"content":{"rendered":"<p><img loading=\"lazy\" decoding=\"async\" class=\"alignnone size-medium wp-image-69717\" src=\"https:\/\/capellisport.eu\/wp-content\/uploads\/2022\/04\/Screenshot-75-768x203.png\" alt=\"\" width=\"768\" height=\"203\" srcset=\"https:\/\/capellisport.eu\/wp-content\/uploads\/2022\/04\/Screenshot-75-768x203.png 768w, https:\/\/capellisport.eu\/wp-content\/uploads\/2022\/04\/Screenshot-75-600x158.png 600w, https:\/\/capellisport.eu\/wp-content\/uploads\/2022\/04\/Screenshot-75-400x106.png 400w, https:\/\/capellisport.eu\/wp-content\/uploads\/2022\/04\/Screenshot-75-750x198.png 750w, https:\/\/capellisport.eu\/wp-content\/uploads\/2022\/04\/Screenshot-75.png 898w\" sizes=\"auto, (max-width: 706px) 89vw, (max-width: 767px) 82vw, 740px\" \/><\/p>\n<p><strong>14. April, 2022<\/strong><\/p>\n<p><strong>Capelli Sport X Ahrweiler BC \u00a0<\/strong><\/p>\n<p><em>Capelli Sport verl\u00e4ngert die Zusammenarbeit mit dem Ahrweiler BC bis zur Saison 26\/27.<\/em><\/p>\n<figure id=\"attachment_69715\" aria-describedby=\"caption-attachment-69715\" style=\"width: 768px\" class=\"wp-caption alignnone\"><img loading=\"lazy\" decoding=\"async\" class=\"wp-image-69715 size-medium\" src=\"https:\/\/capellisport.eu\/wp-content\/uploads\/2022\/04\/ABC-X-CS-768x533.jpg\" alt=\"\" width=\"768\" height=\"533\" srcset=\"https:\/\/capellisport.eu\/wp-content\/uploads\/2022\/04\/ABC-X-CS-768x533.jpg 768w, https:\/\/capellisport.eu\/wp-content\/uploads\/2022\/04\/ABC-X-CS-600x416.jpg 600w, https:\/\/capellisport.eu\/wp-content\/uploads\/2022\/04\/ABC-X-CS-1200x832.jpg 1200w, https:\/\/capellisport.eu\/wp-content\/uploads\/2022\/04\/ABC-X-CS-400x277.jpg 400w, https:\/\/capellisport.eu\/wp-content\/uploads\/2022\/04\/ABC-X-CS-1536x1066.jpg 1536w, https:\/\/capellisport.eu\/wp-content\/uploads\/2022\/04\/ABC-X-CS-750x520.jpg 750w, https:\/\/capellisport.eu\/wp-content\/uploads\/2022\/04\/ABC-X-CS.jpg 1616w\" sizes=\"auto, (max-width: 706px) 89vw, (max-width: 767px) 82vw, 740px\" \/><figcaption id=\"caption-attachment-69715\" class=\"wp-caption-text\">V.l.n.r.: Luca Beck (Area Sales Manager Capelli Sport), Gianfranco Di Francesko (Sportlicher Leiter Ahrweiler BC) Foto: Andreas Kl\u00fcmpen<\/figcaption><\/figure>\n<p>Never change a winning Team. Nach \u00fcber drei Jahren vertrauensvoller und erfolgreicher Zusammenarbeit vereinbarten der Ahrweiler BC und Capelli Sport, ihre Partnerschaft vorerst bis zur Saison 2026\/2027 zu verl\u00e4ngern.<\/p>\n<p>Neben der Zusammenarbeit mit Sportlern und Vereinen aus dem Profibereich, hat f\u00fcr Capelli Sport seit jeher das Engagement im Jugend- und Amateursport einen sehr hohen Stellenwert. Der Teamsportspezialist freut sich mit dem Ahrweiler BC f\u00fcr die n\u00e4chsten Jahre einen starken Partner, an seiner Seite zu wissen. Beide Seiten k\u00f6nnen in den letzten Jahren auf eine aktiv gelebte Partnerschaft zur\u00fcckblicken und freuen sich das Engagement durch gemeinsame Projekte und Events zuk\u00fcnftig weiter auszubauen.<\/p>\n<p>&nbsp;<\/p>\n<p><strong>Area Sales Manager Capelli Sport, Luca Beck sagt<\/strong><strong>:<\/strong><\/p>\n<p>\u201eWir freuen uns, dass wir die vorzeitige Vertragsverl\u00e4ngerung mit dem Ahrweiler BC verk\u00fcnden k\u00f6nnen. In den vergangenen Jahren war die Zusammenarbeit sehr konstruktiv und wir sind stolz darauf, dass wir als zuverl\u00e4ssiger Partner eine langfristige Beziehung zu dem Verein aus dem Rheinland aufbauen konnten. Wir schauen den kommenden Jahren sehr optimistisch entgegen und sind \u00fcberzeugt davon, dass wir unsere Partnerschaft noch weiter ausbauen und intensivieren k\u00f6nnen.\u201c<\/p>\n<p>&nbsp;<\/p>\n<p><strong>Sportlicher Leiter Ahrweiler BC,<\/strong> <strong>Gianfranco Di Francesko <\/strong><strong>sagt:<\/strong><\/p>\n<p><em>\u201e<\/em>F\u00fcr uns war die partnerschaftliche Zusammenarbeit und das stets gewachsene Vertrauensverh\u00e4ltnis, sowie die Qualit\u00e4t der Capelli Sport Produkte ausschlaggebend f\u00fcr die Fortf\u00fchrung der Partnerschaft auch \u00fcber einen l\u00e4ngeren Zeitraum hinaus. Es waren faire und von Respekt gepr\u00e4gte Verhandlungen, die auch k\u00fcnftige Sonderevents beinhalten.\u201c<\/p>\n<p><strong>\u00a0<\/strong><\/p>\n<p><strong>\u00dcber Capelli Sport <\/strong><\/p>\n<p>Capelli Sport wurde 2011 in der Mode-Metropole New York City gegr\u00fcndet. Als weltweit agierende Sport und Lifestyle Marke steht Capelli Sport f\u00fcr hohe Funktionalit\u00e4t, Qualit\u00e4t und individuellen Service im Profi- und Amateursport.<\/p>\n<p>Capelli Sport \u00fcberzeugt mit erstklassiger Sportbekleidung, professionellem Equipment und trendigen Lifestyle Produkten und ist als Ausr\u00fcster und verl\u00e4sslicher Partner von Sportlern und Vereinen international etabliert.<\/p>\n<p>Zur Unternehmensphilosophie geh\u00f6rt, dass das Engagement und die F\u00f6rderung im Jugend- und Amateursport ebenso wichtig ist, wie die erfolgreiche Zusammenarbeit mit Profiklubs aus den nationalen und internationalen Ligen.<\/p>\n<p>Erfahren Sie mehr unter <a href=\"https:\/\/capellisport.eu\/\">capellisport.eu<\/a> und finden Sie Capelli Sport auf Twitter (<a href=\"https:\/\/twitter.com\/capellisport?lang=de\">@capellisport<\/a>) und Instagram (<a href=\"https:\/\/www.instagram.com\/capellisport\/\">@capellisport<\/a>), oder besuchen Sie die Capelli Sport Facebook-Seite (<a href=\"https:\/\/www.facebook.com\/CapelliSport\/\">@CapelliSport<\/a>).<\/p>\n","protected":false},"excerpt":{"rendered":"<p>14. April, 2022 Capelli Sport X Ahrweiler BC \u00a0 Capelli Sport verl\u00e4ngert die Zusammenarbeit mit dem Ahrweiler BC bis zur Saison 26\/27. Never change a winning Team. Nach \u00fcber drei Jahren vertrauensvoller und erfolgreicher Zusammenarbeit vereinbarten der Ahrweiler BC und Capelli Sport, ihre Partnerschaft vorerst bis zur Saison 2026\/2027 zu verl\u00e4ngern. Neben der Zusammenarbeit mit &hellip; <\/p>\n<p class=\"link-more\"><a href=\"https:\/\/capellisport.eu\/de\/capelli-sport-x-ahrweiler-bc\/\" class=\"more-link\"><span class=\"screen-reader-text\">\u201eCapelli Sport X Ahrweiler BC\u201c<\/span> weiterlesen<\/a><\/p>\n","protected":false},"author":11334,"featured_media":69715,"comment_status":"open","ping_status":"closed","sticky":false,"template":"","format":"standard","meta":{"_acf_changed":false,"footnotes":""},"categories":[16],"tags":[],"class_list":["post-69714","post","type-post","status-publish","format-standard","has-post-thumbnail","hentry","category-neuigkeiten"],"acf":[],"yoast_head":"<!-- This site is optimized with the Yoast SEO plugin v25.4 - https:\/\/yoast.com\/wordpress\/plugins\/seo\/ -->\n<title>Capelli Sport X Ahrweiler BC - CAPELLI SPORT Europe<\/title>\n<meta name=\"robots\" content=\"index, follow, max-snippet:-1, max-image-preview:large, max-video-preview:-1\" \/>\n<link rel=\"canonical\" href=\"https:\/\/capellisport.eu\/de\/capelli-sport-x-ahrweiler-bc\/\" \/>\n<meta property=\"og:locale\" content=\"de_DE\" \/>\n<meta property=\"og:type\" content=\"article\" \/>\n<meta property=\"og:title\" content=\"Capelli Sport X Ahrweiler BC - CAPELLI SPORT Europe\" \/>\n<meta property=\"og:description\" content=\"14. April, 2022 Capelli Sport X Ahrweiler BC \u00a0 Capelli Sport verl\u00e4ngert die Zusammenarbeit mit dem Ahrweiler BC bis zur Saison 26\/27. Never change a winning Team. Nach \u00fcber drei Jahren vertrauensvoller und erfolgreicher Zusammenarbeit vereinbarten der Ahrweiler BC und Capelli Sport, ihre Partnerschaft vorerst bis zur Saison 2026\/2027 zu verl\u00e4ngern. Neben der Zusammenarbeit mit &hellip; \u201eCapelli Sport X Ahrweiler BC\u201c weiterlesen\" \/>\n<meta property=\"og:url\" content=\"https:\/\/capellisport.eu\/de\/capelli-sport-x-ahrweiler-bc\/\" \/>\n<meta property=\"og:site_name\" content=\"CAPELLI SPORT Europe\" \/>\n<meta property=\"article:published_time\" content=\"2022-04-14T10:19:19+00:00\" \/>\n<meta property=\"og:image\" content=\"https:\/\/capellisport.eu\/wp-content\/uploads\/2022\/04\/ABC-X-CS.jpg\" \/>\n\t<meta property=\"og:image:width\" content=\"1616\" \/>\n\t<meta property=\"og:image:height\" content=\"1121\" \/>\n\t<meta property=\"og:image:type\" content=\"image\/jpeg\" \/>\n<meta name=\"author\" content=\"nick\" \/>\n<meta name=\"twitter:card\" content=\"summary_large_image\" \/>\n<meta name=\"twitter:label1\" content=\"Verfasst von\" \/>\n\t<meta name=\"twitter:data1\" content=\"nick\" \/>\n\t<meta name=\"twitter:label2\" content=\"Gesch\u00e4tzte Lesezeit\" \/>\n\t<meta name=\"twitter:data2\" content=\"3\u00a0Minuten\" \/>\n<script type=\"application\/ld+json\" class=\"yoast-schema-graph\">{\"@context\":\"https:\/\/schema.org\",\"@graph\":[{\"@type\":\"Article\",\"@id\":\"https:\/\/capellisport.eu\/de\/capelli-sport-x-ahrweiler-bc\/#article\",\"isPartOf\":{\"@id\":\"https:\/\/capellisport.eu\/de\/capelli-sport-x-ahrweiler-bc\/\"},\"author\":{\"name\":\"nick\",\"@id\":\"https:\/\/capellisport.eu\/#\/schema\/person\/651063bf010667890802d0f4b6f24c8c\"},\"headline\":\"Capelli Sport X Ahrweiler BC\",\"datePublished\":\"2022-04-14T10:19:19+00:00\",\"mainEntityOfPage\":{\"@id\":\"https:\/\/capellisport.eu\/de\/capelli-sport-x-ahrweiler-bc\/\"},\"wordCount\":420,\"commentCount\":0,\"publisher\":{\"@id\":\"https:\/\/capellisport.eu\/#organization\"},\"image\":{\"@id\":\"https:\/\/capellisport.eu\/de\/capelli-sport-x-ahrweiler-bc\/#primaryimage\"},\"thumbnailUrl\":\"https:\/\/capellisport.eu\/wp-content\/uploads\/2022\/04\/ABC-X-CS.jpg\",\"articleSection\":[\"News\"],\"inLanguage\":\"de\",\"potentialAction\":[{\"@type\":\"CommentAction\",\"name\":\"Comment\",\"target\":[\"https:\/\/capellisport.eu\/de\/capelli-sport-x-ahrweiler-bc\/#respond\"]}]},{\"@type\":\"WebPage\",\"@id\":\"https:\/\/capellisport.eu\/de\/capelli-sport-x-ahrweiler-bc\/\",\"url\":\"https:\/\/capellisport.eu\/de\/capelli-sport-x-ahrweiler-bc\/\",\"name\":\"Capelli Sport X Ahrweiler BC - CAPELLI SPORT Europe\",\"isPartOf\":{\"@id\":\"https:\/\/capellisport.eu\/#website\"},\"primaryImageOfPage\":{\"@id\":\"https:\/\/capellisport.eu\/de\/capelli-sport-x-ahrweiler-bc\/#primaryimage\"},\"image\":{\"@id\":\"https:\/\/capellisport.eu\/de\/capelli-sport-x-ahrweiler-bc\/#primaryimage\"},\"thumbnailUrl\":\"https:\/\/capellisport.eu\/wp-content\/uploads\/2022\/04\/ABC-X-CS.jpg\",\"datePublished\":\"2022-04-14T10:19:19+00:00\",\"breadcrumb\":{\"@id\":\"https:\/\/capellisport.eu\/de\/capelli-sport-x-ahrweiler-bc\/#breadcrumb\"},\"inLanguage\":\"de\",\"potentialAction\":[{\"@type\":\"ReadAction\",\"target\":[\"https:\/\/capellisport.eu\/de\/capelli-sport-x-ahrweiler-bc\/\"]}]},{\"@type\":\"ImageObject\",\"inLanguage\":\"de\",\"@id\":\"https:\/\/capellisport.eu\/de\/capelli-sport-x-ahrweiler-bc\/#primaryimage\",\"url\":\"https:\/\/capellisport.eu\/wp-content\/uploads\/2022\/04\/ABC-X-CS.jpg\",\"contentUrl\":\"https:\/\/capellisport.eu\/wp-content\/uploads\/2022\/04\/ABC-X-CS.jpg\",\"width\":1616,\"height\":1121},{\"@type\":\"BreadcrumbList\",\"@id\":\"https:\/\/capellisport.eu\/de\/capelli-sport-x-ahrweiler-bc\/#breadcrumb\",\"itemListElement\":[{\"@type\":\"ListItem\",\"position\":1,\"name\":\"Home\",\"item\":\"https:\/\/capellisport.eu\/de\/frontpage\/\"},{\"@type\":\"ListItem\",\"position\":2,\"name\":\"Capelli Sport X Ahrweiler BC\"}]},{\"@type\":\"WebSite\",\"@id\":\"https:\/\/capellisport.eu\/#website\",\"url\":\"https:\/\/capellisport.eu\/\",\"name\":\"CAPELLI SPORT Europe\",\"description\":\"\",\"publisher\":{\"@id\":\"https:\/\/capellisport.eu\/#organization\"},\"potentialAction\":[{\"@type\":\"SearchAction\",\"target\":{\"@type\":\"EntryPoint\",\"urlTemplate\":\"https:\/\/capellisport.eu\/?s={search_term_string}\"},\"query-input\":{\"@type\":\"PropertyValueSpecification\",\"valueRequired\":true,\"valueName\":\"search_term_string\"}}],\"inLanguage\":\"de\"},{\"@type\":\"Organization\",\"@id\":\"https:\/\/capellisport.eu\/#organization\",\"name\":\"CAPELLI SPORT Europe\",\"url\":\"https:\/\/capellisport.eu\/\",\"logo\":{\"@type\":\"ImageObject\",\"inLanguage\":\"de\",\"@id\":\"https:\/\/capellisport.eu\/#\/schema\/logo\/image\/\",\"url\":\"https:\/\/capellisport.eu\/wp-content\/uploads\/2019\/08\/CAPELLI-SPORT_LOGO_schwarz-auf-weiss-01-scaled.jpg\",\"contentUrl\":\"https:\/\/capellisport.eu\/wp-content\/uploads\/2019\/08\/CAPELLI-SPORT_LOGO_schwarz-auf-weiss-01-scaled.jpg\",\"width\":2560,\"height\":1440,\"caption\":\"CAPELLI SPORT Europe\"},\"image\":{\"@id\":\"https:\/\/capellisport.eu\/#\/schema\/logo\/image\/\"}},{\"@type\":\"Person\",\"@id\":\"https:\/\/capellisport.eu\/#\/schema\/person\/651063bf010667890802d0f4b6f24c8c\",\"name\":\"nick\"}]}<\/script>\n<!-- \/ Yoast SEO plugin. -->","yoast_head_json":{"title":"Capelli Sport X Ahrweiler BC - CAPELLI SPORT Europe","robots":{"index":"index","follow":"follow","max-snippet":"max-snippet:-1","max-image-preview":"max-image-preview:large","max-video-preview":"max-video-preview:-1"},"canonical":"https:\/\/capellisport.eu\/de\/capelli-sport-x-ahrweiler-bc\/","og_locale":"de_DE","og_type":"article","og_title":"Capelli Sport X Ahrweiler BC - CAPELLI SPORT Europe","og_description":"14. April, 2022 Capelli Sport X Ahrweiler BC \u00a0 Capelli Sport verl\u00e4ngert die Zusammenarbeit mit dem Ahrweiler BC bis zur Saison 26\/27. Never change a winning Team. Nach \u00fcber drei Jahren vertrauensvoller und erfolgreicher Zusammenarbeit vereinbarten der Ahrweiler BC und Capelli Sport, ihre Partnerschaft vorerst bis zur Saison 2026\/2027 zu verl\u00e4ngern. Neben der Zusammenarbeit mit &hellip; \u201eCapelli Sport X Ahrweiler BC\u201c weiterlesen","og_url":"https:\/\/capellisport.eu\/de\/capelli-sport-x-ahrweiler-bc\/","og_site_name":"CAPELLI SPORT Europe","article_published_time":"2022-04-14T10:19:19+00:00","og_image":[{"width":1616,"height":1121,"url":"https:\/\/capellisport.eu\/wp-content\/uploads\/2022\/04\/ABC-X-CS.jpg","type":"image\/jpeg"}],"author":"nick","twitter_card":"summary_large_image","twitter_misc":{"Verfasst von":"nick","Gesch\u00e4tzte Lesezeit":"3\u00a0Minuten"},"schema":{"@context":"https:\/\/schema.org","@graph":[{"@type":"Article","@id":"https:\/\/capellisport.eu\/de\/capelli-sport-x-ahrweiler-bc\/#article","isPartOf":{"@id":"https:\/\/capellisport.eu\/de\/capelli-sport-x-ahrweiler-bc\/"},"author":{"name":"nick","@id":"https:\/\/capellisport.eu\/#\/schema\/person\/651063bf010667890802d0f4b6f24c8c"},"headline":"Capelli Sport X Ahrweiler BC","datePublished":"2022-04-14T10:19:19+00:00","mainEntityOfPage":{"@id":"https:\/\/capellisport.eu\/de\/capelli-sport-x-ahrweiler-bc\/"},"wordCount":420,"commentCount":0,"publisher":{"@id":"https:\/\/capellisport.eu\/#organization"},"image":{"@id":"https:\/\/capellisport.eu\/de\/capelli-sport-x-ahrweiler-bc\/#primaryimage"},"thumbnailUrl":"https:\/\/capellisport.eu\/wp-content\/uploads\/2022\/04\/ABC-X-CS.jpg","articleSection":["News"],"inLanguage":"de","potentialAction":[{"@type":"CommentAction","name":"Comment","target":["https:\/\/capellisport.eu\/de\/capelli-sport-x-ahrweiler-bc\/#respond"]}]},{"@type":"WebPage","@id":"https:\/\/capellisport.eu\/de\/capelli-sport-x-ahrweiler-bc\/","url":"https:\/\/capellisport.eu\/de\/capelli-sport-x-ahrweiler-bc\/","name":"Capelli Sport X Ahrweiler BC - CAPELLI SPORT Europe","isPartOf":{"@id":"https:\/\/capellisport.eu\/#website"},"primaryImageOfPage":{"@id":"https:\/\/capellisport.eu\/de\/capelli-sport-x-ahrweiler-bc\/#primaryimage"},"image":{"@id":"https:\/\/capellisport.eu\/de\/capelli-sport-x-ahrweiler-bc\/#primaryimage"},"thumbnailUrl":"https:\/\/capellisport.eu\/wp-content\/uploads\/2022\/04\/ABC-X-CS.jpg","datePublished":"2022-04-14T10:19:19+00:00","breadcrumb":{"@id":"https:\/\/capellisport.eu\/de\/capelli-sport-x-ahrweiler-bc\/#breadcrumb"},"inLanguage":"de","potentialAction":[{"@type":"ReadAction","target":["https:\/\/capellisport.eu\/de\/capelli-sport-x-ahrweiler-bc\/"]}]},{"@type":"ImageObject","inLanguage":"de","@id":"https:\/\/capellisport.eu\/de\/capelli-sport-x-ahrweiler-bc\/#primaryimage","url":"https:\/\/capellisport.eu\/wp-content\/uploads\/2022\/04\/ABC-X-CS.jpg","contentUrl":"https:\/\/capellisport.eu\/wp-content\/uploads\/2022\/04\/ABC-X-CS.jpg","width":1616,"height":1121},{"@type":"BreadcrumbList","@id":"https:\/\/capellisport.eu\/de\/capelli-sport-x-ahrweiler-bc\/#breadcrumb","itemListElement":[{"@type":"ListItem","position":1,"name":"Home","item":"https:\/\/capellisport.eu\/de\/frontpage\/"},{"@type":"ListItem","position":2,"name":"Capelli Sport X Ahrweiler BC"}]},{"@type":"WebSite","@id":"https:\/\/capellisport.eu\/#website","url":"https:\/\/capellisport.eu\/","name":"CAPELLI SPORT Europe","description":"","publisher":{"@id":"https:\/\/capellisport.eu\/#organization"},"potentialAction":[{"@type":"SearchAction","target":{"@type":"EntryPoint","urlTemplate":"https:\/\/capellisport.eu\/?s={search_term_string}"},"query-input":{"@type":"PropertyValueSpecification","valueRequired":true,"valueName":"search_term_string"}}],"inLanguage":"de"},{"@type":"Organization","@id":"https:\/\/capellisport.eu\/#organization","name":"CAPELLI SPORT Europe","url":"https:\/\/capellisport.eu\/","logo":{"@type":"ImageObject","inLanguage":"de","@id":"https:\/\/capellisport.eu\/#\/schema\/logo\/image\/","url":"https:\/\/capellisport.eu\/wp-content\/uploads\/2019\/08\/CAPELLI-SPORT_LOGO_schwarz-auf-weiss-01-scaled.jpg","contentUrl":"https:\/\/capellisport.eu\/wp-content\/uploads\/2019\/08\/CAPELLI-SPORT_LOGO_schwarz-auf-weiss-01-scaled.jpg","width":2560,"height":1440,"caption":"CAPELLI SPORT Europe"},"image":{"@id":"https:\/\/capellisport.eu\/#\/schema\/logo\/image\/"}},{"@type":"Person","@id":"https:\/\/capellisport.eu\/#\/schema\/person\/651063bf010667890802d0f4b6f24c8c","name":"nick"}]}},"_links":{"self":[{"href":"https:\/\/capellisport.eu\/de\/wp-json\/wp\/v2\/posts\/69714","targetHints":{"allow":["GET"]}}],"collection":[{"href":"https:\/\/capellisport.eu\/de\/wp-json\/wp\/v2\/posts"}],"about":[{"href":"https:\/\/capellisport.eu\/de\/wp-json\/wp\/v2\/types\/post"}],"author":[{"embeddable":true,"href":"https:\/\/capellisport.eu\/de\/wp-json\/wp\/v2\/users\/11334"}],"replies":[{"embeddable":true,"href":"https:\/\/capellisport.eu\/de\/wp-json\/wp\/v2\/comments?post=69714"}],"version-history":[{"count":1,"href":"https:\/\/capellisport.eu\/de\/wp-json\/wp\/v2\/posts\/69714\/revisions"}],"predecessor-version":[{"id":69719,"href":"https:\/\/capellisport.eu\/de\/wp-json\/wp\/v2\/posts\/69714\/revisions\/69719"}],"wp:featuredmedia":[{"embeddable":true,"href":"https:\/\/capellisport.eu\/de\/wp-json\/wp\/v2\/media\/69715"}],"wp:attachment":[{"href":"https:\/\/capellisport.eu\/de\/wp-json\/wp\/v2\/media?parent=69714"}],"wp:term":[{"taxonomy":"category","embeddable":true,"href":"https:\/\/capellisport.eu\/de\/wp-json\/wp\/v2\/categories?post=69714"},{"taxonomy":"post_tag","embeddable":true,"href":"https:\/\/capellisport.eu\/de\/wp-json\/wp\/v2\/tags?post=69714"}],"curies":[{"name":"wp","href":"https:\/\/api.w.org\/{rel}","templated":true}]}}