{"id":70277,"date":"2022-06-27T09:14:50","date_gmt":"2022-06-27T07:14:50","guid":{"rendered":"https:\/\/capellisport.eu\/?p=70277"},"modified":"2022-06-27T09:22:37","modified_gmt":"2022-06-27T07:22:37","slug":"capelli-sport-x-1-fc-dueren","status":"publish","type":"post","link":"https:\/\/capellisport.eu\/de\/capelli-sport-x-1-fc-dueren\/","title":{"rendered":"Capelli Sport X 1. FC D\u00fcren"},"content":{"rendered":"<p><img loading=\"lazy\" decoding=\"async\" class=\"alignnone size-medium wp-image-70278\" src=\"https:\/\/capellisport.eu\/wp-content\/uploads\/2022\/06\/Screenshot-48-768x201.png\" alt=\"\" width=\"768\" height=\"201\" srcset=\"https:\/\/capellisport.eu\/wp-content\/uploads\/2022\/06\/Screenshot-48-768x201.png 768w, https:\/\/capellisport.eu\/wp-content\/uploads\/2022\/06\/Screenshot-48-600x157.png 600w, https:\/\/capellisport.eu\/wp-content\/uploads\/2022\/06\/Screenshot-48-1200x315.png 1200w, https:\/\/capellisport.eu\/wp-content\/uploads\/2022\/06\/Screenshot-48-400x105.png 400w, https:\/\/capellisport.eu\/wp-content\/uploads\/2022\/06\/Screenshot-48-750x197.png 750w, https:\/\/capellisport.eu\/wp-content\/uploads\/2022\/06\/Screenshot-48.png 1247w\" sizes=\"auto, (max-width: 706px) 89vw, (max-width: 767px) 82vw, 740px\" \/><\/p>\n<p><strong>27. Juni, 2022<\/strong><\/p>\n<p><strong>Capelli Sport X 1. <\/strong><strong>FC D\u00fcren <\/strong><\/p>\n<p><em>Capelli Sport verk\u00fcndet neue Partnerschaft mit dem Regionalligaaufsteiger 1. FC D\u00fcren.<\/em><\/p>\n<p>&nbsp;<\/p>\n<p>Capelli Sport und der 1. FC D\u00fcren starten in eine neue Zusammenarbeit. Der Teamsportspezialist ist sehr gl\u00fccklich dar\u00fcber, dass er den Regionalligaaufsteiger aus D\u00fcren als neuen Partner gewinnen konnte. Die Partnerschaft ist zun\u00e4chst auf drei Jahre datiert. Ab der Saison 2022\/23 werden sowohl die Damen-, Herren- und Jugendmannschaften exklusiv von Capelli Sport ausgestattet.<\/p>\n<figure id=\"attachment_70282\" aria-describedby=\"caption-attachment-70282\" style=\"width: 768px\" class=\"wp-caption alignnone\"><img loading=\"lazy\" decoding=\"async\" class=\"wp-image-70282 size-medium\" src=\"https:\/\/capellisport.eu\/wp-content\/uploads\/2022\/06\/Capelli-Sport-X-1.-FC-Dueren-1-768x512.jpg\" alt=\"\" width=\"768\" height=\"512\" srcset=\"https:\/\/capellisport.eu\/wp-content\/uploads\/2022\/06\/Capelli-Sport-X-1.-FC-Dueren-1-768x512.jpg 768w, https:\/\/capellisport.eu\/wp-content\/uploads\/2022\/06\/Capelli-Sport-X-1.-FC-Dueren-1-600x400.jpg 600w, https:\/\/capellisport.eu\/wp-content\/uploads\/2022\/06\/Capelli-Sport-X-1.-FC-Dueren-1-1200x800.jpg 1200w, https:\/\/capellisport.eu\/wp-content\/uploads\/2022\/06\/Capelli-Sport-X-1.-FC-Dueren-1-400x267.jpg 400w, https:\/\/capellisport.eu\/wp-content\/uploads\/2022\/06\/Capelli-Sport-X-1.-FC-Dueren-1-1536x1024.jpg 1536w, https:\/\/capellisport.eu\/wp-content\/uploads\/2022\/06\/Capelli-Sport-X-1.-FC-Dueren-1-750x500.jpg 750w, https:\/\/capellisport.eu\/wp-content\/uploads\/2022\/06\/Capelli-Sport-X-1.-FC-Dueren-1.jpg 1581w\" sizes=\"auto, (max-width: 706px) 89vw, (max-width: 767px) 82vw, 740px\" \/><figcaption id=\"caption-attachment-70282\" class=\"wp-caption-text\">V. l. n. r.: Udo Markgraf (Vorstandsvorsitzender Senioren, 1. FC D\u00fcren), Halil \u00d6zcelik (Strategic Sales &amp; Business Development, Capelli Sport), Daniel Hunf (Gesch\u00e4ftsf\u00fchrer, 1. FC D\u00fcren) Felix Gerdts (Account Manager, Capelli Sport), Rainer Krosch (Vize-Pr\u00e4sident, 1. FC D\u00fcren) Foto: Kevin Teichmann<\/figcaption><\/figure>\n<p>Nach der Gr\u00fcndung im Jahr 2017 \u00fcbernahm der 1. FC D\u00fcren im Juni 2018 die Fu\u00dfballabteilungen des FC D\u00fcren-Niederau und der SG GFC D\u00fcren 99. Bekannt wurde der Club aus Nordrhein Westfalen unter anderem nach dem DFB-Pokalspiel gegen den FC Bayern M\u00fcnchen im Jahr 2020. Neben dem vor kurzem erreichten Aufstieg in die Regionalliga ist der ganze Stolz des Vereins die Jugendabteilung. Die F\u00f6rderung und das Engagement der Jugendarbeit ist tief in der Unternehmensphilosophie von Capelli Sport verankert. Die gemeinsamen Visionen und Wertevorstellungen stellen den Grundstein dieser Partnerschaft dar.<\/p>\n<p>&nbsp;<\/p>\n<p>Sowohl Capelli Sport wie auch der 1. FC D\u00fcren sehen in der Zusammenarbeit mehr als nur ein klassisches Ausr\u00fcsterengagement und verstehen sich vielmehr als strategische Partner, die gemeinsam in die Zukunft blicken. Capelli Sport wird dem Verein zuk\u00fcnftig bei weitreichenden Themen beratend zur Seite stehen. Dieses vielschichtige Angebot ist ein absolutes Alleinstellungsmerkmal auf dem Markt.<\/p>\n<p>&nbsp;<\/p>\n<p><strong>Strategic Sales &amp; Business Development Manager, Capelli Sport, Halil \u00d6zcelik sagt:<\/strong><\/p>\n<p>\u201eDer 1. FC D\u00fcren steht f\u00fcr erfolgreichen und ansehnlichen Fu\u00dfball. Es macht uns sehr gl\u00fccklich, dass wir sie als Partner gewinnen konnten. Ich bedanke mich herzlich bei den Verantwortlichen f\u00fcr die konstruktiven Gespr\u00e4che im Vorfeld und gratuliere dem Verein zum Aufstieg in die Regionalliga. Wir sind davon \u00fcberzeugt, dass wir auf diesem Erfolg aufbauen k\u00f6nnen und die Zukunft gemeinsam als Partner erfolgreich gestalten werden. Wir freuen uns auf die Zusammenarbeit.\u201c<\/p>\n<p>&nbsp;<\/p>\n<p><strong>Gesch\u00e4ftsf\u00fchrer, 1. FC D\u00fcren, Daniel Hunf sagt:<\/strong><\/p>\n<p>\u201eAls junger und ambitionierter Verein sind wir sehr gl\u00fccklich dar\u00fcber, einen so erfahrenen und professionellen Partner an unserer Seite zu wissen. Wir sehen Capelli Sport nicht nur als Ausr\u00fcster, sondern als strategischen Partner. Es erf\u00fcllt uns mit gro\u00dfem Stolz ein Teil der Capelli Sport Familie zu werden. Wir bedanken uns bei den Verantwortlichen f\u00fcr die sehr offenen und vertrauensvollen Gespr\u00e4che und blicken optimistisch einer erfolgreichen Partnerschaft entgegen.\u201d<\/p>\n<p><strong>\u00a0<\/strong><\/p>\n<p><strong>\u00dcber Capelli Sport <\/strong><\/p>\n<p>Capelli Sport wurde 2011 in der Mode-Metropole New York City gegr\u00fcndet. Als weltweit agierende Sport und Lifestyle Marke steht Capelli Sport f\u00fcr hohe Funktionalit\u00e4t, Qualit\u00e4t und individuellen Service im Profi- und Amateursport.<\/p>\n<p>Capelli Sport \u00fcberzeugt mit erstklassiger Sportbekleidung, professionellem Equipment und trendigen Lifestyle Produkten und ist als Ausr\u00fcster und verl\u00e4sslicher Partner von Sportlern und Vereinen international etabliert.<\/p>\n<p>Zur Unternehmensphilosophie geh\u00f6rt, dass das Engagement und die F\u00f6rderung im Jugend- und Amateursport ebenso wichtig ist, wie die erfolgreiche Zusammenarbeit mit Profiklubs aus den nationalen und internationalen Ligen.<\/p>\n<p>Erfahren Sie mehr unter <a href=\"about:blank\">capellisport.eu<\/a> und finden Sie Capelli Sport auf Twitter (<a href=\"about:blank\">@capellisport<\/a>) und Instagram (<a href=\"about:blank\">@capellisport<\/a>), oder besuchen Sie die Capelli Sport Facebook-Seite (<a href=\"about:blank\">@CapelliSport<\/a>).<\/p>\n<p>&nbsp;<\/p>\n","protected":false},"excerpt":{"rendered":"<p>27. Juni, 2022 Capelli Sport X 1. FC D\u00fcren Capelli Sport verk\u00fcndet neue Partnerschaft mit dem Regionalligaaufsteiger 1. FC D\u00fcren. &nbsp; Capelli Sport und der 1. FC D\u00fcren starten in eine neue Zusammenarbeit. Der Teamsportspezialist ist sehr gl\u00fccklich dar\u00fcber, dass er den Regionalligaaufsteiger aus D\u00fcren als neuen Partner gewinnen konnte. Die Partnerschaft ist zun\u00e4chst auf &hellip; <\/p>\n<p class=\"link-more\"><a href=\"https:\/\/capellisport.eu\/de\/capelli-sport-x-1-fc-dueren\/\" class=\"more-link\"><span class=\"screen-reader-text\">\u201eCapelli Sport X 1. FC D\u00fcren\u201c<\/span> weiterlesen<\/a><\/p>\n","protected":false},"author":11334,"featured_media":70282,"comment_status":"open","ping_status":"closed","sticky":false,"template":"","format":"standard","meta":{"_acf_changed":false,"footnotes":""},"categories":[16],"tags":[],"class_list":["post-70277","post","type-post","status-publish","format-standard","has-post-thumbnail","hentry","category-neuigkeiten"],"acf":[],"yoast_head":"<!-- This site is optimized with the Yoast SEO plugin v25.4 - https:\/\/yoast.com\/wordpress\/plugins\/seo\/ -->\n<title>Capelli Sport X 1. FC D\u00fcren - CAPELLI SPORT Europe<\/title>\n<meta name=\"robots\" content=\"index, follow, max-snippet:-1, max-image-preview:large, max-video-preview:-1\" \/>\n<link rel=\"canonical\" href=\"https:\/\/capellisport.eu\/de\/capelli-sport-x-1-fc-dueren\/\" \/>\n<meta property=\"og:locale\" content=\"de_DE\" \/>\n<meta property=\"og:type\" content=\"article\" \/>\n<meta property=\"og:title\" content=\"Capelli Sport X 1. FC D\u00fcren - CAPELLI SPORT Europe\" \/>\n<meta property=\"og:description\" content=\"27. Juni, 2022 Capelli Sport X 1. FC D\u00fcren Capelli Sport verk\u00fcndet neue Partnerschaft mit dem Regionalligaaufsteiger 1. FC D\u00fcren. &nbsp; Capelli Sport und der 1. FC D\u00fcren starten in eine neue Zusammenarbeit. Der Teamsportspezialist ist sehr gl\u00fccklich dar\u00fcber, dass er den Regionalligaaufsteiger aus D\u00fcren als neuen Partner gewinnen konnte. Die Partnerschaft ist zun\u00e4chst auf &hellip; \u201eCapelli Sport X 1. FC D\u00fcren\u201c weiterlesen\" \/>\n<meta property=\"og:url\" content=\"https:\/\/capellisport.eu\/de\/capelli-sport-x-1-fc-dueren\/\" \/>\n<meta property=\"og:site_name\" content=\"CAPELLI SPORT Europe\" \/>\n<meta property=\"article:published_time\" content=\"2022-06-27T07:14:50+00:00\" \/>\n<meta property=\"article:modified_time\" content=\"2022-06-27T07:22:37+00:00\" \/>\n<meta property=\"og:image\" content=\"https:\/\/capellisport.eu\/wp-content\/uploads\/2022\/06\/Capelli-Sport-X-1.-FC-Dueren-1.jpg\" \/>\n\t<meta property=\"og:image:width\" content=\"1581\" \/>\n\t<meta property=\"og:image:height\" content=\"1054\" \/>\n\t<meta property=\"og:image:type\" content=\"image\/jpeg\" \/>\n<meta name=\"author\" content=\"nick\" \/>\n<meta name=\"twitter:card\" content=\"summary_large_image\" \/>\n<meta name=\"twitter:label1\" content=\"Verfasst von\" \/>\n\t<meta name=\"twitter:data1\" content=\"nick\" \/>\n\t<meta name=\"twitter:label2\" content=\"Gesch\u00e4tzte Lesezeit\" \/>\n\t<meta name=\"twitter:data2\" content=\"3\u00a0Minuten\" \/>\n<script type=\"application\/ld+json\" class=\"yoast-schema-graph\">{\"@context\":\"https:\/\/schema.org\",\"@graph\":[{\"@type\":\"Article\",\"@id\":\"https:\/\/capellisport.eu\/de\/capelli-sport-x-1-fc-dueren\/#article\",\"isPartOf\":{\"@id\":\"https:\/\/capellisport.eu\/de\/capelli-sport-x-1-fc-dueren\/\"},\"author\":{\"name\":\"nick\",\"@id\":\"https:\/\/capellisport.eu\/#\/schema\/person\/651063bf010667890802d0f4b6f24c8c\"},\"headline\":\"Capelli Sport X 1. FC D\u00fcren\",\"datePublished\":\"2022-06-27T07:14:50+00:00\",\"dateModified\":\"2022-06-27T07:22:37+00:00\",\"mainEntityOfPage\":{\"@id\":\"https:\/\/capellisport.eu\/de\/capelli-sport-x-1-fc-dueren\/\"},\"wordCount\":575,\"commentCount\":0,\"publisher\":{\"@id\":\"https:\/\/capellisport.eu\/#organization\"},\"image\":{\"@id\":\"https:\/\/capellisport.eu\/de\/capelli-sport-x-1-fc-dueren\/#primaryimage\"},\"thumbnailUrl\":\"https:\/\/capellisport.eu\/wp-content\/uploads\/2022\/06\/Capelli-Sport-X-1.-FC-Dueren-1.jpg\",\"articleSection\":[\"News\"],\"inLanguage\":\"de\",\"potentialAction\":[{\"@type\":\"CommentAction\",\"name\":\"Comment\",\"target\":[\"https:\/\/capellisport.eu\/de\/capelli-sport-x-1-fc-dueren\/#respond\"]}]},{\"@type\":\"WebPage\",\"@id\":\"https:\/\/capellisport.eu\/de\/capelli-sport-x-1-fc-dueren\/\",\"url\":\"https:\/\/capellisport.eu\/de\/capelli-sport-x-1-fc-dueren\/\",\"name\":\"Capelli Sport X 1. FC D\u00fcren - CAPELLI SPORT Europe\",\"isPartOf\":{\"@id\":\"https:\/\/capellisport.eu\/#website\"},\"primaryImageOfPage\":{\"@id\":\"https:\/\/capellisport.eu\/de\/capelli-sport-x-1-fc-dueren\/#primaryimage\"},\"image\":{\"@id\":\"https:\/\/capellisport.eu\/de\/capelli-sport-x-1-fc-dueren\/#primaryimage\"},\"thumbnailUrl\":\"https:\/\/capellisport.eu\/wp-content\/uploads\/2022\/06\/Capelli-Sport-X-1.-FC-Dueren-1.jpg\",\"datePublished\":\"2022-06-27T07:14:50+00:00\",\"dateModified\":\"2022-06-27T07:22:37+00:00\",\"breadcrumb\":{\"@id\":\"https:\/\/capellisport.eu\/de\/capelli-sport-x-1-fc-dueren\/#breadcrumb\"},\"inLanguage\":\"de\",\"potentialAction\":[{\"@type\":\"ReadAction\",\"target\":[\"https:\/\/capellisport.eu\/de\/capelli-sport-x-1-fc-dueren\/\"]}]},{\"@type\":\"ImageObject\",\"inLanguage\":\"de\",\"@id\":\"https:\/\/capellisport.eu\/de\/capelli-sport-x-1-fc-dueren\/#primaryimage\",\"url\":\"https:\/\/capellisport.eu\/wp-content\/uploads\/2022\/06\/Capelli-Sport-X-1.-FC-Dueren-1.jpg\",\"contentUrl\":\"https:\/\/capellisport.eu\/wp-content\/uploads\/2022\/06\/Capelli-Sport-X-1.-FC-Dueren-1.jpg\",\"width\":1581,\"height\":1054},{\"@type\":\"BreadcrumbList\",\"@id\":\"https:\/\/capellisport.eu\/de\/capelli-sport-x-1-fc-dueren\/#breadcrumb\",\"itemListElement\":[{\"@type\":\"ListItem\",\"position\":1,\"name\":\"Home\",\"item\":\"https:\/\/capellisport.eu\/de\/frontpage\/\"},{\"@type\":\"ListItem\",\"position\":2,\"name\":\"Capelli Sport X 1. FC D\u00fcren\"}]},{\"@type\":\"WebSite\",\"@id\":\"https:\/\/capellisport.eu\/#website\",\"url\":\"https:\/\/capellisport.eu\/\",\"name\":\"CAPELLI SPORT Europe\",\"description\":\"\",\"publisher\":{\"@id\":\"https:\/\/capellisport.eu\/#organization\"},\"potentialAction\":[{\"@type\":\"SearchAction\",\"target\":{\"@type\":\"EntryPoint\",\"urlTemplate\":\"https:\/\/capellisport.eu\/?s={search_term_string}\"},\"query-input\":{\"@type\":\"PropertyValueSpecification\",\"valueRequired\":true,\"valueName\":\"search_term_string\"}}],\"inLanguage\":\"de\"},{\"@type\":\"Organization\",\"@id\":\"https:\/\/capellisport.eu\/#organization\",\"name\":\"CAPELLI SPORT Europe\",\"url\":\"https:\/\/capellisport.eu\/\",\"logo\":{\"@type\":\"ImageObject\",\"inLanguage\":\"de\",\"@id\":\"https:\/\/capellisport.eu\/#\/schema\/logo\/image\/\",\"url\":\"https:\/\/capellisport.eu\/wp-content\/uploads\/2019\/08\/CAPELLI-SPORT_LOGO_schwarz-auf-weiss-01-scaled.jpg\",\"contentUrl\":\"https:\/\/capellisport.eu\/wp-content\/uploads\/2019\/08\/CAPELLI-SPORT_LOGO_schwarz-auf-weiss-01-scaled.jpg\",\"width\":2560,\"height\":1440,\"caption\":\"CAPELLI SPORT Europe\"},\"image\":{\"@id\":\"https:\/\/capellisport.eu\/#\/schema\/logo\/image\/\"}},{\"@type\":\"Person\",\"@id\":\"https:\/\/capellisport.eu\/#\/schema\/person\/651063bf010667890802d0f4b6f24c8c\",\"name\":\"nick\"}]}<\/script>\n<!-- \/ Yoast SEO plugin. -->","yoast_head_json":{"title":"Capelli Sport X 1. FC D\u00fcren - CAPELLI SPORT Europe","robots":{"index":"index","follow":"follow","max-snippet":"max-snippet:-1","max-image-preview":"max-image-preview:large","max-video-preview":"max-video-preview:-1"},"canonical":"https:\/\/capellisport.eu\/de\/capelli-sport-x-1-fc-dueren\/","og_locale":"de_DE","og_type":"article","og_title":"Capelli Sport X 1. FC D\u00fcren - CAPELLI SPORT Europe","og_description":"27. Juni, 2022 Capelli Sport X 1. FC D\u00fcren Capelli Sport verk\u00fcndet neue Partnerschaft mit dem Regionalligaaufsteiger 1. FC D\u00fcren. &nbsp; Capelli Sport und der 1. FC D\u00fcren starten in eine neue Zusammenarbeit. Der Teamsportspezialist ist sehr gl\u00fccklich dar\u00fcber, dass er den Regionalligaaufsteiger aus D\u00fcren als neuen Partner gewinnen konnte. Die Partnerschaft ist zun\u00e4chst auf &hellip; \u201eCapelli Sport X 1. FC D\u00fcren\u201c weiterlesen","og_url":"https:\/\/capellisport.eu\/de\/capelli-sport-x-1-fc-dueren\/","og_site_name":"CAPELLI SPORT Europe","article_published_time":"2022-06-27T07:14:50+00:00","article_modified_time":"2022-06-27T07:22:37+00:00","og_image":[{"width":1581,"height":1054,"url":"https:\/\/capellisport.eu\/wp-content\/uploads\/2022\/06\/Capelli-Sport-X-1.-FC-Dueren-1.jpg","type":"image\/jpeg"}],"author":"nick","twitter_card":"summary_large_image","twitter_misc":{"Verfasst von":"nick","Gesch\u00e4tzte Lesezeit":"3\u00a0Minuten"},"schema":{"@context":"https:\/\/schema.org","@graph":[{"@type":"Article","@id":"https:\/\/capellisport.eu\/de\/capelli-sport-x-1-fc-dueren\/#article","isPartOf":{"@id":"https:\/\/capellisport.eu\/de\/capelli-sport-x-1-fc-dueren\/"},"author":{"name":"nick","@id":"https:\/\/capellisport.eu\/#\/schema\/person\/651063bf010667890802d0f4b6f24c8c"},"headline":"Capelli Sport X 1. FC D\u00fcren","datePublished":"2022-06-27T07:14:50+00:00","dateModified":"2022-06-27T07:22:37+00:00","mainEntityOfPage":{"@id":"https:\/\/capellisport.eu\/de\/capelli-sport-x-1-fc-dueren\/"},"wordCount":575,"commentCount":0,"publisher":{"@id":"https:\/\/capellisport.eu\/#organization"},"image":{"@id":"https:\/\/capellisport.eu\/de\/capelli-sport-x-1-fc-dueren\/#primaryimage"},"thumbnailUrl":"https:\/\/capellisport.eu\/wp-content\/uploads\/2022\/06\/Capelli-Sport-X-1.-FC-Dueren-1.jpg","articleSection":["News"],"inLanguage":"de","potentialAction":[{"@type":"CommentAction","name":"Comment","target":["https:\/\/capellisport.eu\/de\/capelli-sport-x-1-fc-dueren\/#respond"]}]},{"@type":"WebPage","@id":"https:\/\/capellisport.eu\/de\/capelli-sport-x-1-fc-dueren\/","url":"https:\/\/capellisport.eu\/de\/capelli-sport-x-1-fc-dueren\/","name":"Capelli Sport X 1. FC D\u00fcren - CAPELLI SPORT Europe","isPartOf":{"@id":"https:\/\/capellisport.eu\/#website"},"primaryImageOfPage":{"@id":"https:\/\/capellisport.eu\/de\/capelli-sport-x-1-fc-dueren\/#primaryimage"},"image":{"@id":"https:\/\/capellisport.eu\/de\/capelli-sport-x-1-fc-dueren\/#primaryimage"},"thumbnailUrl":"https:\/\/capellisport.eu\/wp-content\/uploads\/2022\/06\/Capelli-Sport-X-1.-FC-Dueren-1.jpg","datePublished":"2022-06-27T07:14:50+00:00","dateModified":"2022-06-27T07:22:37+00:00","breadcrumb":{"@id":"https:\/\/capellisport.eu\/de\/capelli-sport-x-1-fc-dueren\/#breadcrumb"},"inLanguage":"de","potentialAction":[{"@type":"ReadAction","target":["https:\/\/capellisport.eu\/de\/capelli-sport-x-1-fc-dueren\/"]}]},{"@type":"ImageObject","inLanguage":"de","@id":"https:\/\/capellisport.eu\/de\/capelli-sport-x-1-fc-dueren\/#primaryimage","url":"https:\/\/capellisport.eu\/wp-content\/uploads\/2022\/06\/Capelli-Sport-X-1.-FC-Dueren-1.jpg","contentUrl":"https:\/\/capellisport.eu\/wp-content\/uploads\/2022\/06\/Capelli-Sport-X-1.-FC-Dueren-1.jpg","width":1581,"height":1054},{"@type":"BreadcrumbList","@id":"https:\/\/capellisport.eu\/de\/capelli-sport-x-1-fc-dueren\/#breadcrumb","itemListElement":[{"@type":"ListItem","position":1,"name":"Home","item":"https:\/\/capellisport.eu\/de\/frontpage\/"},{"@type":"ListItem","position":2,"name":"Capelli Sport X 1. FC D\u00fcren"}]},{"@type":"WebSite","@id":"https:\/\/capellisport.eu\/#website","url":"https:\/\/capellisport.eu\/","name":"CAPELLI SPORT Europe","description":"","publisher":{"@id":"https:\/\/capellisport.eu\/#organization"},"potentialAction":[{"@type":"SearchAction","target":{"@type":"EntryPoint","urlTemplate":"https:\/\/capellisport.eu\/?s={search_term_string}"},"query-input":{"@type":"PropertyValueSpecification","valueRequired":true,"valueName":"search_term_string"}}],"inLanguage":"de"},{"@type":"Organization","@id":"https:\/\/capellisport.eu\/#organization","name":"CAPELLI SPORT Europe","url":"https:\/\/capellisport.eu\/","logo":{"@type":"ImageObject","inLanguage":"de","@id":"https:\/\/capellisport.eu\/#\/schema\/logo\/image\/","url":"https:\/\/capellisport.eu\/wp-content\/uploads\/2019\/08\/CAPELLI-SPORT_LOGO_schwarz-auf-weiss-01-scaled.jpg","contentUrl":"https:\/\/capellisport.eu\/wp-content\/uploads\/2019\/08\/CAPELLI-SPORT_LOGO_schwarz-auf-weiss-01-scaled.jpg","width":2560,"height":1440,"caption":"CAPELLI SPORT Europe"},"image":{"@id":"https:\/\/capellisport.eu\/#\/schema\/logo\/image\/"}},{"@type":"Person","@id":"https:\/\/capellisport.eu\/#\/schema\/person\/651063bf010667890802d0f4b6f24c8c","name":"nick"}]}},"_links":{"self":[{"href":"https:\/\/capellisport.eu\/de\/wp-json\/wp\/v2\/posts\/70277","targetHints":{"allow":["GET"]}}],"collection":[{"href":"https:\/\/capellisport.eu\/de\/wp-json\/wp\/v2\/posts"}],"about":[{"href":"https:\/\/capellisport.eu\/de\/wp-json\/wp\/v2\/types\/post"}],"author":[{"embeddable":true,"href":"https:\/\/capellisport.eu\/de\/wp-json\/wp\/v2\/users\/11334"}],"replies":[{"embeddable":true,"href":"https:\/\/capellisport.eu\/de\/wp-json\/wp\/v2\/comments?post=70277"}],"version-history":[{"count":4,"href":"https:\/\/capellisport.eu\/de\/wp-json\/wp\/v2\/posts\/70277\/revisions"}],"predecessor-version":[{"id":70418,"href":"https:\/\/capellisport.eu\/de\/wp-json\/wp\/v2\/posts\/70277\/revisions\/70418"}],"wp:featuredmedia":[{"embeddable":true,"href":"https:\/\/capellisport.eu\/de\/wp-json\/wp\/v2\/media\/70282"}],"wp:attachment":[{"href":"https:\/\/capellisport.eu\/de\/wp-json\/wp\/v2\/media?parent=70277"}],"wp:term":[{"taxonomy":"category","embeddable":true,"href":"https:\/\/capellisport.eu\/de\/wp-json\/wp\/v2\/categories?post=70277"},{"taxonomy":"post_tag","embeddable":true,"href":"https:\/\/capellisport.eu\/de\/wp-json\/wp\/v2\/tags?post=70277"}],"curies":[{"name":"wp","href":"https:\/\/api.w.org\/{rel}","templated":true}]}}