{"id":70378,"date":"2022-06-27T12:36:22","date_gmt":"2022-06-27T10:36:22","guid":{"rendered":"https:\/\/capellisport.eu\/?p=70378"},"modified":"2022-06-27T12:36:22","modified_gmt":"2022-06-27T10:36:22","slug":"capelli-sport-x-spvgg-bayreuth","status":"publish","type":"post","link":"https:\/\/capellisport.eu\/de\/capelli-sport-x-spvgg-bayreuth\/","title":{"rendered":"Capelli Sport X SpVgg Bayreuth"},"content":{"rendered":"<p><img loading=\"lazy\" decoding=\"async\" class=\"alignnone size-medium wp-image-70381\" src=\"https:\/\/capellisport.eu\/wp-content\/uploads\/2022\/06\/Screenshot-125-768x196.png\" alt=\"\" width=\"768\" height=\"196\" srcset=\"https:\/\/capellisport.eu\/wp-content\/uploads\/2022\/06\/Screenshot-125-768x196.png 768w, https:\/\/capellisport.eu\/wp-content\/uploads\/2022\/06\/Screenshot-125-600x153.png 600w, https:\/\/capellisport.eu\/wp-content\/uploads\/2022\/06\/Screenshot-125-400x102.png 400w, https:\/\/capellisport.eu\/wp-content\/uploads\/2022\/06\/Screenshot-125-750x192.png 750w, https:\/\/capellisport.eu\/wp-content\/uploads\/2022\/06\/Screenshot-125.png 845w\" sizes=\"auto, (max-width: 706px) 89vw, (max-width: 767px) 82vw, 740px\" \/><\/p>\n<p><strong>27. Juni, 2022<\/strong><\/p>\n<p><strong>Capelli Sport X SpVgg Bayreuth<\/strong><\/p>\n<p><em>Capelli Sport erweitert sein Engagement im Profifu\u00dfball und verk\u00fcndet die Partnerschaft mit Drittligaaufsteiger SpVgg Bayreuth.<\/em><\/p>\n<figure id=\"attachment_70379\" aria-describedby=\"caption-attachment-70379\" style=\"width: 720px\" class=\"wp-caption alignnone\"><img loading=\"lazy\" decoding=\"async\" class=\"wp-image-70379 size-full\" src=\"https:\/\/capellisport.eu\/wp-content\/uploads\/2022\/06\/CS-x-SpVgg-Bayreuth.jpg\" alt=\"\" width=\"720\" height=\"405\" srcset=\"https:\/\/capellisport.eu\/wp-content\/uploads\/2022\/06\/CS-x-SpVgg-Bayreuth.jpg 720w, https:\/\/capellisport.eu\/wp-content\/uploads\/2022\/06\/CS-x-SpVgg-Bayreuth-600x338.jpg 600w, https:\/\/capellisport.eu\/wp-content\/uploads\/2022\/06\/CS-x-SpVgg-Bayreuth-400x225.jpg 400w\" sizes=\"auto, (max-width: 720px) 100vw, 720px\" \/><figcaption id=\"caption-attachment-70379\" class=\"wp-caption-text\">V.l.n.r.: J\u00f6rg Schmalfu\u00df (Gesch\u00e4ftsf\u00fchrer, SpVgg Bayreuth), Michael Wiehrl (Area Sales Manager, Capelli Sport) Foto: Andreas B\u00e4r<\/figcaption><\/figure>\n<p>Capelli Sport freut sich den frischgebackenen Drittligaaufsteiger aus Bayreuth in der Capelli Sport Familie begr\u00fc\u00dfen zu d\u00fcrfen. Beide Seiten konnten sich auf eine Zusammenarbeit bis vorerst 2025 einigen. Ab der Saison 2022\/23 wird sowohl die Herren-Mannschaft sowie alle Nachwuchsteams der Oberfranken mit einheitlicher Spiel- und Trainingsbekleidung von Capelli Sport ausgestattet.<\/p>\n<p>&nbsp;<\/p>\n<p>Mit dem Aufstieg in die 3. Liga blickt der Traditionsverein auf eine der erfolgreichsten Saisons der Vereinsgeschichte zur\u00fcck. Der Sportartikelhersteller mit Wurzeln in den USA und die SpVgg Bayreuth denken in ihrer Zusammenarbeit weit \u00fcber ein klassisches Ausr\u00fcsterengagement hinaus und sehen sich viel mehr als strategische Partner. Gemeinsam will man auf dem Erfolg der vergangenen Spielzeit weiter aufbauen.<\/p>\n<p>&nbsp;<\/p>\n<p>Capelli Sport konnte sich in den letzten Jahren einen Namen als zuverl\u00e4ssiger Partner im Profisport machen. Neben der SpVgg Bayreuth arbeitet der Teamsportspezialist unter anderem mit vier weiteren Drittligisten zusammen, darunter Vereine wie der MSV Duisburg oder SV Waldhof Mannheim.<\/p>\n<p>&nbsp;<\/p>\n<p><strong>Area Sales Manager Capelli Sport, Michael Wiehrl sagt:<\/strong><\/p>\n<p>\u201eDie SpVgg Bayreuth steht f\u00fcr einen erfolgreichen und ansehnlichen Fu\u00dfball, das haben sie sp\u00e4testens mit dem Aufstieg in die dritth\u00f6chste Spielklasse unter Beweis gestellt. Es macht uns sehr gl\u00fccklich, dass wir sie als Partner gewinnen und somit unser Engagement im deutschen Profifu\u00dfball weiter ausbauen k\u00f6nnen. F\u00fcr mich war bereits nach den ersten Gespr\u00e4chen klar \u2013 Capelli Sport und die SpVgg Bayreuth, das passt. Wir freuen uns auf die Zusammenarbeit und blicken optimistisch in die kommenden Jahre.\u201c<\/p>\n<p>&nbsp;<\/p>\n<p><strong>Gesch\u00e4ftsf\u00fchrer SpVgg Bayreuth, J\u00f6rg Schmalfu\u00df sagt:<\/strong><\/p>\n<p>\u201eF\u00fcr uns ist die neue Partnerschaft mit Capelli Sport ein wegweisender Schritt, der uns als Verein ganz neue M\u00f6glichkeiten offenbart. In zahlreichen Gespr\u00e4chen im Vorfeld, auch mit anderen Ausr\u00fcstern, war Capelli Sport derjenige, der sich ziemlich schnell als gro\u00dfer Favorit herauskristallisierte. Wir gewinnen einen starken und innovativen Partner und freuen uns auf die n\u00e4chsten Jahre.\u201c<\/p>\n<p><strong>\u00a0<\/strong><\/p>\n<p><strong>\u00dcber Capelli Sport <\/strong><\/p>\n<p>Capelli Sport wurde 2011 in der Mode-Metropole New York City gegr\u00fcndet. Als weltweit agierende Sport und Lifestyle Marke steht Capelli Sport f\u00fcr hohe Funktionalit\u00e4t, Qualit\u00e4t und individuellen Service im Profi- und Amateursport.<\/p>\n<p>Capelli Sport \u00fcberzeugt mit erstklassiger Sportbekleidung, professionellem Equipment und trendigen Lifestyle Produkten und ist als Ausr\u00fcster und verl\u00e4sslicher Partner von Sportlern und Vereinen international etabliert.<\/p>\n<p>Zur Unternehmensphilosophie geh\u00f6rt, dass das Engagement und die F\u00f6rderung im Jugend- und Amateursport ebenso wichtig ist, wie die erfolgreiche Zusammenarbeit mit Proficlubs aus den nationalen und internationalen Ligen.<\/p>\n<p>Erfahren Sie mehr unter <a href=\"https:\/\/capellisport.eu\/\">capellisport.eu<\/a> und finden Sie Capelli Sport auf Twitter (<a href=\"https:\/\/twitter.com\/capellisport?lang=de\">@capellisport<\/a>) und Instagram (<a href=\"https:\/\/www.instagram.com\/capellisport\/\">@capellisport<\/a>), oder besuchen Sie die Capelli Sport Facebook-Seite (<a href=\"https:\/\/www.facebook.com\/CapelliSport\/\">@CapelliSport<\/a>).<\/p>\n<p>&nbsp;<\/p>\n","protected":false},"excerpt":{"rendered":"<p>27. Juni, 2022 Capelli Sport X SpVgg Bayreuth Capelli Sport erweitert sein Engagement im Profifu\u00dfball und verk\u00fcndet die Partnerschaft mit Drittligaaufsteiger SpVgg Bayreuth. Capelli Sport freut sich den frischgebackenen Drittligaaufsteiger aus Bayreuth in der Capelli Sport Familie begr\u00fc\u00dfen zu d\u00fcrfen. Beide Seiten konnten sich auf eine Zusammenarbeit bis vorerst 2025 einigen. Ab der Saison 2022\/23 &hellip; <\/p>\n<p class=\"link-more\"><a href=\"https:\/\/capellisport.eu\/de\/capelli-sport-x-spvgg-bayreuth\/\" class=\"more-link\"><span class=\"screen-reader-text\">\u201eCapelli Sport X SpVgg Bayreuth\u201c<\/span> weiterlesen<\/a><\/p>\n","protected":false},"author":11334,"featured_media":70379,"comment_status":"open","ping_status":"closed","sticky":false,"template":"","format":"standard","meta":{"_acf_changed":false,"footnotes":""},"categories":[16],"tags":[],"class_list":["post-70378","post","type-post","status-publish","format-standard","has-post-thumbnail","hentry","category-neuigkeiten"],"acf":[],"yoast_head":"<!-- This site is optimized with the Yoast SEO plugin v25.4 - https:\/\/yoast.com\/wordpress\/plugins\/seo\/ -->\n<title>Capelli Sport X SpVgg Bayreuth - CAPELLI SPORT Europe<\/title>\n<meta name=\"robots\" content=\"index, follow, max-snippet:-1, max-image-preview:large, max-video-preview:-1\" \/>\n<link rel=\"canonical\" href=\"https:\/\/capellisport.eu\/de\/capelli-sport-x-spvgg-bayreuth\/\" \/>\n<meta property=\"og:locale\" content=\"de_DE\" \/>\n<meta property=\"og:type\" content=\"article\" \/>\n<meta property=\"og:title\" content=\"Capelli Sport X SpVgg Bayreuth - CAPELLI SPORT Europe\" \/>\n<meta property=\"og:description\" content=\"27. Juni, 2022 Capelli Sport X SpVgg Bayreuth Capelli Sport erweitert sein Engagement im Profifu\u00dfball und verk\u00fcndet die Partnerschaft mit Drittligaaufsteiger SpVgg Bayreuth. Capelli Sport freut sich den frischgebackenen Drittligaaufsteiger aus Bayreuth in der Capelli Sport Familie begr\u00fc\u00dfen zu d\u00fcrfen. Beide Seiten konnten sich auf eine Zusammenarbeit bis vorerst 2025 einigen. Ab der Saison 2022\/23 &hellip; \u201eCapelli Sport X SpVgg Bayreuth\u201c weiterlesen\" \/>\n<meta property=\"og:url\" content=\"https:\/\/capellisport.eu\/de\/capelli-sport-x-spvgg-bayreuth\/\" \/>\n<meta property=\"og:site_name\" content=\"CAPELLI SPORT Europe\" \/>\n<meta property=\"article:published_time\" content=\"2022-06-27T10:36:22+00:00\" \/>\n<meta property=\"og:image\" content=\"https:\/\/capellisport.eu\/wp-content\/uploads\/2022\/06\/CS-x-SpVgg-Bayreuth.jpg\" \/>\n\t<meta property=\"og:image:width\" content=\"720\" \/>\n\t<meta property=\"og:image:height\" content=\"405\" \/>\n\t<meta property=\"og:image:type\" content=\"image\/jpeg\" \/>\n<meta name=\"author\" content=\"nick\" \/>\n<meta name=\"twitter:card\" content=\"summary_large_image\" \/>\n<meta name=\"twitter:label1\" content=\"Verfasst von\" \/>\n\t<meta name=\"twitter:data1\" content=\"nick\" \/>\n\t<meta name=\"twitter:label2\" content=\"Gesch\u00e4tzte Lesezeit\" \/>\n\t<meta name=\"twitter:data2\" content=\"3\u00a0Minuten\" \/>\n<script type=\"application\/ld+json\" class=\"yoast-schema-graph\">{\"@context\":\"https:\/\/schema.org\",\"@graph\":[{\"@type\":\"Article\",\"@id\":\"https:\/\/capellisport.eu\/de\/capelli-sport-x-spvgg-bayreuth\/#article\",\"isPartOf\":{\"@id\":\"https:\/\/capellisport.eu\/de\/capelli-sport-x-spvgg-bayreuth\/\"},\"author\":{\"name\":\"nick\",\"@id\":\"https:\/\/capellisport.eu\/#\/schema\/person\/651063bf010667890802d0f4b6f24c8c\"},\"headline\":\"Capelli Sport X SpVgg Bayreuth\",\"datePublished\":\"2022-06-27T10:36:22+00:00\",\"mainEntityOfPage\":{\"@id\":\"https:\/\/capellisport.eu\/de\/capelli-sport-x-spvgg-bayreuth\/\"},\"wordCount\":495,\"commentCount\":0,\"publisher\":{\"@id\":\"https:\/\/capellisport.eu\/#organization\"},\"image\":{\"@id\":\"https:\/\/capellisport.eu\/de\/capelli-sport-x-spvgg-bayreuth\/#primaryimage\"},\"thumbnailUrl\":\"https:\/\/capellisport.eu\/wp-content\/uploads\/2022\/06\/CS-x-SpVgg-Bayreuth.jpg\",\"articleSection\":[\"News\"],\"inLanguage\":\"de\",\"potentialAction\":[{\"@type\":\"CommentAction\",\"name\":\"Comment\",\"target\":[\"https:\/\/capellisport.eu\/de\/capelli-sport-x-spvgg-bayreuth\/#respond\"]}]},{\"@type\":\"WebPage\",\"@id\":\"https:\/\/capellisport.eu\/de\/capelli-sport-x-spvgg-bayreuth\/\",\"url\":\"https:\/\/capellisport.eu\/de\/capelli-sport-x-spvgg-bayreuth\/\",\"name\":\"Capelli Sport X SpVgg Bayreuth - CAPELLI SPORT Europe\",\"isPartOf\":{\"@id\":\"https:\/\/capellisport.eu\/#website\"},\"primaryImageOfPage\":{\"@id\":\"https:\/\/capellisport.eu\/de\/capelli-sport-x-spvgg-bayreuth\/#primaryimage\"},\"image\":{\"@id\":\"https:\/\/capellisport.eu\/de\/capelli-sport-x-spvgg-bayreuth\/#primaryimage\"},\"thumbnailUrl\":\"https:\/\/capellisport.eu\/wp-content\/uploads\/2022\/06\/CS-x-SpVgg-Bayreuth.jpg\",\"datePublished\":\"2022-06-27T10:36:22+00:00\",\"breadcrumb\":{\"@id\":\"https:\/\/capellisport.eu\/de\/capelli-sport-x-spvgg-bayreuth\/#breadcrumb\"},\"inLanguage\":\"de\",\"potentialAction\":[{\"@type\":\"ReadAction\",\"target\":[\"https:\/\/capellisport.eu\/de\/capelli-sport-x-spvgg-bayreuth\/\"]}]},{\"@type\":\"ImageObject\",\"inLanguage\":\"de\",\"@id\":\"https:\/\/capellisport.eu\/de\/capelli-sport-x-spvgg-bayreuth\/#primaryimage\",\"url\":\"https:\/\/capellisport.eu\/wp-content\/uploads\/2022\/06\/CS-x-SpVgg-Bayreuth.jpg\",\"contentUrl\":\"https:\/\/capellisport.eu\/wp-content\/uploads\/2022\/06\/CS-x-SpVgg-Bayreuth.jpg\",\"width\":720,\"height\":405},{\"@type\":\"BreadcrumbList\",\"@id\":\"https:\/\/capellisport.eu\/de\/capelli-sport-x-spvgg-bayreuth\/#breadcrumb\",\"itemListElement\":[{\"@type\":\"ListItem\",\"position\":1,\"name\":\"Home\",\"item\":\"https:\/\/capellisport.eu\/de\/frontpage\/\"},{\"@type\":\"ListItem\",\"position\":2,\"name\":\"Capelli Sport X SpVgg Bayreuth\"}]},{\"@type\":\"WebSite\",\"@id\":\"https:\/\/capellisport.eu\/#website\",\"url\":\"https:\/\/capellisport.eu\/\",\"name\":\"CAPELLI SPORT Europe\",\"description\":\"\",\"publisher\":{\"@id\":\"https:\/\/capellisport.eu\/#organization\"},\"potentialAction\":[{\"@type\":\"SearchAction\",\"target\":{\"@type\":\"EntryPoint\",\"urlTemplate\":\"https:\/\/capellisport.eu\/?s={search_term_string}\"},\"query-input\":{\"@type\":\"PropertyValueSpecification\",\"valueRequired\":true,\"valueName\":\"search_term_string\"}}],\"inLanguage\":\"de\"},{\"@type\":\"Organization\",\"@id\":\"https:\/\/capellisport.eu\/#organization\",\"name\":\"CAPELLI SPORT Europe\",\"url\":\"https:\/\/capellisport.eu\/\",\"logo\":{\"@type\":\"ImageObject\",\"inLanguage\":\"de\",\"@id\":\"https:\/\/capellisport.eu\/#\/schema\/logo\/image\/\",\"url\":\"https:\/\/capellisport.eu\/wp-content\/uploads\/2019\/08\/CAPELLI-SPORT_LOGO_schwarz-auf-weiss-01-scaled.jpg\",\"contentUrl\":\"https:\/\/capellisport.eu\/wp-content\/uploads\/2019\/08\/CAPELLI-SPORT_LOGO_schwarz-auf-weiss-01-scaled.jpg\",\"width\":2560,\"height\":1440,\"caption\":\"CAPELLI SPORT Europe\"},\"image\":{\"@id\":\"https:\/\/capellisport.eu\/#\/schema\/logo\/image\/\"}},{\"@type\":\"Person\",\"@id\":\"https:\/\/capellisport.eu\/#\/schema\/person\/651063bf010667890802d0f4b6f24c8c\",\"name\":\"nick\"}]}<\/script>\n<!-- \/ Yoast SEO plugin. -->","yoast_head_json":{"title":"Capelli Sport X SpVgg Bayreuth - CAPELLI SPORT Europe","robots":{"index":"index","follow":"follow","max-snippet":"max-snippet:-1","max-image-preview":"max-image-preview:large","max-video-preview":"max-video-preview:-1"},"canonical":"https:\/\/capellisport.eu\/de\/capelli-sport-x-spvgg-bayreuth\/","og_locale":"de_DE","og_type":"article","og_title":"Capelli Sport X SpVgg Bayreuth - CAPELLI SPORT Europe","og_description":"27. Juni, 2022 Capelli Sport X SpVgg Bayreuth Capelli Sport erweitert sein Engagement im Profifu\u00dfball und verk\u00fcndet die Partnerschaft mit Drittligaaufsteiger SpVgg Bayreuth. Capelli Sport freut sich den frischgebackenen Drittligaaufsteiger aus Bayreuth in der Capelli Sport Familie begr\u00fc\u00dfen zu d\u00fcrfen. Beide Seiten konnten sich auf eine Zusammenarbeit bis vorerst 2025 einigen. Ab der Saison 2022\/23 &hellip; \u201eCapelli Sport X SpVgg Bayreuth\u201c weiterlesen","og_url":"https:\/\/capellisport.eu\/de\/capelli-sport-x-spvgg-bayreuth\/","og_site_name":"CAPELLI SPORT Europe","article_published_time":"2022-06-27T10:36:22+00:00","og_image":[{"width":720,"height":405,"url":"https:\/\/capellisport.eu\/wp-content\/uploads\/2022\/06\/CS-x-SpVgg-Bayreuth.jpg","type":"image\/jpeg"}],"author":"nick","twitter_card":"summary_large_image","twitter_misc":{"Verfasst von":"nick","Gesch\u00e4tzte Lesezeit":"3\u00a0Minuten"},"schema":{"@context":"https:\/\/schema.org","@graph":[{"@type":"Article","@id":"https:\/\/capellisport.eu\/de\/capelli-sport-x-spvgg-bayreuth\/#article","isPartOf":{"@id":"https:\/\/capellisport.eu\/de\/capelli-sport-x-spvgg-bayreuth\/"},"author":{"name":"nick","@id":"https:\/\/capellisport.eu\/#\/schema\/person\/651063bf010667890802d0f4b6f24c8c"},"headline":"Capelli Sport X SpVgg Bayreuth","datePublished":"2022-06-27T10:36:22+00:00","mainEntityOfPage":{"@id":"https:\/\/capellisport.eu\/de\/capelli-sport-x-spvgg-bayreuth\/"},"wordCount":495,"commentCount":0,"publisher":{"@id":"https:\/\/capellisport.eu\/#organization"},"image":{"@id":"https:\/\/capellisport.eu\/de\/capelli-sport-x-spvgg-bayreuth\/#primaryimage"},"thumbnailUrl":"https:\/\/capellisport.eu\/wp-content\/uploads\/2022\/06\/CS-x-SpVgg-Bayreuth.jpg","articleSection":["News"],"inLanguage":"de","potentialAction":[{"@type":"CommentAction","name":"Comment","target":["https:\/\/capellisport.eu\/de\/capelli-sport-x-spvgg-bayreuth\/#respond"]}]},{"@type":"WebPage","@id":"https:\/\/capellisport.eu\/de\/capelli-sport-x-spvgg-bayreuth\/","url":"https:\/\/capellisport.eu\/de\/capelli-sport-x-spvgg-bayreuth\/","name":"Capelli Sport X SpVgg Bayreuth - CAPELLI SPORT Europe","isPartOf":{"@id":"https:\/\/capellisport.eu\/#website"},"primaryImageOfPage":{"@id":"https:\/\/capellisport.eu\/de\/capelli-sport-x-spvgg-bayreuth\/#primaryimage"},"image":{"@id":"https:\/\/capellisport.eu\/de\/capelli-sport-x-spvgg-bayreuth\/#primaryimage"},"thumbnailUrl":"https:\/\/capellisport.eu\/wp-content\/uploads\/2022\/06\/CS-x-SpVgg-Bayreuth.jpg","datePublished":"2022-06-27T10:36:22+00:00","breadcrumb":{"@id":"https:\/\/capellisport.eu\/de\/capelli-sport-x-spvgg-bayreuth\/#breadcrumb"},"inLanguage":"de","potentialAction":[{"@type":"ReadAction","target":["https:\/\/capellisport.eu\/de\/capelli-sport-x-spvgg-bayreuth\/"]}]},{"@type":"ImageObject","inLanguage":"de","@id":"https:\/\/capellisport.eu\/de\/capelli-sport-x-spvgg-bayreuth\/#primaryimage","url":"https:\/\/capellisport.eu\/wp-content\/uploads\/2022\/06\/CS-x-SpVgg-Bayreuth.jpg","contentUrl":"https:\/\/capellisport.eu\/wp-content\/uploads\/2022\/06\/CS-x-SpVgg-Bayreuth.jpg","width":720,"height":405},{"@type":"BreadcrumbList","@id":"https:\/\/capellisport.eu\/de\/capelli-sport-x-spvgg-bayreuth\/#breadcrumb","itemListElement":[{"@type":"ListItem","position":1,"name":"Home","item":"https:\/\/capellisport.eu\/de\/frontpage\/"},{"@type":"ListItem","position":2,"name":"Capelli Sport X SpVgg Bayreuth"}]},{"@type":"WebSite","@id":"https:\/\/capellisport.eu\/#website","url":"https:\/\/capellisport.eu\/","name":"CAPELLI SPORT Europe","description":"","publisher":{"@id":"https:\/\/capellisport.eu\/#organization"},"potentialAction":[{"@type":"SearchAction","target":{"@type":"EntryPoint","urlTemplate":"https:\/\/capellisport.eu\/?s={search_term_string}"},"query-input":{"@type":"PropertyValueSpecification","valueRequired":true,"valueName":"search_term_string"}}],"inLanguage":"de"},{"@type":"Organization","@id":"https:\/\/capellisport.eu\/#organization","name":"CAPELLI SPORT Europe","url":"https:\/\/capellisport.eu\/","logo":{"@type":"ImageObject","inLanguage":"de","@id":"https:\/\/capellisport.eu\/#\/schema\/logo\/image\/","url":"https:\/\/capellisport.eu\/wp-content\/uploads\/2019\/08\/CAPELLI-SPORT_LOGO_schwarz-auf-weiss-01-scaled.jpg","contentUrl":"https:\/\/capellisport.eu\/wp-content\/uploads\/2019\/08\/CAPELLI-SPORT_LOGO_schwarz-auf-weiss-01-scaled.jpg","width":2560,"height":1440,"caption":"CAPELLI SPORT Europe"},"image":{"@id":"https:\/\/capellisport.eu\/#\/schema\/logo\/image\/"}},{"@type":"Person","@id":"https:\/\/capellisport.eu\/#\/schema\/person\/651063bf010667890802d0f4b6f24c8c","name":"nick"}]}},"_links":{"self":[{"href":"https:\/\/capellisport.eu\/de\/wp-json\/wp\/v2\/posts\/70378","targetHints":{"allow":["GET"]}}],"collection":[{"href":"https:\/\/capellisport.eu\/de\/wp-json\/wp\/v2\/posts"}],"about":[{"href":"https:\/\/capellisport.eu\/de\/wp-json\/wp\/v2\/types\/post"}],"author":[{"embeddable":true,"href":"https:\/\/capellisport.eu\/de\/wp-json\/wp\/v2\/users\/11334"}],"replies":[{"embeddable":true,"href":"https:\/\/capellisport.eu\/de\/wp-json\/wp\/v2\/comments?post=70378"}],"version-history":[{"count":2,"href":"https:\/\/capellisport.eu\/de\/wp-json\/wp\/v2\/posts\/70378\/revisions"}],"predecessor-version":[{"id":70422,"href":"https:\/\/capellisport.eu\/de\/wp-json\/wp\/v2\/posts\/70378\/revisions\/70422"}],"wp:featuredmedia":[{"embeddable":true,"href":"https:\/\/capellisport.eu\/de\/wp-json\/wp\/v2\/media\/70379"}],"wp:attachment":[{"href":"https:\/\/capellisport.eu\/de\/wp-json\/wp\/v2\/media?parent=70378"}],"wp:term":[{"taxonomy":"category","embeddable":true,"href":"https:\/\/capellisport.eu\/de\/wp-json\/wp\/v2\/categories?post=70378"},{"taxonomy":"post_tag","embeddable":true,"href":"https:\/\/capellisport.eu\/de\/wp-json\/wp\/v2\/tags?post=70378"}],"curies":[{"name":"wp","href":"https:\/\/api.w.org\/{rel}","templated":true}]}}