{"id":70604,"date":"2022-07-11T18:47:42","date_gmt":"2022-07-11T16:47:42","guid":{"rendered":"https:\/\/capellisport.eu\/?p=70604"},"modified":"2022-07-11T18:47:42","modified_gmt":"2022-07-11T16:47:42","slug":"capelli-sport-x-fc-eichsfeld","status":"publish","type":"post","link":"https:\/\/capellisport.eu\/de\/capelli-sport-x-fc-eichsfeld\/","title":{"rendered":"Capelli Sport X FC Eichsfeld"},"content":{"rendered":"<p><img loading=\"lazy\" decoding=\"async\" class=\"alignnone size-medium wp-image-70607\" src=\"https:\/\/capellisport.eu\/wp-content\/uploads\/2022\/07\/FC-Eichsfeld-Logo.jpg-768x158.png\" alt=\"\" width=\"768\" height=\"158\" srcset=\"https:\/\/capellisport.eu\/wp-content\/uploads\/2022\/07\/FC-Eichsfeld-Logo.jpg-768x158.png 768w, https:\/\/capellisport.eu\/wp-content\/uploads\/2022\/07\/FC-Eichsfeld-Logo.jpg-600x123.png 600w, https:\/\/capellisport.eu\/wp-content\/uploads\/2022\/07\/FC-Eichsfeld-Logo.jpg-1200x246.png 1200w, https:\/\/capellisport.eu\/wp-content\/uploads\/2022\/07\/FC-Eichsfeld-Logo.jpg-400x82.png 400w, https:\/\/capellisport.eu\/wp-content\/uploads\/2022\/07\/FC-Eichsfeld-Logo.jpg-1536x315.png 1536w, https:\/\/capellisport.eu\/wp-content\/uploads\/2022\/07\/FC-Eichsfeld-Logo.jpg-2048x420.png 2048w, https:\/\/capellisport.eu\/wp-content\/uploads\/2022\/07\/FC-Eichsfeld-Logo.jpg-750x154.png 750w, https:\/\/capellisport.eu\/wp-content\/uploads\/2022\/07\/FC-Eichsfeld-Logo.jpg-1920x394.png 1920w\" sizes=\"auto, (max-width: 706px) 89vw, (max-width: 767px) 82vw, 740px\" \/><\/p>\n<p><strong>11 Juli, 2022<\/strong><\/p>\n<p><strong>Capelli Sport X FC Eichsfeld<\/strong><\/p>\n<p><em>Capelli Sport verk\u00fcndet neue Partnerschaft mit dem neu gegr\u00fcndeten FC Eichsfeld.<\/em><\/p>\n<p><img loading=\"lazy\" decoding=\"async\" class=\"alignnone size-full wp-image-70605\" src=\"https:\/\/capellisport.eu\/wp-content\/uploads\/2022\/07\/FC-Eichsfeld.jpg\" alt=\"\" width=\"722\" height=\"470\" srcset=\"https:\/\/capellisport.eu\/wp-content\/uploads\/2022\/07\/FC-Eichsfeld.jpg 722w, https:\/\/capellisport.eu\/wp-content\/uploads\/2022\/07\/FC-Eichsfeld-600x391.jpg 600w, https:\/\/capellisport.eu\/wp-content\/uploads\/2022\/07\/FC-Eichsfeld-400x260.jpg 400w\" sizes=\"auto, (max-width: 722px) 100vw, 722px\" \/><\/p>\n<table width=\"100%\">\n<tbody>\n<tr>\n<td><em>V. l. n. r.: Norman Wohlfeld (1. Vorsitzender, FC Eichsfeld), Michael Wiehrl (<\/em><em>Area Sales Manager, Capelli Sport<\/em><em>)<\/em><em>, Mike Fischer (2. Vorsitzender, FC Eichsfeld)<\/em><\/p>\n<p><em>Foto: Maurice M\u00fcnch<\/em><\/td>\n<\/tr>\n<\/tbody>\n<\/table>\n<p>&nbsp;<\/p>\n<p>Capelli Sport und der FC Eichsfeld verk\u00fcnden ihre Kooperation ab dem 1. Juli 2022. Der Teamsportspezialist mit Wurzeln in den USA ist dabei sehr gl\u00fccklich, dass er den gerade erst neu gegr\u00fcndeten FC Eichsfeld aus Th\u00fcringen als neuen Partner gewinnen konnte. Die Partnerschaft ist zun\u00e4chst auf f\u00fcnf Jahre datiert und umfasst einheitliche Spiel- und Trainingsbekleidung f\u00fcr alle Nachwuchsmannschaften.<\/p>\n<p>Gerade erst neu gegr\u00fcndet, bietet der FC Eichsfeld von Beginn an eine professionelle Struktur f\u00fcr seine Spieler:innen. Mit 16 Jugendmannschaften stellt der Verein bereits jetzt einen betr\u00e4chtlichen Gewinn f\u00fcr die Region dar.<\/p>\n<p>Sowohl Capelli Sport als auch der FC Eichsfeld sehen in der Zusammenarbeit mehr als nur ein klassisches Ausr\u00fcsterengagement und verstehen sich vielmehr als strategische Partner, die gemeinsam in die Zukunft blicken. Capelli Sport wird dem Club aus Th\u00fcringen zuk\u00fcnftig bei weitreichenden Themen beratend zur Seite stehen und helfen den Verein weiter zu etablieren. Dieses vielschichtige Angebot ist ein absolutes Alleinstellungsmerkmal auf dem Markt.<\/p>\n<p>&nbsp;<\/p>\n<p><strong>Michael Wiehrl, Area Sales Manager Capelli Sport sagt:<\/strong><\/p>\n<p>\u201eBeim FC Eichsfeld entsteht gerade ein spannendes Projekt in der Region Th\u00fcringen. Gerade erst neu gegr\u00fcndet wollen wir mit unserer Zusammenarbeit von Anfang an die Weichen f\u00fcr eine gute Saison stellen. Ich bedanke mich herzlich bei den Verantwortlichen f\u00fcr die konstruktiven Gespr\u00e4che im Vorfeld und bin \u00fcberzeugt, dass wir die Zukunft gemeinsam erfolgreich gestalten werden.\u201c<\/p>\n<p>&nbsp;<\/p>\n<p><strong>Norman Wohlfeld, 1. Vorsitzender FC Eichsfeld sagt:<\/strong><\/p>\n<p>\u201eDas zu einem neuen Fu\u00dfballverein auch neue Kleidung mit dem richtigen Logo geh\u00f6rt ist kein Geheimnis. P\u00fcnktlich zum Start des Spielbetriebs im Juli wird der FC Eichsfeld in der Kleidung des amerikanischen Sportartikelhersteller Capelli Sport auflaufen. Als gerade erst gegr\u00fcndeter Verein sind wir sehr gl\u00fccklich dar\u00fcber, einen so erfahrenen und professionellen Partner an unserer Seite zu wissen. Wir sehen Capelli Sport dabei nicht nur als Ausr\u00fcster, sondern als strategischen Partner. Es erf\u00fcllt uns mit gro\u00dfem Stolz ein Teil der Capelli Sport Familie zu werden. Wir bedanken uns bei den Verantwortlichen f\u00fcr die sehr offenen und vertrauensvollen Gespr\u00e4che und blicken optimistisch einer erfolgreichen Partnerschaft entgegen.\u201d<\/p>\n<p><strong>\u00a0<\/strong><\/p>\n<p><em><strong>\u00dcber Capelli Sport <\/strong><\/em><\/p>\n<p><em>Capelli Sport wurde 2011 in der Mode-Metropole New York City gegr\u00fcndet. Als weltweit agierende Sport und Lifestyle Marke steht Capelli Sport f\u00fcr hohe Funktionalit\u00e4t, Qualit\u00e4t und individuellen Service im Profi- und Amateursport.<\/em><\/p>\n<p><em>Capelli Sport \u00fcberzeugt mit erstklassiger Sportbekleidung, professionellem Equipment und trendigen Lifestyle Produkten und ist als Ausr\u00fcster und verl\u00e4sslicher Partner von Sportlern und Vereinen international etabliert.<\/em><\/p>\n<p><em>Zur Unternehmensphilosophie geh\u00f6rt, dass das Engagement und die F\u00f6rderung im Jugend- und Amateursport ebenso wichtig ist, wie die erfolgreiche Zusammenarbeit mit Profiklubs aus den nationalen und internationalen Ligen.<\/em><\/p>\n<p><em>Erfahren Sie mehr unter <a href=\"https:\/\/capellisport.eu\/\">capellisport.eu<\/a> und finden Sie Capelli Sport auf Twitter (<a href=\"https:\/\/twitter.com\/capellisport?lang=de\">@capellisport<\/a>) und Instagram (<a href=\"https:\/\/www.instagram.com\/capellisport\/\">@capellisport<\/a>), oder besuchen Sie die Capelli Sport Facebook-Seite (<a href=\"https:\/\/www.facebook.com\/CapelliSport\/\">@CapelliSport<\/a>).<\/em><\/p>\n","protected":false},"excerpt":{"rendered":"<p>11 Juli, 2022 Capelli Sport X FC Eichsfeld Capelli Sport verk\u00fcndet neue Partnerschaft mit dem neu gegr\u00fcndeten FC Eichsfeld. V. l. n. r.: Norman Wohlfeld (1. Vorsitzender, FC Eichsfeld), Michael Wiehrl (Area Sales Manager, Capelli Sport), Mike Fischer (2. Vorsitzender, FC Eichsfeld) Foto: Maurice M\u00fcnch &nbsp; Capelli Sport und der FC Eichsfeld verk\u00fcnden ihre Kooperation &hellip; <\/p>\n<p class=\"link-more\"><a href=\"https:\/\/capellisport.eu\/de\/capelli-sport-x-fc-eichsfeld\/\" class=\"more-link\"><span class=\"screen-reader-text\">\u201eCapelli Sport X FC Eichsfeld\u201c<\/span> weiterlesen<\/a><\/p>\n","protected":false},"author":11334,"featured_media":70605,"comment_status":"open","ping_status":"closed","sticky":false,"template":"","format":"standard","meta":{"_acf_changed":false,"footnotes":""},"categories":[16],"tags":[],"class_list":["post-70604","post","type-post","status-publish","format-standard","has-post-thumbnail","hentry","category-neuigkeiten"],"acf":[],"yoast_head":"<!-- This site is optimized with the Yoast SEO plugin v25.4 - https:\/\/yoast.com\/wordpress\/plugins\/seo\/ -->\n<title>Capelli Sport X FC Eichsfeld - CAPELLI SPORT Europe<\/title>\n<meta name=\"robots\" content=\"index, follow, max-snippet:-1, max-image-preview:large, max-video-preview:-1\" \/>\n<link rel=\"canonical\" href=\"https:\/\/capellisport.eu\/de\/capelli-sport-x-fc-eichsfeld\/\" \/>\n<meta property=\"og:locale\" content=\"de_DE\" \/>\n<meta property=\"og:type\" content=\"article\" \/>\n<meta property=\"og:title\" content=\"Capelli Sport X FC Eichsfeld - CAPELLI SPORT Europe\" \/>\n<meta property=\"og:description\" content=\"11 Juli, 2022 Capelli Sport X FC Eichsfeld Capelli Sport verk\u00fcndet neue Partnerschaft mit dem neu gegr\u00fcndeten FC Eichsfeld. V. l. n. r.: Norman Wohlfeld (1. Vorsitzender, FC Eichsfeld), Michael Wiehrl (Area Sales Manager, Capelli Sport), Mike Fischer (2. Vorsitzender, FC Eichsfeld) Foto: Maurice M\u00fcnch &nbsp; Capelli Sport und der FC Eichsfeld verk\u00fcnden ihre Kooperation &hellip; \u201eCapelli Sport X FC Eichsfeld\u201c weiterlesen\" \/>\n<meta property=\"og:url\" content=\"https:\/\/capellisport.eu\/de\/capelli-sport-x-fc-eichsfeld\/\" \/>\n<meta property=\"og:site_name\" content=\"CAPELLI SPORT Europe\" \/>\n<meta property=\"article:published_time\" content=\"2022-07-11T16:47:42+00:00\" \/>\n<meta property=\"og:image\" content=\"https:\/\/capellisport.eu\/wp-content\/uploads\/2022\/07\/FC-Eichsfeld.jpg\" \/>\n\t<meta property=\"og:image:width\" content=\"722\" \/>\n\t<meta property=\"og:image:height\" content=\"470\" \/>\n\t<meta property=\"og:image:type\" content=\"image\/jpeg\" \/>\n<meta name=\"author\" content=\"nick\" \/>\n<meta name=\"twitter:card\" content=\"summary_large_image\" \/>\n<meta name=\"twitter:label1\" content=\"Verfasst von\" \/>\n\t<meta name=\"twitter:data1\" content=\"nick\" \/>\n\t<meta name=\"twitter:label2\" content=\"Gesch\u00e4tzte Lesezeit\" \/>\n\t<meta name=\"twitter:data2\" content=\"3\u00a0Minuten\" \/>\n<script type=\"application\/ld+json\" class=\"yoast-schema-graph\">{\"@context\":\"https:\/\/schema.org\",\"@graph\":[{\"@type\":\"Article\",\"@id\":\"https:\/\/capellisport.eu\/de\/capelli-sport-x-fc-eichsfeld\/#article\",\"isPartOf\":{\"@id\":\"https:\/\/capellisport.eu\/de\/capelli-sport-x-fc-eichsfeld\/\"},\"author\":{\"name\":\"nick\",\"@id\":\"https:\/\/capellisport.eu\/#\/schema\/person\/651063bf010667890802d0f4b6f24c8c\"},\"headline\":\"Capelli Sport X FC Eichsfeld\",\"datePublished\":\"2022-07-11T16:47:42+00:00\",\"mainEntityOfPage\":{\"@id\":\"https:\/\/capellisport.eu\/de\/capelli-sport-x-fc-eichsfeld\/\"},\"wordCount\":526,\"commentCount\":0,\"publisher\":{\"@id\":\"https:\/\/capellisport.eu\/#organization\"},\"image\":{\"@id\":\"https:\/\/capellisport.eu\/de\/capelli-sport-x-fc-eichsfeld\/#primaryimage\"},\"thumbnailUrl\":\"https:\/\/capellisport.eu\/wp-content\/uploads\/2022\/07\/FC-Eichsfeld.jpg\",\"articleSection\":[\"News\"],\"inLanguage\":\"de\",\"potentialAction\":[{\"@type\":\"CommentAction\",\"name\":\"Comment\",\"target\":[\"https:\/\/capellisport.eu\/de\/capelli-sport-x-fc-eichsfeld\/#respond\"]}]},{\"@type\":\"WebPage\",\"@id\":\"https:\/\/capellisport.eu\/de\/capelli-sport-x-fc-eichsfeld\/\",\"url\":\"https:\/\/capellisport.eu\/de\/capelli-sport-x-fc-eichsfeld\/\",\"name\":\"Capelli Sport X FC Eichsfeld - CAPELLI SPORT Europe\",\"isPartOf\":{\"@id\":\"https:\/\/capellisport.eu\/#website\"},\"primaryImageOfPage\":{\"@id\":\"https:\/\/capellisport.eu\/de\/capelli-sport-x-fc-eichsfeld\/#primaryimage\"},\"image\":{\"@id\":\"https:\/\/capellisport.eu\/de\/capelli-sport-x-fc-eichsfeld\/#primaryimage\"},\"thumbnailUrl\":\"https:\/\/capellisport.eu\/wp-content\/uploads\/2022\/07\/FC-Eichsfeld.jpg\",\"datePublished\":\"2022-07-11T16:47:42+00:00\",\"breadcrumb\":{\"@id\":\"https:\/\/capellisport.eu\/de\/capelli-sport-x-fc-eichsfeld\/#breadcrumb\"},\"inLanguage\":\"de\",\"potentialAction\":[{\"@type\":\"ReadAction\",\"target\":[\"https:\/\/capellisport.eu\/de\/capelli-sport-x-fc-eichsfeld\/\"]}]},{\"@type\":\"ImageObject\",\"inLanguage\":\"de\",\"@id\":\"https:\/\/capellisport.eu\/de\/capelli-sport-x-fc-eichsfeld\/#primaryimage\",\"url\":\"https:\/\/capellisport.eu\/wp-content\/uploads\/2022\/07\/FC-Eichsfeld.jpg\",\"contentUrl\":\"https:\/\/capellisport.eu\/wp-content\/uploads\/2022\/07\/FC-Eichsfeld.jpg\",\"width\":722,\"height\":470},{\"@type\":\"BreadcrumbList\",\"@id\":\"https:\/\/capellisport.eu\/de\/capelli-sport-x-fc-eichsfeld\/#breadcrumb\",\"itemListElement\":[{\"@type\":\"ListItem\",\"position\":1,\"name\":\"Home\",\"item\":\"https:\/\/capellisport.eu\/de\/frontpage\/\"},{\"@type\":\"ListItem\",\"position\":2,\"name\":\"Capelli Sport X FC Eichsfeld\"}]},{\"@type\":\"WebSite\",\"@id\":\"https:\/\/capellisport.eu\/#website\",\"url\":\"https:\/\/capellisport.eu\/\",\"name\":\"CAPELLI SPORT Europe\",\"description\":\"\",\"publisher\":{\"@id\":\"https:\/\/capellisport.eu\/#organization\"},\"potentialAction\":[{\"@type\":\"SearchAction\",\"target\":{\"@type\":\"EntryPoint\",\"urlTemplate\":\"https:\/\/capellisport.eu\/?s={search_term_string}\"},\"query-input\":{\"@type\":\"PropertyValueSpecification\",\"valueRequired\":true,\"valueName\":\"search_term_string\"}}],\"inLanguage\":\"de\"},{\"@type\":\"Organization\",\"@id\":\"https:\/\/capellisport.eu\/#organization\",\"name\":\"CAPELLI SPORT Europe\",\"url\":\"https:\/\/capellisport.eu\/\",\"logo\":{\"@type\":\"ImageObject\",\"inLanguage\":\"de\",\"@id\":\"https:\/\/capellisport.eu\/#\/schema\/logo\/image\/\",\"url\":\"https:\/\/capellisport.eu\/wp-content\/uploads\/2019\/08\/CAPELLI-SPORT_LOGO_schwarz-auf-weiss-01-scaled.jpg\",\"contentUrl\":\"https:\/\/capellisport.eu\/wp-content\/uploads\/2019\/08\/CAPELLI-SPORT_LOGO_schwarz-auf-weiss-01-scaled.jpg\",\"width\":2560,\"height\":1440,\"caption\":\"CAPELLI SPORT Europe\"},\"image\":{\"@id\":\"https:\/\/capellisport.eu\/#\/schema\/logo\/image\/\"}},{\"@type\":\"Person\",\"@id\":\"https:\/\/capellisport.eu\/#\/schema\/person\/651063bf010667890802d0f4b6f24c8c\",\"name\":\"nick\"}]}<\/script>\n<!-- \/ Yoast SEO plugin. -->","yoast_head_json":{"title":"Capelli Sport X FC Eichsfeld - CAPELLI SPORT Europe","robots":{"index":"index","follow":"follow","max-snippet":"max-snippet:-1","max-image-preview":"max-image-preview:large","max-video-preview":"max-video-preview:-1"},"canonical":"https:\/\/capellisport.eu\/de\/capelli-sport-x-fc-eichsfeld\/","og_locale":"de_DE","og_type":"article","og_title":"Capelli Sport X FC Eichsfeld - CAPELLI SPORT Europe","og_description":"11 Juli, 2022 Capelli Sport X FC Eichsfeld Capelli Sport verk\u00fcndet neue Partnerschaft mit dem neu gegr\u00fcndeten FC Eichsfeld. V. l. n. r.: Norman Wohlfeld (1. Vorsitzender, FC Eichsfeld), Michael Wiehrl (Area Sales Manager, Capelli Sport), Mike Fischer (2. Vorsitzender, FC Eichsfeld) Foto: Maurice M\u00fcnch &nbsp; Capelli Sport und der FC Eichsfeld verk\u00fcnden ihre Kooperation &hellip; \u201eCapelli Sport X FC Eichsfeld\u201c weiterlesen","og_url":"https:\/\/capellisport.eu\/de\/capelli-sport-x-fc-eichsfeld\/","og_site_name":"CAPELLI SPORT Europe","article_published_time":"2022-07-11T16:47:42+00:00","og_image":[{"width":722,"height":470,"url":"https:\/\/capellisport.eu\/wp-content\/uploads\/2022\/07\/FC-Eichsfeld.jpg","type":"image\/jpeg"}],"author":"nick","twitter_card":"summary_large_image","twitter_misc":{"Verfasst von":"nick","Gesch\u00e4tzte Lesezeit":"3\u00a0Minuten"},"schema":{"@context":"https:\/\/schema.org","@graph":[{"@type":"Article","@id":"https:\/\/capellisport.eu\/de\/capelli-sport-x-fc-eichsfeld\/#article","isPartOf":{"@id":"https:\/\/capellisport.eu\/de\/capelli-sport-x-fc-eichsfeld\/"},"author":{"name":"nick","@id":"https:\/\/capellisport.eu\/#\/schema\/person\/651063bf010667890802d0f4b6f24c8c"},"headline":"Capelli Sport X FC Eichsfeld","datePublished":"2022-07-11T16:47:42+00:00","mainEntityOfPage":{"@id":"https:\/\/capellisport.eu\/de\/capelli-sport-x-fc-eichsfeld\/"},"wordCount":526,"commentCount":0,"publisher":{"@id":"https:\/\/capellisport.eu\/#organization"},"image":{"@id":"https:\/\/capellisport.eu\/de\/capelli-sport-x-fc-eichsfeld\/#primaryimage"},"thumbnailUrl":"https:\/\/capellisport.eu\/wp-content\/uploads\/2022\/07\/FC-Eichsfeld.jpg","articleSection":["News"],"inLanguage":"de","potentialAction":[{"@type":"CommentAction","name":"Comment","target":["https:\/\/capellisport.eu\/de\/capelli-sport-x-fc-eichsfeld\/#respond"]}]},{"@type":"WebPage","@id":"https:\/\/capellisport.eu\/de\/capelli-sport-x-fc-eichsfeld\/","url":"https:\/\/capellisport.eu\/de\/capelli-sport-x-fc-eichsfeld\/","name":"Capelli Sport X FC Eichsfeld - CAPELLI SPORT Europe","isPartOf":{"@id":"https:\/\/capellisport.eu\/#website"},"primaryImageOfPage":{"@id":"https:\/\/capellisport.eu\/de\/capelli-sport-x-fc-eichsfeld\/#primaryimage"},"image":{"@id":"https:\/\/capellisport.eu\/de\/capelli-sport-x-fc-eichsfeld\/#primaryimage"},"thumbnailUrl":"https:\/\/capellisport.eu\/wp-content\/uploads\/2022\/07\/FC-Eichsfeld.jpg","datePublished":"2022-07-11T16:47:42+00:00","breadcrumb":{"@id":"https:\/\/capellisport.eu\/de\/capelli-sport-x-fc-eichsfeld\/#breadcrumb"},"inLanguage":"de","potentialAction":[{"@type":"ReadAction","target":["https:\/\/capellisport.eu\/de\/capelli-sport-x-fc-eichsfeld\/"]}]},{"@type":"ImageObject","inLanguage":"de","@id":"https:\/\/capellisport.eu\/de\/capelli-sport-x-fc-eichsfeld\/#primaryimage","url":"https:\/\/capellisport.eu\/wp-content\/uploads\/2022\/07\/FC-Eichsfeld.jpg","contentUrl":"https:\/\/capellisport.eu\/wp-content\/uploads\/2022\/07\/FC-Eichsfeld.jpg","width":722,"height":470},{"@type":"BreadcrumbList","@id":"https:\/\/capellisport.eu\/de\/capelli-sport-x-fc-eichsfeld\/#breadcrumb","itemListElement":[{"@type":"ListItem","position":1,"name":"Home","item":"https:\/\/capellisport.eu\/de\/frontpage\/"},{"@type":"ListItem","position":2,"name":"Capelli Sport X FC Eichsfeld"}]},{"@type":"WebSite","@id":"https:\/\/capellisport.eu\/#website","url":"https:\/\/capellisport.eu\/","name":"CAPELLI SPORT Europe","description":"","publisher":{"@id":"https:\/\/capellisport.eu\/#organization"},"potentialAction":[{"@type":"SearchAction","target":{"@type":"EntryPoint","urlTemplate":"https:\/\/capellisport.eu\/?s={search_term_string}"},"query-input":{"@type":"PropertyValueSpecification","valueRequired":true,"valueName":"search_term_string"}}],"inLanguage":"de"},{"@type":"Organization","@id":"https:\/\/capellisport.eu\/#organization","name":"CAPELLI SPORT Europe","url":"https:\/\/capellisport.eu\/","logo":{"@type":"ImageObject","inLanguage":"de","@id":"https:\/\/capellisport.eu\/#\/schema\/logo\/image\/","url":"https:\/\/capellisport.eu\/wp-content\/uploads\/2019\/08\/CAPELLI-SPORT_LOGO_schwarz-auf-weiss-01-scaled.jpg","contentUrl":"https:\/\/capellisport.eu\/wp-content\/uploads\/2019\/08\/CAPELLI-SPORT_LOGO_schwarz-auf-weiss-01-scaled.jpg","width":2560,"height":1440,"caption":"CAPELLI SPORT Europe"},"image":{"@id":"https:\/\/capellisport.eu\/#\/schema\/logo\/image\/"}},{"@type":"Person","@id":"https:\/\/capellisport.eu\/#\/schema\/person\/651063bf010667890802d0f4b6f24c8c","name":"nick"}]}},"_links":{"self":[{"href":"https:\/\/capellisport.eu\/de\/wp-json\/wp\/v2\/posts\/70604","targetHints":{"allow":["GET"]}}],"collection":[{"href":"https:\/\/capellisport.eu\/de\/wp-json\/wp\/v2\/posts"}],"about":[{"href":"https:\/\/capellisport.eu\/de\/wp-json\/wp\/v2\/types\/post"}],"author":[{"embeddable":true,"href":"https:\/\/capellisport.eu\/de\/wp-json\/wp\/v2\/users\/11334"}],"replies":[{"embeddable":true,"href":"https:\/\/capellisport.eu\/de\/wp-json\/wp\/v2\/comments?post=70604"}],"version-history":[{"count":1,"href":"https:\/\/capellisport.eu\/de\/wp-json\/wp\/v2\/posts\/70604\/revisions"}],"predecessor-version":[{"id":70609,"href":"https:\/\/capellisport.eu\/de\/wp-json\/wp\/v2\/posts\/70604\/revisions\/70609"}],"wp:featuredmedia":[{"embeddable":true,"href":"https:\/\/capellisport.eu\/de\/wp-json\/wp\/v2\/media\/70605"}],"wp:attachment":[{"href":"https:\/\/capellisport.eu\/de\/wp-json\/wp\/v2\/media?parent=70604"}],"wp:term":[{"taxonomy":"category","embeddable":true,"href":"https:\/\/capellisport.eu\/de\/wp-json\/wp\/v2\/categories?post=70604"},{"taxonomy":"post_tag","embeddable":true,"href":"https:\/\/capellisport.eu\/de\/wp-json\/wp\/v2\/tags?post=70604"}],"curies":[{"name":"wp","href":"https:\/\/api.w.org\/{rel}","templated":true}]}}