{"id":70749,"date":"2022-07-18T09:49:03","date_gmt":"2022-07-18T07:49:03","guid":{"rendered":"https:\/\/capellisport.eu\/?p=70749"},"modified":"2022-07-18T09:49:03","modified_gmt":"2022-07-18T07:49:03","slug":"capelli-sport-x-fc-eintracht-bamberg","status":"publish","type":"post","link":"https:\/\/capellisport.eu\/de\/capelli-sport-x-fc-eintracht-bamberg\/","title":{"rendered":"Capelli Sport X FC Eintracht Bamberg"},"content":{"rendered":"<p><img loading=\"lazy\" decoding=\"async\" class=\"alignnone size-medium wp-image-70750\" src=\"https:\/\/capellisport.eu\/wp-content\/uploads\/2022\/07\/Eintracht-Bamberg-Logo-768x164.png\" alt=\"\" width=\"768\" height=\"164\" srcset=\"https:\/\/capellisport.eu\/wp-content\/uploads\/2022\/07\/Eintracht-Bamberg-Logo-768x164.png 768w, https:\/\/capellisport.eu\/wp-content\/uploads\/2022\/07\/Eintracht-Bamberg-Logo-600x128.png 600w, https:\/\/capellisport.eu\/wp-content\/uploads\/2022\/07\/Eintracht-Bamberg-Logo-1200x256.png 1200w, https:\/\/capellisport.eu\/wp-content\/uploads\/2022\/07\/Eintracht-Bamberg-Logo-400x85.png 400w, https:\/\/capellisport.eu\/wp-content\/uploads\/2022\/07\/Eintracht-Bamberg-Logo-1536x327.png 1536w, https:\/\/capellisport.eu\/wp-content\/uploads\/2022\/07\/Eintracht-Bamberg-Logo-2048x436.png 2048w, https:\/\/capellisport.eu\/wp-content\/uploads\/2022\/07\/Eintracht-Bamberg-Logo-750x160.png 750w, https:\/\/capellisport.eu\/wp-content\/uploads\/2022\/07\/Eintracht-Bamberg-Logo-1920x409.png 1920w\" sizes=\"auto, (max-width: 706px) 89vw, (max-width: 767px) 82vw, 740px\" \/><\/p>\n<p><strong>15 Juli, 2022<\/strong><\/p>\n<p><strong>Capelli Sport X FC Eintracht Bamberg<\/strong><\/p>\n<p><em>FC Eintracht Bamberg im neuen Outfit: Capelli Sport wird Ausr\u00fcster bis 2027<\/em><\/p>\n<p><img loading=\"lazy\" decoding=\"async\" class=\"alignnone size-medium wp-image-70752\" src=\"https:\/\/capellisport.eu\/wp-content\/uploads\/2022\/07\/Eintracht-Bamberg-768x512.jpg\" alt=\"\" width=\"768\" height=\"512\" srcset=\"https:\/\/capellisport.eu\/wp-content\/uploads\/2022\/07\/Eintracht-Bamberg-768x512.jpg 768w, https:\/\/capellisport.eu\/wp-content\/uploads\/2022\/07\/Eintracht-Bamberg-600x400.jpg 600w, https:\/\/capellisport.eu\/wp-content\/uploads\/2022\/07\/Eintracht-Bamberg-1200x800.jpg 1200w, https:\/\/capellisport.eu\/wp-content\/uploads\/2022\/07\/Eintracht-Bamberg-400x267.jpg 400w, https:\/\/capellisport.eu\/wp-content\/uploads\/2022\/07\/Eintracht-Bamberg-750x500.jpg 750w, https:\/\/capellisport.eu\/wp-content\/uploads\/2022\/07\/Eintracht-Bamberg.jpg 1368w\" sizes=\"auto, (max-width: 706px) 89vw, (max-width: 767px) 82vw, 740px\" \/><\/p>\n<table width=\"100%\">\n<tbody>\n<tr>\n<td><em>V. l. n. r.: Teambetreuer FC Eintracht Bamberg Alexander Waltrapp, FC Eintracht Bamberg Vorstandmitglied Sascha Dorsch, Michael Wiehrl (<\/em><em>Area Sales Manager, Capelli Sport<\/em><em>)<\/em><\/p>\n<p><em>Foto: FC Eintracht Bamberg<\/em><\/td>\n<\/tr>\n<\/tbody>\n<\/table>\n<p>&nbsp;<\/p>\n<p>Wenn der FC Eintracht an diesem Samstag (16.7.) beim W\u00fcrzburger FV aufl\u00e4uft, dann ist dies f\u00fcr die Domreiter nicht nur der Start in eine neue Bayernliga-Saison, sondern auch in eine neue Ausr\u00fcster-\u00c4ra. Der US- amerikanische Sportartikelhersteller Capelli Sport wird ab sofort f\u00fcr das Outfit des Traditionsvereins sorgen \u2013 von der ersten Mannschaft bis zu den j\u00fcngsten, den G-Junioren. Der Bayernligist und Capelli Sport haben sich auf eine gemeinsame Zusammenarbeit bis in das Jahr 2027 geeinigt.<\/p>\n<p>&nbsp;<\/p>\n<p><strong>Michael Wiehrl, Area Sales Manager Capelli Sport sagt:<\/strong><\/p>\n<p>\u201eEs macht uns sehr gl\u00fccklich, dass wir den FC Eintracht Bamberg als Partner gewinnen konnten. Der FCE geh\u00f6rt zu den gro\u00dfen Traditionsvereinen in Oberfranken, hat ein begeisterungsf\u00e4higes Publikum und macht eine hervorragende Jugendarbeit. Die besten Voraussetzungen also f\u00fcr eine erfolgreiche Partnerschaft. Ich bedanke mich herzlich bei den Verantwortlichen f\u00fcr die konstruktiven Gespr\u00e4che im Vorfeld. Wir freuen uns auf die Zusammenarbeit.\u201c<\/p>\n<p>&nbsp;<\/p>\n<p><strong>Sascha Dorsch, Vorstandsmitglied FC Eintracht Bamberg sagt:<\/strong><\/p>\n<p>\u201eMit Capelli Sport haben wir einen Partner gefunden, der \u00e4hnlich wie wir immer wieder an den n\u00e4chsten Schritt denkt und \u00fcber einen reinen Ausr\u00fcstervertrag hinaus innovativen Ideen hat, um das Portfolio auszuweiten und uns ganz neue M\u00f6glichkeiten im Online-Vertrieb und dar\u00fcber hinaus bietet. Die professionellen Strukturen von Capelli Sport haben uns in der kurzen Zusammenarbeit schon jetzt begeistert.\u201d<\/p>\n<p>&nbsp;<\/p>\n<p>Capelli Sport konnte sich in den letzten Jahren einen Namen als zuverl\u00e4ssiger Partner im Profisport machen. Zu den Partnern in Deutschland z\u00e4hlen unter anderem Drittligisten wie der MSV Duisburg oder der SV Waldhof Mannheim.<\/p>\n<p><strong>\u00a0<\/strong><\/p>\n<p>&nbsp;<\/p>\n<p><em><strong>\u00dcber Capelli Sport <\/strong><\/em><\/p>\n<p><em>Capelli Sport wurde 2011 in der Mode-Metropole New York City gegr\u00fcndet. Als weltweit agierende Sport und Lifestyle Marke steht Capelli Sport f\u00fcr hohe Funktionalit\u00e4t, Qualit\u00e4t und individuellen Service im Profi- und Amateursport.<\/em><\/p>\n<p><em>Capelli Sport \u00fcberzeugt mit erstklassiger Sportbekleidung, professionellem Equipment und trendigen Lifestyle Produkten und ist als Ausr\u00fcster und verl\u00e4sslicher Partner von Sportlern und Vereinen international etabliert.<\/em><\/p>\n<p><em>Zur Unternehmensphilosophie geh\u00f6rt, dass das Engagement und die F\u00f6rderung im Jugend- und Amateursport ebenso wichtig ist, wie die erfolgreiche Zusammenarbeit mit Profiklubs aus den nationalen und internationalen Ligen.<\/em><\/p>\n<p><em>Erfahren Sie mehr unter <a href=\"https:\/\/capellisport.eu\/\">capellisport.eu<\/a> und finden Sie Capelli Sport auf Twitter (<a href=\"https:\/\/twitter.com\/capellisport?lang=de\">@capellisport<\/a>) und Instagram (<a href=\"https:\/\/www.instagram.com\/capellisport\/\">@capellisport<\/a>), oder besuchen Sie die Capelli Sport Facebook-Seite (<a href=\"https:\/\/www.facebook.com\/CapelliSport\/\">@CapelliSport<\/a>).<\/em><\/p>\n","protected":false},"excerpt":{"rendered":"<p>15 Juli, 2022 Capelli Sport X FC Eintracht Bamberg FC Eintracht Bamberg im neuen Outfit: Capelli Sport wird Ausr\u00fcster bis 2027 V. l. n. r.: Teambetreuer FC Eintracht Bamberg Alexander Waltrapp, FC Eintracht Bamberg Vorstandmitglied Sascha Dorsch, Michael Wiehrl (Area Sales Manager, Capelli Sport) Foto: FC Eintracht Bamberg &nbsp; Wenn der FC Eintracht an diesem &hellip; <\/p>\n<p class=\"link-more\"><a href=\"https:\/\/capellisport.eu\/de\/capelli-sport-x-fc-eintracht-bamberg\/\" class=\"more-link\"><span class=\"screen-reader-text\">\u201eCapelli Sport X FC Eintracht Bamberg\u201c<\/span> weiterlesen<\/a><\/p>\n","protected":false},"author":11334,"featured_media":70752,"comment_status":"open","ping_status":"closed","sticky":false,"template":"","format":"standard","meta":{"_acf_changed":false,"footnotes":""},"categories":[16],"tags":[],"class_list":["post-70749","post","type-post","status-publish","format-standard","has-post-thumbnail","hentry","category-neuigkeiten"],"acf":[],"yoast_head":"<!-- This site is optimized with the Yoast SEO plugin v25.4 - https:\/\/yoast.com\/wordpress\/plugins\/seo\/ -->\n<title>Capelli Sport X FC Eintracht Bamberg - CAPELLI SPORT Europe<\/title>\n<meta name=\"robots\" content=\"index, follow, max-snippet:-1, max-image-preview:large, max-video-preview:-1\" \/>\n<link rel=\"canonical\" href=\"https:\/\/capellisport.eu\/de\/capelli-sport-x-fc-eintracht-bamberg\/\" \/>\n<meta property=\"og:locale\" content=\"de_DE\" \/>\n<meta property=\"og:type\" content=\"article\" \/>\n<meta property=\"og:title\" content=\"Capelli Sport X FC Eintracht Bamberg - CAPELLI SPORT Europe\" \/>\n<meta property=\"og:description\" content=\"15 Juli, 2022 Capelli Sport X FC Eintracht Bamberg FC Eintracht Bamberg im neuen Outfit: Capelli Sport wird Ausr\u00fcster bis 2027 V. l. n. r.: Teambetreuer FC Eintracht Bamberg Alexander Waltrapp, FC Eintracht Bamberg Vorstandmitglied Sascha Dorsch, Michael Wiehrl (Area Sales Manager, Capelli Sport) Foto: FC Eintracht Bamberg &nbsp; Wenn der FC Eintracht an diesem &hellip; \u201eCapelli Sport X FC Eintracht Bamberg\u201c weiterlesen\" \/>\n<meta property=\"og:url\" content=\"https:\/\/capellisport.eu\/de\/capelli-sport-x-fc-eintracht-bamberg\/\" \/>\n<meta property=\"og:site_name\" content=\"CAPELLI SPORT Europe\" \/>\n<meta property=\"article:published_time\" content=\"2022-07-18T07:49:03+00:00\" \/>\n<meta property=\"og:image\" content=\"https:\/\/capellisport.eu\/wp-content\/uploads\/2022\/07\/Eintracht-Bamberg.jpg\" \/>\n\t<meta property=\"og:image:width\" content=\"1368\" \/>\n\t<meta property=\"og:image:height\" content=\"912\" \/>\n\t<meta property=\"og:image:type\" content=\"image\/jpeg\" \/>\n<meta name=\"author\" content=\"nick\" \/>\n<meta name=\"twitter:card\" content=\"summary_large_image\" \/>\n<meta name=\"twitter:label1\" content=\"Verfasst von\" \/>\n\t<meta name=\"twitter:data1\" content=\"nick\" \/>\n\t<meta name=\"twitter:label2\" content=\"Gesch\u00e4tzte Lesezeit\" \/>\n\t<meta name=\"twitter:data2\" content=\"3\u00a0Minuten\" \/>\n<script type=\"application\/ld+json\" class=\"yoast-schema-graph\">{\"@context\":\"https:\/\/schema.org\",\"@graph\":[{\"@type\":\"Article\",\"@id\":\"https:\/\/capellisport.eu\/de\/capelli-sport-x-fc-eintracht-bamberg\/#article\",\"isPartOf\":{\"@id\":\"https:\/\/capellisport.eu\/de\/capelli-sport-x-fc-eintracht-bamberg\/\"},\"author\":{\"name\":\"nick\",\"@id\":\"https:\/\/capellisport.eu\/#\/schema\/person\/651063bf010667890802d0f4b6f24c8c\"},\"headline\":\"Capelli Sport X FC Eintracht Bamberg\",\"datePublished\":\"2022-07-18T07:49:03+00:00\",\"mainEntityOfPage\":{\"@id\":\"https:\/\/capellisport.eu\/de\/capelli-sport-x-fc-eintracht-bamberg\/\"},\"wordCount\":436,\"commentCount\":0,\"publisher\":{\"@id\":\"https:\/\/capellisport.eu\/#organization\"},\"image\":{\"@id\":\"https:\/\/capellisport.eu\/de\/capelli-sport-x-fc-eintracht-bamberg\/#primaryimage\"},\"thumbnailUrl\":\"https:\/\/capellisport.eu\/wp-content\/uploads\/2022\/07\/Eintracht-Bamberg.jpg\",\"articleSection\":[\"News\"],\"inLanguage\":\"de\",\"potentialAction\":[{\"@type\":\"CommentAction\",\"name\":\"Comment\",\"target\":[\"https:\/\/capellisport.eu\/de\/capelli-sport-x-fc-eintracht-bamberg\/#respond\"]}]},{\"@type\":\"WebPage\",\"@id\":\"https:\/\/capellisport.eu\/de\/capelli-sport-x-fc-eintracht-bamberg\/\",\"url\":\"https:\/\/capellisport.eu\/de\/capelli-sport-x-fc-eintracht-bamberg\/\",\"name\":\"Capelli Sport X FC Eintracht Bamberg - CAPELLI SPORT Europe\",\"isPartOf\":{\"@id\":\"https:\/\/capellisport.eu\/#website\"},\"primaryImageOfPage\":{\"@id\":\"https:\/\/capellisport.eu\/de\/capelli-sport-x-fc-eintracht-bamberg\/#primaryimage\"},\"image\":{\"@id\":\"https:\/\/capellisport.eu\/de\/capelli-sport-x-fc-eintracht-bamberg\/#primaryimage\"},\"thumbnailUrl\":\"https:\/\/capellisport.eu\/wp-content\/uploads\/2022\/07\/Eintracht-Bamberg.jpg\",\"datePublished\":\"2022-07-18T07:49:03+00:00\",\"breadcrumb\":{\"@id\":\"https:\/\/capellisport.eu\/de\/capelli-sport-x-fc-eintracht-bamberg\/#breadcrumb\"},\"inLanguage\":\"de\",\"potentialAction\":[{\"@type\":\"ReadAction\",\"target\":[\"https:\/\/capellisport.eu\/de\/capelli-sport-x-fc-eintracht-bamberg\/\"]}]},{\"@type\":\"ImageObject\",\"inLanguage\":\"de\",\"@id\":\"https:\/\/capellisport.eu\/de\/capelli-sport-x-fc-eintracht-bamberg\/#primaryimage\",\"url\":\"https:\/\/capellisport.eu\/wp-content\/uploads\/2022\/07\/Eintracht-Bamberg.jpg\",\"contentUrl\":\"https:\/\/capellisport.eu\/wp-content\/uploads\/2022\/07\/Eintracht-Bamberg.jpg\",\"width\":1368,\"height\":912},{\"@type\":\"BreadcrumbList\",\"@id\":\"https:\/\/capellisport.eu\/de\/capelli-sport-x-fc-eintracht-bamberg\/#breadcrumb\",\"itemListElement\":[{\"@type\":\"ListItem\",\"position\":1,\"name\":\"Home\",\"item\":\"https:\/\/capellisport.eu\/de\/frontpage\/\"},{\"@type\":\"ListItem\",\"position\":2,\"name\":\"Capelli Sport X FC Eintracht Bamberg\"}]},{\"@type\":\"WebSite\",\"@id\":\"https:\/\/capellisport.eu\/#website\",\"url\":\"https:\/\/capellisport.eu\/\",\"name\":\"CAPELLI SPORT Europe\",\"description\":\"\",\"publisher\":{\"@id\":\"https:\/\/capellisport.eu\/#organization\"},\"potentialAction\":[{\"@type\":\"SearchAction\",\"target\":{\"@type\":\"EntryPoint\",\"urlTemplate\":\"https:\/\/capellisport.eu\/?s={search_term_string}\"},\"query-input\":{\"@type\":\"PropertyValueSpecification\",\"valueRequired\":true,\"valueName\":\"search_term_string\"}}],\"inLanguage\":\"de\"},{\"@type\":\"Organization\",\"@id\":\"https:\/\/capellisport.eu\/#organization\",\"name\":\"CAPELLI SPORT Europe\",\"url\":\"https:\/\/capellisport.eu\/\",\"logo\":{\"@type\":\"ImageObject\",\"inLanguage\":\"de\",\"@id\":\"https:\/\/capellisport.eu\/#\/schema\/logo\/image\/\",\"url\":\"https:\/\/capellisport.eu\/wp-content\/uploads\/2019\/08\/CAPELLI-SPORT_LOGO_schwarz-auf-weiss-01-scaled.jpg\",\"contentUrl\":\"https:\/\/capellisport.eu\/wp-content\/uploads\/2019\/08\/CAPELLI-SPORT_LOGO_schwarz-auf-weiss-01-scaled.jpg\",\"width\":2560,\"height\":1440,\"caption\":\"CAPELLI SPORT Europe\"},\"image\":{\"@id\":\"https:\/\/capellisport.eu\/#\/schema\/logo\/image\/\"}},{\"@type\":\"Person\",\"@id\":\"https:\/\/capellisport.eu\/#\/schema\/person\/651063bf010667890802d0f4b6f24c8c\",\"name\":\"nick\"}]}<\/script>\n<!-- \/ Yoast SEO plugin. -->","yoast_head_json":{"title":"Capelli Sport X FC Eintracht Bamberg - CAPELLI SPORT Europe","robots":{"index":"index","follow":"follow","max-snippet":"max-snippet:-1","max-image-preview":"max-image-preview:large","max-video-preview":"max-video-preview:-1"},"canonical":"https:\/\/capellisport.eu\/de\/capelli-sport-x-fc-eintracht-bamberg\/","og_locale":"de_DE","og_type":"article","og_title":"Capelli Sport X FC Eintracht Bamberg - CAPELLI SPORT Europe","og_description":"15 Juli, 2022 Capelli Sport X FC Eintracht Bamberg FC Eintracht Bamberg im neuen Outfit: Capelli Sport wird Ausr\u00fcster bis 2027 V. l. n. r.: Teambetreuer FC Eintracht Bamberg Alexander Waltrapp, FC Eintracht Bamberg Vorstandmitglied Sascha Dorsch, Michael Wiehrl (Area Sales Manager, Capelli Sport) Foto: FC Eintracht Bamberg &nbsp; Wenn der FC Eintracht an diesem &hellip; \u201eCapelli Sport X FC Eintracht Bamberg\u201c weiterlesen","og_url":"https:\/\/capellisport.eu\/de\/capelli-sport-x-fc-eintracht-bamberg\/","og_site_name":"CAPELLI SPORT Europe","article_published_time":"2022-07-18T07:49:03+00:00","og_image":[{"width":1368,"height":912,"url":"https:\/\/capellisport.eu\/wp-content\/uploads\/2022\/07\/Eintracht-Bamberg.jpg","type":"image\/jpeg"}],"author":"nick","twitter_card":"summary_large_image","twitter_misc":{"Verfasst von":"nick","Gesch\u00e4tzte Lesezeit":"3\u00a0Minuten"},"schema":{"@context":"https:\/\/schema.org","@graph":[{"@type":"Article","@id":"https:\/\/capellisport.eu\/de\/capelli-sport-x-fc-eintracht-bamberg\/#article","isPartOf":{"@id":"https:\/\/capellisport.eu\/de\/capelli-sport-x-fc-eintracht-bamberg\/"},"author":{"name":"nick","@id":"https:\/\/capellisport.eu\/#\/schema\/person\/651063bf010667890802d0f4b6f24c8c"},"headline":"Capelli Sport X FC Eintracht Bamberg","datePublished":"2022-07-18T07:49:03+00:00","mainEntityOfPage":{"@id":"https:\/\/capellisport.eu\/de\/capelli-sport-x-fc-eintracht-bamberg\/"},"wordCount":436,"commentCount":0,"publisher":{"@id":"https:\/\/capellisport.eu\/#organization"},"image":{"@id":"https:\/\/capellisport.eu\/de\/capelli-sport-x-fc-eintracht-bamberg\/#primaryimage"},"thumbnailUrl":"https:\/\/capellisport.eu\/wp-content\/uploads\/2022\/07\/Eintracht-Bamberg.jpg","articleSection":["News"],"inLanguage":"de","potentialAction":[{"@type":"CommentAction","name":"Comment","target":["https:\/\/capellisport.eu\/de\/capelli-sport-x-fc-eintracht-bamberg\/#respond"]}]},{"@type":"WebPage","@id":"https:\/\/capellisport.eu\/de\/capelli-sport-x-fc-eintracht-bamberg\/","url":"https:\/\/capellisport.eu\/de\/capelli-sport-x-fc-eintracht-bamberg\/","name":"Capelli Sport X FC Eintracht Bamberg - CAPELLI SPORT Europe","isPartOf":{"@id":"https:\/\/capellisport.eu\/#website"},"primaryImageOfPage":{"@id":"https:\/\/capellisport.eu\/de\/capelli-sport-x-fc-eintracht-bamberg\/#primaryimage"},"image":{"@id":"https:\/\/capellisport.eu\/de\/capelli-sport-x-fc-eintracht-bamberg\/#primaryimage"},"thumbnailUrl":"https:\/\/capellisport.eu\/wp-content\/uploads\/2022\/07\/Eintracht-Bamberg.jpg","datePublished":"2022-07-18T07:49:03+00:00","breadcrumb":{"@id":"https:\/\/capellisport.eu\/de\/capelli-sport-x-fc-eintracht-bamberg\/#breadcrumb"},"inLanguage":"de","potentialAction":[{"@type":"ReadAction","target":["https:\/\/capellisport.eu\/de\/capelli-sport-x-fc-eintracht-bamberg\/"]}]},{"@type":"ImageObject","inLanguage":"de","@id":"https:\/\/capellisport.eu\/de\/capelli-sport-x-fc-eintracht-bamberg\/#primaryimage","url":"https:\/\/capellisport.eu\/wp-content\/uploads\/2022\/07\/Eintracht-Bamberg.jpg","contentUrl":"https:\/\/capellisport.eu\/wp-content\/uploads\/2022\/07\/Eintracht-Bamberg.jpg","width":1368,"height":912},{"@type":"BreadcrumbList","@id":"https:\/\/capellisport.eu\/de\/capelli-sport-x-fc-eintracht-bamberg\/#breadcrumb","itemListElement":[{"@type":"ListItem","position":1,"name":"Home","item":"https:\/\/capellisport.eu\/de\/frontpage\/"},{"@type":"ListItem","position":2,"name":"Capelli Sport X FC Eintracht Bamberg"}]},{"@type":"WebSite","@id":"https:\/\/capellisport.eu\/#website","url":"https:\/\/capellisport.eu\/","name":"CAPELLI SPORT Europe","description":"","publisher":{"@id":"https:\/\/capellisport.eu\/#organization"},"potentialAction":[{"@type":"SearchAction","target":{"@type":"EntryPoint","urlTemplate":"https:\/\/capellisport.eu\/?s={search_term_string}"},"query-input":{"@type":"PropertyValueSpecification","valueRequired":true,"valueName":"search_term_string"}}],"inLanguage":"de"},{"@type":"Organization","@id":"https:\/\/capellisport.eu\/#organization","name":"CAPELLI SPORT Europe","url":"https:\/\/capellisport.eu\/","logo":{"@type":"ImageObject","inLanguage":"de","@id":"https:\/\/capellisport.eu\/#\/schema\/logo\/image\/","url":"https:\/\/capellisport.eu\/wp-content\/uploads\/2019\/08\/CAPELLI-SPORT_LOGO_schwarz-auf-weiss-01-scaled.jpg","contentUrl":"https:\/\/capellisport.eu\/wp-content\/uploads\/2019\/08\/CAPELLI-SPORT_LOGO_schwarz-auf-weiss-01-scaled.jpg","width":2560,"height":1440,"caption":"CAPELLI SPORT Europe"},"image":{"@id":"https:\/\/capellisport.eu\/#\/schema\/logo\/image\/"}},{"@type":"Person","@id":"https:\/\/capellisport.eu\/#\/schema\/person\/651063bf010667890802d0f4b6f24c8c","name":"nick"}]}},"_links":{"self":[{"href":"https:\/\/capellisport.eu\/de\/wp-json\/wp\/v2\/posts\/70749","targetHints":{"allow":["GET"]}}],"collection":[{"href":"https:\/\/capellisport.eu\/de\/wp-json\/wp\/v2\/posts"}],"about":[{"href":"https:\/\/capellisport.eu\/de\/wp-json\/wp\/v2\/types\/post"}],"author":[{"embeddable":true,"href":"https:\/\/capellisport.eu\/de\/wp-json\/wp\/v2\/users\/11334"}],"replies":[{"embeddable":true,"href":"https:\/\/capellisport.eu\/de\/wp-json\/wp\/v2\/comments?post=70749"}],"version-history":[{"count":1,"href":"https:\/\/capellisport.eu\/de\/wp-json\/wp\/v2\/posts\/70749\/revisions"}],"predecessor-version":[{"id":70754,"href":"https:\/\/capellisport.eu\/de\/wp-json\/wp\/v2\/posts\/70749\/revisions\/70754"}],"wp:featuredmedia":[{"embeddable":true,"href":"https:\/\/capellisport.eu\/de\/wp-json\/wp\/v2\/media\/70752"}],"wp:attachment":[{"href":"https:\/\/capellisport.eu\/de\/wp-json\/wp\/v2\/media?parent=70749"}],"wp:term":[{"taxonomy":"category","embeddable":true,"href":"https:\/\/capellisport.eu\/de\/wp-json\/wp\/v2\/categories?post=70749"},{"taxonomy":"post_tag","embeddable":true,"href":"https:\/\/capellisport.eu\/de\/wp-json\/wp\/v2\/tags?post=70749"}],"curies":[{"name":"wp","href":"https:\/\/api.w.org\/{rel}","templated":true}]}}