{"id":78629,"date":"2023-03-01T09:46:08","date_gmt":"2023-03-01T08:46:08","guid":{"rendered":"https:\/\/capellisport.eu\/?p=78629"},"modified":"2023-03-01T09:53:18","modified_gmt":"2023-03-01T08:53:18","slug":"capelli-sport-x-stefan-bloecher","status":"publish","type":"post","link":"https:\/\/capellisport.eu\/de\/capelli-sport-x-stefan-bloecher\/","title":{"rendered":"Capelli Sport X Stefan Bl\u00f6cher"},"content":{"rendered":"<p><img loading=\"lazy\" decoding=\"async\" class=\"wp-image-78630 aligncenter\" src=\"https:\/\/capellisport.eu\/wp-content\/uploads\/2023\/03\/CAPELLI-SPORT_LOGO_schwarz-auf-weiss-01-768x432.jpg\" alt=\"\" width=\"228\" height=\"128\" srcset=\"https:\/\/capellisport.eu\/wp-content\/uploads\/2023\/03\/CAPELLI-SPORT_LOGO_schwarz-auf-weiss-01-768x432.jpg 768w, https:\/\/capellisport.eu\/wp-content\/uploads\/2023\/03\/CAPELLI-SPORT_LOGO_schwarz-auf-weiss-01-600x338.jpg 600w, https:\/\/capellisport.eu\/wp-content\/uploads\/2023\/03\/CAPELLI-SPORT_LOGO_schwarz-auf-weiss-01-1200x675.jpg 1200w, https:\/\/capellisport.eu\/wp-content\/uploads\/2023\/03\/CAPELLI-SPORT_LOGO_schwarz-auf-weiss-01-400x225.jpg 400w, https:\/\/capellisport.eu\/wp-content\/uploads\/2023\/03\/CAPELLI-SPORT_LOGO_schwarz-auf-weiss-01-1536x864.jpg 1536w, https:\/\/capellisport.eu\/wp-content\/uploads\/2023\/03\/CAPELLI-SPORT_LOGO_schwarz-auf-weiss-01-2048x1152.jpg 2048w, https:\/\/capellisport.eu\/wp-content\/uploads\/2023\/03\/CAPELLI-SPORT_LOGO_schwarz-auf-weiss-01-750x422.jpg 750w, https:\/\/capellisport.eu\/wp-content\/uploads\/2023\/03\/CAPELLI-SPORT_LOGO_schwarz-auf-weiss-01-1920x1080.jpg 1920w\" sizes=\"auto, (max-width: 228px) 100vw, 228px\" \/><\/p>\n<hr \/>\n<p><strong>1 M\u00e4rz, 2023<\/strong><\/p>\n<p><strong><span class=\"TextRun SCXW133413826 BCX0\" lang=\"DE-DE\" xml:lang=\"DE-DE\" data-contrast=\"auto\"><span class=\"NormalTextRun SCXW133413826 BCX0\">Capelli Sport X Stefan Bl\u00f6cher<\/span><\/span><span class=\"EOP SCXW133413826 BCX0\" data-ccp-props=\"{&quot;201341983&quot;:0,&quot;335559739&quot;:160,&quot;335559740&quot;:259}\">\u00a0<\/span><\/strong><\/p>\n<p><em><span class=\"TextRun SCXW134733309 BCX0\" lang=\"DE-DE\" xml:lang=\"DE-DE\" data-contrast=\"auto\"><span class=\"NormalTextRun SCXW134733309 BCX0\">Capelli Sport freut sich Stefan Bl\u00f6cher als neuen Markenbotschafter zu pr\u00e4sentieren.<\/span><\/span><\/em><\/p>\n<p><img loading=\"lazy\" decoding=\"async\" class=\"alignnone size-full wp-image-78632\" src=\"https:\/\/capellisport.eu\/wp-content\/uploads\/2023\/03\/PM-Stefan-Bloecher.jpg\" alt=\"\" width=\"714\" height=\"675\" \/><em>V. l. n. r.: Kay Mourheg (Pr\u00e4sident Europe, Capelli Sport), Stefan Bl\u00f6cher (Markenbotschafter, Capelli Sport), Luca Beck (<\/em><em>Area Sales Manager, Capelli Sport<\/em><em>)<\/em><\/p>\n<p><span data-contrast=\"auto\">Stefan Bl\u00f6cher stammt geb\u00fcrtig aus Wiesbaden und hat im Feldhockey eindrucksvolle Spuren hinterlassen. Der ehemalige 259-fache Nationalspieler, Vizeweltmeister von 1982 und Welthockeyspieler des Jahres 1987, gewann im Verlauf seiner Karriere vier Europameister Titel und zwei Silber-Medaillen bei olympischen Spielen.<\/span><span data-ccp-props=\"{&quot;201341983&quot;:0,&quot;335559739&quot;:160,&quot;335559740&quot;:259}\">\u00a0<\/span><\/p>\n<p><span data-contrast=\"auto\">Seit Oktober 2016 ist er nun auch Gesch\u00e4ftsf\u00fchrer der BRITA-Arena in Wiesbaden, der Heimat unseres Capelli Sport Partners, dem SV Wehen Wiesbaden. Zus\u00e4tzlich ist er Mitglied der Laureus Sport for Good Foundation und dem Eagles Charity Golf Club.<\/span><span data-ccp-props=\"{&quot;201341983&quot;:0,&quot;335559739&quot;:160,&quot;335559740&quot;:259}\">\u00a0<\/span><\/p>\n<p><span data-contrast=\"auto\">Bl\u00f6cher wird bei Capelli Sport in der Funktion als Markenbotschafter t\u00e4tig sein, um die Marke im Sport-Umfeld weiter zu etablieren.<\/span><span data-ccp-props=\"{&quot;201341983&quot;:0,&quot;335559739&quot;:160,&quot;335559740&quot;:259}\">\u00a0<\/span><\/p>\n<p><strong>Stefan Bl\u00f6cher, Markenbotschafter, Capelli Sport sagt: \u00a0<\/strong><\/p>\n<p><span data-contrast=\"auto\">\u201cF\u00fcr mich ist es eine gro\u00dfe Freude und Ehre Capelli Sport aus New York in mein Netzwerk zu transportieren. Ich bin begeistert von der Qualit\u00e4t und dem Design. F\u00fcr mich Lifestyle.\u201d<\/span><span data-ccp-props=\"{&quot;201341983&quot;:0,&quot;335559739&quot;:160,&quot;335559740&quot;:259}\">\u00a0<\/span><\/p>\n<p><strong>Kay Mourheg, Pr\u00e4sident Europe, Capelli Sport sagt:\u00a0<\/strong><\/p>\n<p><span data-contrast=\"auto\">\u201cWir freuen uns sehr, Stefan an unserer Seite zu haben. Seine Leidenschaft und Hingabe zum Sport spiegeln die Werte unserer Marke wider, und wir sind zuversichtlich, dass er uns helfen wird, unsere Pr\u00e4senz und unsere Begeisterung f\u00fcr den Sport weiter zu verbreiten.\u201d<\/span><span data-ccp-props=\"{&quot;201341983&quot;:0,&quot;335559739&quot;:160,&quot;335559740&quot;:259}\">\u00a0<\/span><\/p>\n<p><span data-ccp-props=\"{&quot;201341983&quot;:0,&quot;335559739&quot;:160,&quot;335559740&quot;:259}\">\u00a0<\/span><\/p>\n<p><em><b>\u00dcber Capelli Sport<\/b>\u00a0<\/em><\/p>\n<p><em>Capelli Sport wurde 2011 in der Mode-Metropole New York City gegr\u00fcndet. Als weltweit agierende Sport und Lifestyle Marke steht Capelli Sport f\u00fcr hohe Funktionalit\u00e4t, Qualit\u00e4t und individuellen Service im Profi- und Amateursport.\u00a0<\/em><\/p>\n<p><em>Capelli Sport \u00fcberzeugt mit erstklassiger Sportbekleidung, professionellem Equipment und trendigen Lifestyle Produkten und ist als Ausr\u00fcster und verl\u00e4sslicher Partner von Sportlern und Vereinen international etabliert.\u00a0<\/em><\/p>\n<p><em>Zur Unternehmensphilosophie geh\u00f6rt, dass das Engagement und die F\u00f6rderung im Jugend- und Amateursport ebenso wichtig ist, wie die erfolgreiche Zusammenarbeit mit Profiklubs aus den nationalen und internationalen Ligen.\u00a0<\/em><\/p>\n<p><em>Erfahren Sie mehr unter <a href=\"http:\/\/capellisport.eu\">capellisport.eu<\/a> und finden Sie Capelli Sport auf Twitter (<a href=\"https:\/\/twitter.com\/capellisport?lang=de\">@capellisport<\/a>) und Instagram (<a href=\"https:\/\/www.instagram.com\/capellisport\/?hl=de\">@capellisport<\/a>), oder besuchen Sie die Capelli Sport Facebook-Seite (<a href=\"https:\/\/www.facebook.com\/CapelliSport\/?locale=de_DE\">@CapelliSport<\/a>).\u00a0<\/em><\/p>\n","protected":false},"excerpt":{"rendered":"<p>1 M\u00e4rz, 2023 Capelli Sport X Stefan Bl\u00f6cher\u00a0 Capelli Sport freut sich Stefan Bl\u00f6cher als neuen Markenbotschafter zu pr\u00e4sentieren. V. l. n. r.: Kay Mourheg (Pr\u00e4sident Europe, Capelli Sport), Stefan Bl\u00f6cher (Markenbotschafter, Capelli Sport), Luca Beck (Area Sales Manager, Capelli Sport) Stefan Bl\u00f6cher stammt geb\u00fcrtig aus Wiesbaden und hat im Feldhockey eindrucksvolle Spuren hinterlassen. Der &hellip; <\/p>\n<p class=\"link-more\"><a href=\"https:\/\/capellisport.eu\/de\/capelli-sport-x-stefan-bloecher\/\" class=\"more-link\"><span class=\"screen-reader-text\">\u201eCapelli Sport X Stefan Bl\u00f6cher\u201c<\/span> weiterlesen<\/a><\/p>\n","protected":false},"author":11334,"featured_media":78632,"comment_status":"open","ping_status":"closed","sticky":false,"template":"","format":"standard","meta":{"_acf_changed":false,"footnotes":""},"categories":[16],"tags":[],"class_list":["post-78629","post","type-post","status-publish","format-standard","has-post-thumbnail","hentry","category-neuigkeiten"],"acf":[],"yoast_head":"<!-- This site is optimized with the Yoast SEO plugin v25.4 - https:\/\/yoast.com\/wordpress\/plugins\/seo\/ -->\n<title>Capelli Sport X Stefan Bl\u00f6cher - CAPELLI SPORT Europe<\/title>\n<meta name=\"robots\" content=\"index, follow, max-snippet:-1, max-image-preview:large, max-video-preview:-1\" \/>\n<link rel=\"canonical\" href=\"https:\/\/capellisport.eu\/de\/capelli-sport-x-stefan-bloecher\/\" \/>\n<meta property=\"og:locale\" content=\"de_DE\" \/>\n<meta property=\"og:type\" content=\"article\" \/>\n<meta property=\"og:title\" content=\"Capelli Sport X Stefan Bl\u00f6cher - CAPELLI SPORT Europe\" \/>\n<meta property=\"og:description\" content=\"1 M\u00e4rz, 2023 Capelli Sport X Stefan Bl\u00f6cher\u00a0 Capelli Sport freut sich Stefan Bl\u00f6cher als neuen Markenbotschafter zu pr\u00e4sentieren. V. l. n. r.: Kay Mourheg (Pr\u00e4sident Europe, Capelli Sport), Stefan Bl\u00f6cher (Markenbotschafter, Capelli Sport), Luca Beck (Area Sales Manager, Capelli Sport) Stefan Bl\u00f6cher stammt geb\u00fcrtig aus Wiesbaden und hat im Feldhockey eindrucksvolle Spuren hinterlassen. Der &hellip; \u201eCapelli Sport X Stefan Bl\u00f6cher\u201c weiterlesen\" \/>\n<meta property=\"og:url\" content=\"https:\/\/capellisport.eu\/de\/capelli-sport-x-stefan-bloecher\/\" \/>\n<meta property=\"og:site_name\" content=\"CAPELLI SPORT Europe\" \/>\n<meta property=\"article:published_time\" content=\"2023-03-01T08:46:08+00:00\" \/>\n<meta property=\"article:modified_time\" content=\"2023-03-01T08:53:18+00:00\" \/>\n<meta property=\"og:image\" content=\"https:\/\/capellisport.eu\/wp-content\/uploads\/2023\/03\/PM-Stefan-Bloecher-e1677660782767.jpg\" \/>\n\t<meta property=\"og:image:width\" content=\"714\" \/>\n\t<meta property=\"og:image:height\" content=\"421\" \/>\n\t<meta property=\"og:image:type\" content=\"image\/jpeg\" \/>\n<meta name=\"author\" content=\"nick\" \/>\n<meta name=\"twitter:card\" content=\"summary_large_image\" \/>\n<meta name=\"twitter:label1\" content=\"Verfasst von\" \/>\n\t<meta name=\"twitter:data1\" content=\"nick\" \/>\n\t<meta name=\"twitter:label2\" content=\"Gesch\u00e4tzte Lesezeit\" \/>\n\t<meta name=\"twitter:data2\" content=\"2\u00a0Minuten\" \/>\n<script type=\"application\/ld+json\" class=\"yoast-schema-graph\">{\"@context\":\"https:\/\/schema.org\",\"@graph\":[{\"@type\":\"Article\",\"@id\":\"https:\/\/capellisport.eu\/de\/capelli-sport-x-stefan-bloecher\/#article\",\"isPartOf\":{\"@id\":\"https:\/\/capellisport.eu\/de\/capelli-sport-x-stefan-bloecher\/\"},\"author\":{\"name\":\"nick\",\"@id\":\"https:\/\/capellisport.eu\/#\/schema\/person\/651063bf010667890802d0f4b6f24c8c\"},\"headline\":\"Capelli Sport X Stefan Bl\u00f6cher\",\"datePublished\":\"2023-03-01T08:46:08+00:00\",\"dateModified\":\"2023-03-01T08:53:18+00:00\",\"mainEntityOfPage\":{\"@id\":\"https:\/\/capellisport.eu\/de\/capelli-sport-x-stefan-bloecher\/\"},\"wordCount\":366,\"commentCount\":0,\"publisher\":{\"@id\":\"https:\/\/capellisport.eu\/#organization\"},\"image\":{\"@id\":\"https:\/\/capellisport.eu\/de\/capelli-sport-x-stefan-bloecher\/#primaryimage\"},\"thumbnailUrl\":\"https:\/\/capellisport.eu\/wp-content\/uploads\/2023\/03\/PM-Stefan-Bloecher-e1677660782767.jpg\",\"articleSection\":[\"News\"],\"inLanguage\":\"de\",\"potentialAction\":[{\"@type\":\"CommentAction\",\"name\":\"Comment\",\"target\":[\"https:\/\/capellisport.eu\/de\/capelli-sport-x-stefan-bloecher\/#respond\"]}]},{\"@type\":\"WebPage\",\"@id\":\"https:\/\/capellisport.eu\/de\/capelli-sport-x-stefan-bloecher\/\",\"url\":\"https:\/\/capellisport.eu\/de\/capelli-sport-x-stefan-bloecher\/\",\"name\":\"Capelli Sport X Stefan Bl\u00f6cher - CAPELLI SPORT Europe\",\"isPartOf\":{\"@id\":\"https:\/\/capellisport.eu\/#website\"},\"primaryImageOfPage\":{\"@id\":\"https:\/\/capellisport.eu\/de\/capelli-sport-x-stefan-bloecher\/#primaryimage\"},\"image\":{\"@id\":\"https:\/\/capellisport.eu\/de\/capelli-sport-x-stefan-bloecher\/#primaryimage\"},\"thumbnailUrl\":\"https:\/\/capellisport.eu\/wp-content\/uploads\/2023\/03\/PM-Stefan-Bloecher-e1677660782767.jpg\",\"datePublished\":\"2023-03-01T08:46:08+00:00\",\"dateModified\":\"2023-03-01T08:53:18+00:00\",\"breadcrumb\":{\"@id\":\"https:\/\/capellisport.eu\/de\/capelli-sport-x-stefan-bloecher\/#breadcrumb\"},\"inLanguage\":\"de\",\"potentialAction\":[{\"@type\":\"ReadAction\",\"target\":[\"https:\/\/capellisport.eu\/de\/capelli-sport-x-stefan-bloecher\/\"]}]},{\"@type\":\"ImageObject\",\"inLanguage\":\"de\",\"@id\":\"https:\/\/capellisport.eu\/de\/capelli-sport-x-stefan-bloecher\/#primaryimage\",\"url\":\"https:\/\/capellisport.eu\/wp-content\/uploads\/2023\/03\/PM-Stefan-Bloecher-e1677660782767.jpg\",\"contentUrl\":\"https:\/\/capellisport.eu\/wp-content\/uploads\/2023\/03\/PM-Stefan-Bloecher-e1677660782767.jpg\",\"width\":714,\"height\":421},{\"@type\":\"BreadcrumbList\",\"@id\":\"https:\/\/capellisport.eu\/de\/capelli-sport-x-stefan-bloecher\/#breadcrumb\",\"itemListElement\":[{\"@type\":\"ListItem\",\"position\":1,\"name\":\"Home\",\"item\":\"https:\/\/capellisport.eu\/de\/frontpage\/\"},{\"@type\":\"ListItem\",\"position\":2,\"name\":\"Capelli Sport X Stefan Bl\u00f6cher\"}]},{\"@type\":\"WebSite\",\"@id\":\"https:\/\/capellisport.eu\/#website\",\"url\":\"https:\/\/capellisport.eu\/\",\"name\":\"CAPELLI SPORT Europe\",\"description\":\"\",\"publisher\":{\"@id\":\"https:\/\/capellisport.eu\/#organization\"},\"potentialAction\":[{\"@type\":\"SearchAction\",\"target\":{\"@type\":\"EntryPoint\",\"urlTemplate\":\"https:\/\/capellisport.eu\/?s={search_term_string}\"},\"query-input\":{\"@type\":\"PropertyValueSpecification\",\"valueRequired\":true,\"valueName\":\"search_term_string\"}}],\"inLanguage\":\"de\"},{\"@type\":\"Organization\",\"@id\":\"https:\/\/capellisport.eu\/#organization\",\"name\":\"CAPELLI SPORT Europe\",\"url\":\"https:\/\/capellisport.eu\/\",\"logo\":{\"@type\":\"ImageObject\",\"inLanguage\":\"de\",\"@id\":\"https:\/\/capellisport.eu\/#\/schema\/logo\/image\/\",\"url\":\"https:\/\/capellisport.eu\/wp-content\/uploads\/2019\/08\/CAPELLI-SPORT_LOGO_schwarz-auf-weiss-01-scaled.jpg\",\"contentUrl\":\"https:\/\/capellisport.eu\/wp-content\/uploads\/2019\/08\/CAPELLI-SPORT_LOGO_schwarz-auf-weiss-01-scaled.jpg\",\"width\":2560,\"height\":1440,\"caption\":\"CAPELLI SPORT Europe\"},\"image\":{\"@id\":\"https:\/\/capellisport.eu\/#\/schema\/logo\/image\/\"}},{\"@type\":\"Person\",\"@id\":\"https:\/\/capellisport.eu\/#\/schema\/person\/651063bf010667890802d0f4b6f24c8c\",\"name\":\"nick\"}]}<\/script>\n<!-- \/ Yoast SEO plugin. -->","yoast_head_json":{"title":"Capelli Sport X Stefan Bl\u00f6cher - CAPELLI SPORT Europe","robots":{"index":"index","follow":"follow","max-snippet":"max-snippet:-1","max-image-preview":"max-image-preview:large","max-video-preview":"max-video-preview:-1"},"canonical":"https:\/\/capellisport.eu\/de\/capelli-sport-x-stefan-bloecher\/","og_locale":"de_DE","og_type":"article","og_title":"Capelli Sport X Stefan Bl\u00f6cher - CAPELLI SPORT Europe","og_description":"1 M\u00e4rz, 2023 Capelli Sport X Stefan Bl\u00f6cher\u00a0 Capelli Sport freut sich Stefan Bl\u00f6cher als neuen Markenbotschafter zu pr\u00e4sentieren. V. l. n. r.: Kay Mourheg (Pr\u00e4sident Europe, Capelli Sport), Stefan Bl\u00f6cher (Markenbotschafter, Capelli Sport), Luca Beck (Area Sales Manager, Capelli Sport) Stefan Bl\u00f6cher stammt geb\u00fcrtig aus Wiesbaden und hat im Feldhockey eindrucksvolle Spuren hinterlassen. Der &hellip; \u201eCapelli Sport X Stefan Bl\u00f6cher\u201c weiterlesen","og_url":"https:\/\/capellisport.eu\/de\/capelli-sport-x-stefan-bloecher\/","og_site_name":"CAPELLI SPORT Europe","article_published_time":"2023-03-01T08:46:08+00:00","article_modified_time":"2023-03-01T08:53:18+00:00","og_image":[{"width":714,"height":421,"url":"https:\/\/capellisport.eu\/wp-content\/uploads\/2023\/03\/PM-Stefan-Bloecher-e1677660782767.jpg","type":"image\/jpeg"}],"author":"nick","twitter_card":"summary_large_image","twitter_misc":{"Verfasst von":"nick","Gesch\u00e4tzte Lesezeit":"2\u00a0Minuten"},"schema":{"@context":"https:\/\/schema.org","@graph":[{"@type":"Article","@id":"https:\/\/capellisport.eu\/de\/capelli-sport-x-stefan-bloecher\/#article","isPartOf":{"@id":"https:\/\/capellisport.eu\/de\/capelli-sport-x-stefan-bloecher\/"},"author":{"name":"nick","@id":"https:\/\/capellisport.eu\/#\/schema\/person\/651063bf010667890802d0f4b6f24c8c"},"headline":"Capelli Sport X Stefan Bl\u00f6cher","datePublished":"2023-03-01T08:46:08+00:00","dateModified":"2023-03-01T08:53:18+00:00","mainEntityOfPage":{"@id":"https:\/\/capellisport.eu\/de\/capelli-sport-x-stefan-bloecher\/"},"wordCount":366,"commentCount":0,"publisher":{"@id":"https:\/\/capellisport.eu\/#organization"},"image":{"@id":"https:\/\/capellisport.eu\/de\/capelli-sport-x-stefan-bloecher\/#primaryimage"},"thumbnailUrl":"https:\/\/capellisport.eu\/wp-content\/uploads\/2023\/03\/PM-Stefan-Bloecher-e1677660782767.jpg","articleSection":["News"],"inLanguage":"de","potentialAction":[{"@type":"CommentAction","name":"Comment","target":["https:\/\/capellisport.eu\/de\/capelli-sport-x-stefan-bloecher\/#respond"]}]},{"@type":"WebPage","@id":"https:\/\/capellisport.eu\/de\/capelli-sport-x-stefan-bloecher\/","url":"https:\/\/capellisport.eu\/de\/capelli-sport-x-stefan-bloecher\/","name":"Capelli Sport X Stefan Bl\u00f6cher - CAPELLI SPORT Europe","isPartOf":{"@id":"https:\/\/capellisport.eu\/#website"},"primaryImageOfPage":{"@id":"https:\/\/capellisport.eu\/de\/capelli-sport-x-stefan-bloecher\/#primaryimage"},"image":{"@id":"https:\/\/capellisport.eu\/de\/capelli-sport-x-stefan-bloecher\/#primaryimage"},"thumbnailUrl":"https:\/\/capellisport.eu\/wp-content\/uploads\/2023\/03\/PM-Stefan-Bloecher-e1677660782767.jpg","datePublished":"2023-03-01T08:46:08+00:00","dateModified":"2023-03-01T08:53:18+00:00","breadcrumb":{"@id":"https:\/\/capellisport.eu\/de\/capelli-sport-x-stefan-bloecher\/#breadcrumb"},"inLanguage":"de","potentialAction":[{"@type":"ReadAction","target":["https:\/\/capellisport.eu\/de\/capelli-sport-x-stefan-bloecher\/"]}]},{"@type":"ImageObject","inLanguage":"de","@id":"https:\/\/capellisport.eu\/de\/capelli-sport-x-stefan-bloecher\/#primaryimage","url":"https:\/\/capellisport.eu\/wp-content\/uploads\/2023\/03\/PM-Stefan-Bloecher-e1677660782767.jpg","contentUrl":"https:\/\/capellisport.eu\/wp-content\/uploads\/2023\/03\/PM-Stefan-Bloecher-e1677660782767.jpg","width":714,"height":421},{"@type":"BreadcrumbList","@id":"https:\/\/capellisport.eu\/de\/capelli-sport-x-stefan-bloecher\/#breadcrumb","itemListElement":[{"@type":"ListItem","position":1,"name":"Home","item":"https:\/\/capellisport.eu\/de\/frontpage\/"},{"@type":"ListItem","position":2,"name":"Capelli Sport X Stefan Bl\u00f6cher"}]},{"@type":"WebSite","@id":"https:\/\/capellisport.eu\/#website","url":"https:\/\/capellisport.eu\/","name":"CAPELLI SPORT Europe","description":"","publisher":{"@id":"https:\/\/capellisport.eu\/#organization"},"potentialAction":[{"@type":"SearchAction","target":{"@type":"EntryPoint","urlTemplate":"https:\/\/capellisport.eu\/?s={search_term_string}"},"query-input":{"@type":"PropertyValueSpecification","valueRequired":true,"valueName":"search_term_string"}}],"inLanguage":"de"},{"@type":"Organization","@id":"https:\/\/capellisport.eu\/#organization","name":"CAPELLI SPORT Europe","url":"https:\/\/capellisport.eu\/","logo":{"@type":"ImageObject","inLanguage":"de","@id":"https:\/\/capellisport.eu\/#\/schema\/logo\/image\/","url":"https:\/\/capellisport.eu\/wp-content\/uploads\/2019\/08\/CAPELLI-SPORT_LOGO_schwarz-auf-weiss-01-scaled.jpg","contentUrl":"https:\/\/capellisport.eu\/wp-content\/uploads\/2019\/08\/CAPELLI-SPORT_LOGO_schwarz-auf-weiss-01-scaled.jpg","width":2560,"height":1440,"caption":"CAPELLI SPORT Europe"},"image":{"@id":"https:\/\/capellisport.eu\/#\/schema\/logo\/image\/"}},{"@type":"Person","@id":"https:\/\/capellisport.eu\/#\/schema\/person\/651063bf010667890802d0f4b6f24c8c","name":"nick"}]}},"_links":{"self":[{"href":"https:\/\/capellisport.eu\/de\/wp-json\/wp\/v2\/posts\/78629","targetHints":{"allow":["GET"]}}],"collection":[{"href":"https:\/\/capellisport.eu\/de\/wp-json\/wp\/v2\/posts"}],"about":[{"href":"https:\/\/capellisport.eu\/de\/wp-json\/wp\/v2\/types\/post"}],"author":[{"embeddable":true,"href":"https:\/\/capellisport.eu\/de\/wp-json\/wp\/v2\/users\/11334"}],"replies":[{"embeddable":true,"href":"https:\/\/capellisport.eu\/de\/wp-json\/wp\/v2\/comments?post=78629"}],"version-history":[{"count":1,"href":"https:\/\/capellisport.eu\/de\/wp-json\/wp\/v2\/posts\/78629\/revisions"}],"predecessor-version":[{"id":78634,"href":"https:\/\/capellisport.eu\/de\/wp-json\/wp\/v2\/posts\/78629\/revisions\/78634"}],"wp:featuredmedia":[{"embeddable":true,"href":"https:\/\/capellisport.eu\/de\/wp-json\/wp\/v2\/media\/78632"}],"wp:attachment":[{"href":"https:\/\/capellisport.eu\/de\/wp-json\/wp\/v2\/media?parent=78629"}],"wp:term":[{"taxonomy":"category","embeddable":true,"href":"https:\/\/capellisport.eu\/de\/wp-json\/wp\/v2\/categories?post=78629"},{"taxonomy":"post_tag","embeddable":true,"href":"https:\/\/capellisport.eu\/de\/wp-json\/wp\/v2\/tags?post=78629"}],"curies":[{"name":"wp","href":"https:\/\/api.w.org\/{rel}","templated":true}]}}