{"id":86015,"date":"2023-06-05T18:00:31","date_gmt":"2023-06-05T16:00:31","guid":{"rendered":"https:\/\/capellisport.eu\/?p=86015"},"modified":"2023-06-06T09:00:49","modified_gmt":"2023-06-06T07:00:49","slug":"capelli-sport-x-etb-schwarz-weiss-essen","status":"publish","type":"post","link":"https:\/\/capellisport.eu\/de\/capelli-sport-x-etb-schwarz-weiss-essen\/","title":{"rendered":"CAPELLI SPORT x ETB SCHWARZ-WEI\u00df ESSEN"},"content":{"rendered":"<h3><img loading=\"lazy\" decoding=\"async\" class=\"alignnone size-full wp-image-86016\" src=\"https:\/\/capellisport.eu\/wp-content\/uploads\/2023\/06\/Picture1.png\" alt=\"\" width=\"602\" height=\"164\" srcset=\"https:\/\/capellisport.eu\/wp-content\/uploads\/2023\/06\/Picture1.png 602w, https:\/\/capellisport.eu\/wp-content\/uploads\/2023\/06\/Picture1-600x163.png 600w, https:\/\/capellisport.eu\/wp-content\/uploads\/2023\/06\/Picture1-400x109.png 400w\" sizes=\"auto, (max-width: 602px) 100vw, 602px\" \/><\/h3>\n<h3><strong>CAPELLI SPORT X ETB SCHWARZ-WEI\u00df ESSEN<\/strong><\/h3>\n<p><img loading=\"lazy\" decoding=\"async\" class=\"alignnone size-medium wp-image-86018\" src=\"https:\/\/capellisport.eu\/wp-content\/uploads\/2023\/06\/PHOTO-2023-05-11-14-36-26-768x493.jpg\" alt=\"\" width=\"768\" height=\"493\" srcset=\"https:\/\/capellisport.eu\/wp-content\/uploads\/2023\/06\/PHOTO-2023-05-11-14-36-26-768x493.jpg 768w, https:\/\/capellisport.eu\/wp-content\/uploads\/2023\/06\/PHOTO-2023-05-11-14-36-26-600x385.jpg 600w, https:\/\/capellisport.eu\/wp-content\/uploads\/2023\/06\/PHOTO-2023-05-11-14-36-26-1200x770.jpg 1200w, https:\/\/capellisport.eu\/wp-content\/uploads\/2023\/06\/PHOTO-2023-05-11-14-36-26-400x257.jpg 400w, https:\/\/capellisport.eu\/wp-content\/uploads\/2023\/06\/PHOTO-2023-05-11-14-36-26-1536x986.jpg 1536w, https:\/\/capellisport.eu\/wp-content\/uploads\/2023\/06\/PHOTO-2023-05-11-14-36-26-750x481.jpg 750w, https:\/\/capellisport.eu\/wp-content\/uploads\/2023\/06\/PHOTO-2023-05-11-14-36-26.jpg 1600w\" sizes=\"auto, (max-width: 706px) 89vw, (max-width: 767px) 82vw, 740px\" \/><\/p>\n<p>Capelli Sport freut sich den ETB Schwarz-Wei\u00df Essen in der Capelli Sport Familie begr\u00fc\u00dfen zu d\u00fcrfen. Der in New York City ans\u00e4ssige Sportartikelhersteller wird mit Beginn der Saison 2023\/24 neuer Ausr\u00fcster des traditionsreichen Vereins im Essener S\u00fcden. Diese Partnerschaft beinhaltet alle Mannschaft im Erwachsenen- und Jugendbereich des Vereins. Die gemeinsame Zusammenarbeit mit dem deutschen Pokalsieger von 1959 l\u00e4uft zun\u00e4chst bis 2025, mit der Option auf eine vorzeitige Verl\u00e4ngerung.<\/p>\n<p><strong>Halil \u00d6zcelik, Area Sales Manager Capelli Sport, sagt:<\/strong><\/p>\n<p>\u201cWir freuen uns sehr, dass wir mit dem Traditionsreichen ETB SW Essen eine langfristige Partnerschaft abgeschlossen haben. Der ETB ist uns sehr positiv aufgefallen und steht vor einer spannenden Zukunft, bei der wir gerne ein Teil davon sind. Wir freuen uns auf die Zusammenarbeit.\u201c<\/p>\n<p><strong>Karl Wei\u00df, Pr\u00e4sident <a href=\"https:\/\/www.sw-essen.de\/\">ETB SW Essen<\/a>, sagt:<\/strong><\/p>\n<p>\u201eMit Capelli Sport konnten wir einen starken Partner gewinnen, der sich langfristig bei uns engagiert &#8211; dar\u00fcber sind wir sehr froh. Besonders \u00fcberzeugt haben uns zudem die Design-Ideen von Capelli Sport was die Trikots und Teamausstattung aller Vereinsmannschaften betrifft. Die Produkte von Capelli Sport stehen zudem f\u00fcr Qualit\u00e4t und Funktionalit\u00e4t auf Topniveau. Wir sind sehr stolz, dass demn\u00e4chst von der U9 bis zur Oberliga-Mannschaft alle ETB-Mannschaften einheitlich ausgestattet werden. Damit wird der ETB auch in der \u00d6ffentlichkeit auf und neben dem Platz eine gesteigerte Wahrnehmung erfahren und bestens pr\u00e4sentiert sein. Daf\u00fcr gilt unserer Dank vor allem auch unserem neuen Trikot- und Premiumsponsor Gothaer Becker&amp; Brencher&#8220;.<\/p>\n<p>&nbsp;<\/p>\n<p><em><strong>\u00dcber Capelli Sport <\/strong><\/em><\/p>\n<p>Capelli Sport wurde 2011 in der Mode-Metropole New York City gegr\u00fcndet. Als weltweit agierende Sport und Lifestyle Marke steht Capelli Sport f\u00fcr hohe Funktionalit\u00e4t, Qualit\u00e4t und individuellen Service im Profi- und Amateursport. Capelli Sport \u00fcberzeugt mit erstklassiger Sportbekleidung, professionellem Equipment und trendigen Lifestyle Produkten und ist als Ausr\u00fcster und verl\u00e4sslicher Partner von Sportlern und Vereinen international etabliert. Zur Unternehmensphilosophie geh\u00f6rt, dass das Engagement und die F\u00f6rderung im Jugend- und Amateursport ebenso wichtig ist, wie die erfolgreiche Zusammenarbeit mit Profiklubs aus den nationalen und internationalen Ligen.<\/p>\n<p>&nbsp;<\/p>\n<p>Erfahren Sie mehr unter <a href=\"capellisport.eu\">capellisport.eu<\/a> und finden Sie Capelli Sport auf Twitter (<a href=\"https:\/\/twitter.com\/capellisport?lang=de\">@capellisport<\/a>) und Instagram (<a href=\"https:\/\/www.instagram.com\/capellisport\/?hl=de\">@capellisport<\/a>), oder besuchen Sie die Capelli Sport Facebook-Seite (<a href=\"https:\/\/www.facebook.com\/CapelliSport\/?locale=de_DE\">@CapelliSport<\/a>).<\/p>\n<p>&nbsp;<\/p>\n","protected":false},"excerpt":{"rendered":"<p>CAPELLI SPORT X ETB SCHWARZ-WEI\u00df ESSEN Capelli Sport freut sich den ETB Schwarz-Wei\u00df Essen in der Capelli Sport Familie begr\u00fc\u00dfen zu d\u00fcrfen. Der in New York City ans\u00e4ssige Sportartikelhersteller wird mit Beginn der Saison 2023\/24 neuer Ausr\u00fcster des traditionsreichen Vereins im Essener S\u00fcden. Diese Partnerschaft beinhaltet alle Mannschaft im Erwachsenen- und Jugendbereich des Vereins. Die &hellip; <\/p>\n<p class=\"link-more\"><a href=\"https:\/\/capellisport.eu\/de\/capelli-sport-x-etb-schwarz-weiss-essen\/\" class=\"more-link\"><span class=\"screen-reader-text\">\u201eCAPELLI SPORT x ETB SCHWARZ-WEI\u00df ESSEN\u201c<\/span> weiterlesen<\/a><\/p>\n","protected":false},"author":11334,"featured_media":86018,"comment_status":"open","ping_status":"closed","sticky":false,"template":"","format":"standard","meta":{"_acf_changed":false,"footnotes":""},"categories":[16],"tags":[],"class_list":["post-86015","post","type-post","status-publish","format-standard","has-post-thumbnail","hentry","category-neuigkeiten"],"acf":[],"yoast_head":"<!-- This site is optimized with the Yoast SEO plugin v25.4 - https:\/\/yoast.com\/wordpress\/plugins\/seo\/ -->\n<title>CAPELLI SPORT x ETB SCHWARZ-WEI\u00df ESSEN - CAPELLI SPORT Europe<\/title>\n<meta name=\"robots\" content=\"index, follow, max-snippet:-1, max-image-preview:large, max-video-preview:-1\" \/>\n<link rel=\"canonical\" href=\"https:\/\/capellisport.eu\/de\/capelli-sport-x-etb-schwarz-weiss-essen\/\" \/>\n<meta property=\"og:locale\" content=\"de_DE\" \/>\n<meta property=\"og:type\" content=\"article\" \/>\n<meta property=\"og:title\" content=\"CAPELLI SPORT x ETB SCHWARZ-WEI\u00df ESSEN - CAPELLI SPORT Europe\" \/>\n<meta property=\"og:description\" content=\"CAPELLI SPORT X ETB SCHWARZ-WEI\u00df ESSEN Capelli Sport freut sich den ETB Schwarz-Wei\u00df Essen in der Capelli Sport Familie begr\u00fc\u00dfen zu d\u00fcrfen. Der in New York City ans\u00e4ssige Sportartikelhersteller wird mit Beginn der Saison 2023\/24 neuer Ausr\u00fcster des traditionsreichen Vereins im Essener S\u00fcden. Diese Partnerschaft beinhaltet alle Mannschaft im Erwachsenen- und Jugendbereich des Vereins. Die &hellip; \u201eCAPELLI SPORT x ETB SCHWARZ-WEI\u00df ESSEN\u201c weiterlesen\" \/>\n<meta property=\"og:url\" content=\"https:\/\/capellisport.eu\/de\/capelli-sport-x-etb-schwarz-weiss-essen\/\" \/>\n<meta property=\"og:site_name\" content=\"CAPELLI SPORT Europe\" \/>\n<meta property=\"article:published_time\" content=\"2023-06-05T16:00:31+00:00\" \/>\n<meta property=\"article:modified_time\" content=\"2023-06-06T07:00:49+00:00\" \/>\n<meta property=\"og:image\" content=\"https:\/\/capellisport.eu\/wp-content\/uploads\/2023\/06\/PHOTO-2023-05-11-14-36-26.jpg\" \/>\n\t<meta property=\"og:image:width\" content=\"1600\" \/>\n\t<meta property=\"og:image:height\" content=\"1027\" \/>\n\t<meta property=\"og:image:type\" content=\"image\/jpeg\" \/>\n<meta name=\"author\" content=\"nick\" \/>\n<meta name=\"twitter:card\" content=\"summary_large_image\" \/>\n<meta name=\"twitter:label1\" content=\"Verfasst von\" \/>\n\t<meta name=\"twitter:data1\" content=\"nick\" \/>\n\t<meta name=\"twitter:label2\" content=\"Gesch\u00e4tzte Lesezeit\" \/>\n\t<meta name=\"twitter:data2\" content=\"2\u00a0Minuten\" \/>\n<script type=\"application\/ld+json\" class=\"yoast-schema-graph\">{\"@context\":\"https:\/\/schema.org\",\"@graph\":[{\"@type\":\"Article\",\"@id\":\"https:\/\/capellisport.eu\/de\/capelli-sport-x-etb-schwarz-weiss-essen\/#article\",\"isPartOf\":{\"@id\":\"https:\/\/capellisport.eu\/de\/capelli-sport-x-etb-schwarz-weiss-essen\/\"},\"author\":{\"name\":\"nick\",\"@id\":\"https:\/\/capellisport.eu\/#\/schema\/person\/651063bf010667890802d0f4b6f24c8c\"},\"headline\":\"CAPELLI SPORT x ETB SCHWARZ-WEI\u00df ESSEN\",\"datePublished\":\"2023-06-05T16:00:31+00:00\",\"dateModified\":\"2023-06-06T07:00:49+00:00\",\"mainEntityOfPage\":{\"@id\":\"https:\/\/capellisport.eu\/de\/capelli-sport-x-etb-schwarz-weiss-essen\/\"},\"wordCount\":381,\"commentCount\":0,\"publisher\":{\"@id\":\"https:\/\/capellisport.eu\/#organization\"},\"image\":{\"@id\":\"https:\/\/capellisport.eu\/de\/capelli-sport-x-etb-schwarz-weiss-essen\/#primaryimage\"},\"thumbnailUrl\":\"https:\/\/capellisport.eu\/wp-content\/uploads\/2023\/06\/PHOTO-2023-05-11-14-36-26.jpg\",\"articleSection\":[\"News\"],\"inLanguage\":\"de\",\"potentialAction\":[{\"@type\":\"CommentAction\",\"name\":\"Comment\",\"target\":[\"https:\/\/capellisport.eu\/de\/capelli-sport-x-etb-schwarz-weiss-essen\/#respond\"]}]},{\"@type\":\"WebPage\",\"@id\":\"https:\/\/capellisport.eu\/de\/capelli-sport-x-etb-schwarz-weiss-essen\/\",\"url\":\"https:\/\/capellisport.eu\/de\/capelli-sport-x-etb-schwarz-weiss-essen\/\",\"name\":\"CAPELLI SPORT x ETB SCHWARZ-WEI\u00df ESSEN - CAPELLI SPORT Europe\",\"isPartOf\":{\"@id\":\"https:\/\/capellisport.eu\/#website\"},\"primaryImageOfPage\":{\"@id\":\"https:\/\/capellisport.eu\/de\/capelli-sport-x-etb-schwarz-weiss-essen\/#primaryimage\"},\"image\":{\"@id\":\"https:\/\/capellisport.eu\/de\/capelli-sport-x-etb-schwarz-weiss-essen\/#primaryimage\"},\"thumbnailUrl\":\"https:\/\/capellisport.eu\/wp-content\/uploads\/2023\/06\/PHOTO-2023-05-11-14-36-26.jpg\",\"datePublished\":\"2023-06-05T16:00:31+00:00\",\"dateModified\":\"2023-06-06T07:00:49+00:00\",\"breadcrumb\":{\"@id\":\"https:\/\/capellisport.eu\/de\/capelli-sport-x-etb-schwarz-weiss-essen\/#breadcrumb\"},\"inLanguage\":\"de\",\"potentialAction\":[{\"@type\":\"ReadAction\",\"target\":[\"https:\/\/capellisport.eu\/de\/capelli-sport-x-etb-schwarz-weiss-essen\/\"]}]},{\"@type\":\"ImageObject\",\"inLanguage\":\"de\",\"@id\":\"https:\/\/capellisport.eu\/de\/capelli-sport-x-etb-schwarz-weiss-essen\/#primaryimage\",\"url\":\"https:\/\/capellisport.eu\/wp-content\/uploads\/2023\/06\/PHOTO-2023-05-11-14-36-26.jpg\",\"contentUrl\":\"https:\/\/capellisport.eu\/wp-content\/uploads\/2023\/06\/PHOTO-2023-05-11-14-36-26.jpg\",\"width\":1600,\"height\":1027},{\"@type\":\"BreadcrumbList\",\"@id\":\"https:\/\/capellisport.eu\/de\/capelli-sport-x-etb-schwarz-weiss-essen\/#breadcrumb\",\"itemListElement\":[{\"@type\":\"ListItem\",\"position\":1,\"name\":\"Home\",\"item\":\"https:\/\/capellisport.eu\/de\/frontpage\/\"},{\"@type\":\"ListItem\",\"position\":2,\"name\":\"CAPELLI SPORT x ETB SCHWARZ-WEI\u00df ESSEN\"}]},{\"@type\":\"WebSite\",\"@id\":\"https:\/\/capellisport.eu\/#website\",\"url\":\"https:\/\/capellisport.eu\/\",\"name\":\"CAPELLI SPORT Europe\",\"description\":\"\",\"publisher\":{\"@id\":\"https:\/\/capellisport.eu\/#organization\"},\"potentialAction\":[{\"@type\":\"SearchAction\",\"target\":{\"@type\":\"EntryPoint\",\"urlTemplate\":\"https:\/\/capellisport.eu\/?s={search_term_string}\"},\"query-input\":{\"@type\":\"PropertyValueSpecification\",\"valueRequired\":true,\"valueName\":\"search_term_string\"}}],\"inLanguage\":\"de\"},{\"@type\":\"Organization\",\"@id\":\"https:\/\/capellisport.eu\/#organization\",\"name\":\"CAPELLI SPORT Europe\",\"url\":\"https:\/\/capellisport.eu\/\",\"logo\":{\"@type\":\"ImageObject\",\"inLanguage\":\"de\",\"@id\":\"https:\/\/capellisport.eu\/#\/schema\/logo\/image\/\",\"url\":\"https:\/\/capellisport.eu\/wp-content\/uploads\/2019\/08\/CAPELLI-SPORT_LOGO_schwarz-auf-weiss-01-scaled.jpg\",\"contentUrl\":\"https:\/\/capellisport.eu\/wp-content\/uploads\/2019\/08\/CAPELLI-SPORT_LOGO_schwarz-auf-weiss-01-scaled.jpg\",\"width\":2560,\"height\":1440,\"caption\":\"CAPELLI SPORT Europe\"},\"image\":{\"@id\":\"https:\/\/capellisport.eu\/#\/schema\/logo\/image\/\"}},{\"@type\":\"Person\",\"@id\":\"https:\/\/capellisport.eu\/#\/schema\/person\/651063bf010667890802d0f4b6f24c8c\",\"name\":\"nick\"}]}<\/script>\n<!-- \/ Yoast SEO plugin. -->","yoast_head_json":{"title":"CAPELLI SPORT x ETB SCHWARZ-WEI\u00df ESSEN - CAPELLI SPORT Europe","robots":{"index":"index","follow":"follow","max-snippet":"max-snippet:-1","max-image-preview":"max-image-preview:large","max-video-preview":"max-video-preview:-1"},"canonical":"https:\/\/capellisport.eu\/de\/capelli-sport-x-etb-schwarz-weiss-essen\/","og_locale":"de_DE","og_type":"article","og_title":"CAPELLI SPORT x ETB SCHWARZ-WEI\u00df ESSEN - CAPELLI SPORT Europe","og_description":"CAPELLI SPORT X ETB SCHWARZ-WEI\u00df ESSEN Capelli Sport freut sich den ETB Schwarz-Wei\u00df Essen in der Capelli Sport Familie begr\u00fc\u00dfen zu d\u00fcrfen. Der in New York City ans\u00e4ssige Sportartikelhersteller wird mit Beginn der Saison 2023\/24 neuer Ausr\u00fcster des traditionsreichen Vereins im Essener S\u00fcden. Diese Partnerschaft beinhaltet alle Mannschaft im Erwachsenen- und Jugendbereich des Vereins. Die &hellip; \u201eCAPELLI SPORT x ETB SCHWARZ-WEI\u00df ESSEN\u201c weiterlesen","og_url":"https:\/\/capellisport.eu\/de\/capelli-sport-x-etb-schwarz-weiss-essen\/","og_site_name":"CAPELLI SPORT Europe","article_published_time":"2023-06-05T16:00:31+00:00","article_modified_time":"2023-06-06T07:00:49+00:00","og_image":[{"width":1600,"height":1027,"url":"https:\/\/capellisport.eu\/wp-content\/uploads\/2023\/06\/PHOTO-2023-05-11-14-36-26.jpg","type":"image\/jpeg"}],"author":"nick","twitter_card":"summary_large_image","twitter_misc":{"Verfasst von":"nick","Gesch\u00e4tzte Lesezeit":"2\u00a0Minuten"},"schema":{"@context":"https:\/\/schema.org","@graph":[{"@type":"Article","@id":"https:\/\/capellisport.eu\/de\/capelli-sport-x-etb-schwarz-weiss-essen\/#article","isPartOf":{"@id":"https:\/\/capellisport.eu\/de\/capelli-sport-x-etb-schwarz-weiss-essen\/"},"author":{"name":"nick","@id":"https:\/\/capellisport.eu\/#\/schema\/person\/651063bf010667890802d0f4b6f24c8c"},"headline":"CAPELLI SPORT x ETB SCHWARZ-WEI\u00df ESSEN","datePublished":"2023-06-05T16:00:31+00:00","dateModified":"2023-06-06T07:00:49+00:00","mainEntityOfPage":{"@id":"https:\/\/capellisport.eu\/de\/capelli-sport-x-etb-schwarz-weiss-essen\/"},"wordCount":381,"commentCount":0,"publisher":{"@id":"https:\/\/capellisport.eu\/#organization"},"image":{"@id":"https:\/\/capellisport.eu\/de\/capelli-sport-x-etb-schwarz-weiss-essen\/#primaryimage"},"thumbnailUrl":"https:\/\/capellisport.eu\/wp-content\/uploads\/2023\/06\/PHOTO-2023-05-11-14-36-26.jpg","articleSection":["News"],"inLanguage":"de","potentialAction":[{"@type":"CommentAction","name":"Comment","target":["https:\/\/capellisport.eu\/de\/capelli-sport-x-etb-schwarz-weiss-essen\/#respond"]}]},{"@type":"WebPage","@id":"https:\/\/capellisport.eu\/de\/capelli-sport-x-etb-schwarz-weiss-essen\/","url":"https:\/\/capellisport.eu\/de\/capelli-sport-x-etb-schwarz-weiss-essen\/","name":"CAPELLI SPORT x ETB SCHWARZ-WEI\u00df ESSEN - CAPELLI SPORT Europe","isPartOf":{"@id":"https:\/\/capellisport.eu\/#website"},"primaryImageOfPage":{"@id":"https:\/\/capellisport.eu\/de\/capelli-sport-x-etb-schwarz-weiss-essen\/#primaryimage"},"image":{"@id":"https:\/\/capellisport.eu\/de\/capelli-sport-x-etb-schwarz-weiss-essen\/#primaryimage"},"thumbnailUrl":"https:\/\/capellisport.eu\/wp-content\/uploads\/2023\/06\/PHOTO-2023-05-11-14-36-26.jpg","datePublished":"2023-06-05T16:00:31+00:00","dateModified":"2023-06-06T07:00:49+00:00","breadcrumb":{"@id":"https:\/\/capellisport.eu\/de\/capelli-sport-x-etb-schwarz-weiss-essen\/#breadcrumb"},"inLanguage":"de","potentialAction":[{"@type":"ReadAction","target":["https:\/\/capellisport.eu\/de\/capelli-sport-x-etb-schwarz-weiss-essen\/"]}]},{"@type":"ImageObject","inLanguage":"de","@id":"https:\/\/capellisport.eu\/de\/capelli-sport-x-etb-schwarz-weiss-essen\/#primaryimage","url":"https:\/\/capellisport.eu\/wp-content\/uploads\/2023\/06\/PHOTO-2023-05-11-14-36-26.jpg","contentUrl":"https:\/\/capellisport.eu\/wp-content\/uploads\/2023\/06\/PHOTO-2023-05-11-14-36-26.jpg","width":1600,"height":1027},{"@type":"BreadcrumbList","@id":"https:\/\/capellisport.eu\/de\/capelli-sport-x-etb-schwarz-weiss-essen\/#breadcrumb","itemListElement":[{"@type":"ListItem","position":1,"name":"Home","item":"https:\/\/capellisport.eu\/de\/frontpage\/"},{"@type":"ListItem","position":2,"name":"CAPELLI SPORT x ETB SCHWARZ-WEI\u00df ESSEN"}]},{"@type":"WebSite","@id":"https:\/\/capellisport.eu\/#website","url":"https:\/\/capellisport.eu\/","name":"CAPELLI SPORT Europe","description":"","publisher":{"@id":"https:\/\/capellisport.eu\/#organization"},"potentialAction":[{"@type":"SearchAction","target":{"@type":"EntryPoint","urlTemplate":"https:\/\/capellisport.eu\/?s={search_term_string}"},"query-input":{"@type":"PropertyValueSpecification","valueRequired":true,"valueName":"search_term_string"}}],"inLanguage":"de"},{"@type":"Organization","@id":"https:\/\/capellisport.eu\/#organization","name":"CAPELLI SPORT Europe","url":"https:\/\/capellisport.eu\/","logo":{"@type":"ImageObject","inLanguage":"de","@id":"https:\/\/capellisport.eu\/#\/schema\/logo\/image\/","url":"https:\/\/capellisport.eu\/wp-content\/uploads\/2019\/08\/CAPELLI-SPORT_LOGO_schwarz-auf-weiss-01-scaled.jpg","contentUrl":"https:\/\/capellisport.eu\/wp-content\/uploads\/2019\/08\/CAPELLI-SPORT_LOGO_schwarz-auf-weiss-01-scaled.jpg","width":2560,"height":1440,"caption":"CAPELLI SPORT Europe"},"image":{"@id":"https:\/\/capellisport.eu\/#\/schema\/logo\/image\/"}},{"@type":"Person","@id":"https:\/\/capellisport.eu\/#\/schema\/person\/651063bf010667890802d0f4b6f24c8c","name":"nick"}]}},"_links":{"self":[{"href":"https:\/\/capellisport.eu\/de\/wp-json\/wp\/v2\/posts\/86015","targetHints":{"allow":["GET"]}}],"collection":[{"href":"https:\/\/capellisport.eu\/de\/wp-json\/wp\/v2\/posts"}],"about":[{"href":"https:\/\/capellisport.eu\/de\/wp-json\/wp\/v2\/types\/post"}],"author":[{"embeddable":true,"href":"https:\/\/capellisport.eu\/de\/wp-json\/wp\/v2\/users\/11334"}],"replies":[{"embeddable":true,"href":"https:\/\/capellisport.eu\/de\/wp-json\/wp\/v2\/comments?post=86015"}],"version-history":[{"count":3,"href":"https:\/\/capellisport.eu\/de\/wp-json\/wp\/v2\/posts\/86015\/revisions"}],"predecessor-version":[{"id":86305,"href":"https:\/\/capellisport.eu\/de\/wp-json\/wp\/v2\/posts\/86015\/revisions\/86305"}],"wp:featuredmedia":[{"embeddable":true,"href":"https:\/\/capellisport.eu\/de\/wp-json\/wp\/v2\/media\/86018"}],"wp:attachment":[{"href":"https:\/\/capellisport.eu\/de\/wp-json\/wp\/v2\/media?parent=86015"}],"wp:term":[{"taxonomy":"category","embeddable":true,"href":"https:\/\/capellisport.eu\/de\/wp-json\/wp\/v2\/categories?post=86015"},{"taxonomy":"post_tag","embeddable":true,"href":"https:\/\/capellisport.eu\/de\/wp-json\/wp\/v2\/tags?post=86015"}],"curies":[{"name":"wp","href":"https:\/\/api.w.org\/{rel}","templated":true}]}}