{"id":87657,"date":"2023-06-22T12:57:28","date_gmt":"2023-06-22T10:57:28","guid":{"rendered":"https:\/\/capellisport.eu\/?p=87657"},"modified":"2023-06-22T12:57:28","modified_gmt":"2023-06-22T10:57:28","slug":"capelli-sport-x-tv-gelnhausen","status":"publish","type":"post","link":"https:\/\/capellisport.eu\/de\/capelli-sport-x-tv-gelnhausen\/","title":{"rendered":"Capelli Sport x TV Gelnhausen"},"content":{"rendered":"<p><img loading=\"lazy\" decoding=\"async\" class=\"alignnone size-full wp-image-87658\" src=\"https:\/\/capellisport.eu\/wp-content\/uploads\/2023\/06\/Screenshot-2023-06-22-105042.png\" alt=\"\" width=\"684\" height=\"177\" srcset=\"https:\/\/capellisport.eu\/wp-content\/uploads\/2023\/06\/Screenshot-2023-06-22-105042.png 684w, https:\/\/capellisport.eu\/wp-content\/uploads\/2023\/06\/Screenshot-2023-06-22-105042-600x155.png 600w, https:\/\/capellisport.eu\/wp-content\/uploads\/2023\/06\/Screenshot-2023-06-22-105042-400x104.png 400w\" sizes=\"auto, (max-width: 684px) 100vw, 684px\" \/><\/p>\n<p><strong>Capelli Sport x TV Gelnhausen<\/strong><\/p>\n<figure id=\"attachment_87660\" aria-describedby=\"caption-attachment-87660\" style=\"width: 678px\" class=\"wp-caption alignnone\"><img loading=\"lazy\" decoding=\"async\" class=\"wp-image-87660 size-full\" src=\"https:\/\/capellisport.eu\/wp-content\/uploads\/2023\/06\/Capelli-678x381-1.png\" alt=\"\" width=\"678\" height=\"381\" srcset=\"https:\/\/capellisport.eu\/wp-content\/uploads\/2023\/06\/Capelli-678x381-1.png 678w, https:\/\/capellisport.eu\/wp-content\/uploads\/2023\/06\/Capelli-678x381-1-600x337.png 600w, https:\/\/capellisport.eu\/wp-content\/uploads\/2023\/06\/Capelli-678x381-1-400x225.png 400w\" sizes=\"auto, (max-width: 678px) 100vw, 678px\" \/><figcaption id=\"caption-attachment-87660\" class=\"wp-caption-text\">von links nach rechts: Felix Gerdts (Account Manager Capelli Sport), Thomas Tamberg (Leiter Kommunikation, Marketing &amp; Markenentwicklung TV Gelnhausen), Philip Deinet (Manager &amp; sportlicher Leiter TV Gelnhausen), Halil \u00d6zcelik (Strategic Sales &amp; Business Development Capelli Sport)<\/figcaption><\/figure>\n<p>Die positive Entwicklung des <a href=\"https:\/\/www.tvgelnhausen-handball.de\/\">TV Gelnhausen<\/a> auf und neben dem Feld schreitet weiter voran. Jetzt kann der Handball-Drittligist mit dem New Yorker Unternehmen \u201eCapelli Sport\u201c einen weiteren starken Partner pr\u00e4sentieren. Der Teamsportspezialist wird ab dem 1. Juli 2023 in den kommenden drei Jahren als \u201eOffizieller Ausr\u00fcster des TV Gelnhausen\u201c auftreten und neben der Drittligamannschaft auch alle weiteren Teams der Barbarossast\u00e4dter ausr\u00fcsten.<\/p>\n<p>Doch \u201eCapelli Sport\u201c, dass ebenfalls den Handball-Bundesligisten VfL Gummersbach ausstattet, wird sich beim TV Gelnhausen weiterf\u00fchrend engagieren und auch den Merchandising-Bereich der Rotwei\u00dfen verantworten. Dazu geh\u00f6rt u.a. die Neugestaltung eines Online-Fanshops. Au\u00dferdem wird sich \u201eCapelli Sport\u201c in den geplanten Handball-Jugend-Camps einbringen und die Barbarossast\u00e4dter in vielen Bereichen mit Material, Netzwerk und Know-How unterst\u00fctzen.<\/p>\n<p>\u201eDie Gespr\u00e4che mit Capelli und auch das Treffen im Europazentrum in Ratingen bei unserem neuen Partner waren sehr offen und positiv. Capelli bietet \u00fcber das normale Ma\u00df eines Ausr\u00fcsters hinaus noch viele weitere M\u00f6glichkeiten der Zusammenarbeit und denkt \u00fcber den Tellerrand hinaus. Das wird eine starke und innovative Partnerschaft\u201c sagt TVG-Manager Philip Deinet.<\/p>\n<p>\u201eMit \u201eCapelli Sport\u201c haben wir einen tollen Partner gefunden, der auf die Bed\u00fcrfnisse der Vereine eingeht und uns vor allem mit dem Online-Fanshop neue M\u00f6glichkeiten er\u00f6ffnet. Hier k\u00f6nnen wir auf ein reichhaltiges Angebot zur\u00fcckgreifen und auch eigene kreative Ideen schnell umsetzen. Dazu gibt es keine Mindestabnahmemenge\u201c, sagt Thomas Tamberg. Der Leiter Kommunikation und Marketing hat gemeinsam mit TVG-Manager Deinet die Zusammenarbeit mit \u201eCapelli Sport\u201c auf den Weg gebracht.<\/p>\n<p>\u201eDer TV Gelnhausen ist ein Traditionsverein und in Handball-Deutschland ein Begriff. Man sp\u00fcrt die gro\u00dfe Aufbruchsstimmung im Verein. Daher freuen wir uns sehr, mit Capelli Sport den TV Gelnhausen auf seinem erfolgreichen Weg begleiten zu d\u00fcrfen. Wir kooperieren unter anderem auch mit dem VfL Gummersbach und bauen unsere Partnerschaften im Handball sukzessive weiter aus. Mit Capelli Sport wollen wir viel mehr als nur Ausr\u00fcster sein und stellen den Klubs gerne auch unser Netzwerk und Knowhow zur Verf\u00fcgung. Die Partnerschaft mit dem TV Gelnhausen ist genau daraufhin ausgerichtet\u201c, sagt Halil \u00d6zcelik, Business Development Manager bei Capelli Sport.<\/p>\n<hr \/>\n<p><em><strong>\u00dcber Capelli Sport<\/strong><\/em><\/p>\n<p>\u201eCapelli Sport\u201c wurde 2011 in der Mode-Metropole New York City gegr\u00fcndet. Als weltweit agierende Sport- und Lifestyle-Marke steht \u201eCapelli Sport\u201c f\u00fcr hohe Funktionalit\u00e4t, Qualit\u00e4t und individuellen Service im Profi- und Amateursport. \u201eCapelli Sport\u201c \u00fcberzeugt mit erstklassiger Sportbekleidung, professionellem Equipment und trendigen Lifestyle-Produkten und ist als Ausr\u00fcster und verl\u00e4sslicher Partner von Sportlern und Vereinen international etabliert. Zur Unternehmensphilosophie geh\u00f6rt, dass das Engagement und die F\u00f6rderung im Jugend- und Amateursport ebenso wichtig ist wie die erfolgreiche Zusammenarbeit mit Proficlubs aus den nationalen und internationalen Ligen. Erfahren Sie mehr unter <a href=\"http:\/\/capellisport.eu\">capellisport.eu<\/a> und finden Sie \u201eCapelli Sport\u201c auf Twitter (<a href=\"https:\/\/twitter.com\/capellisport?lang=de\">@capellisport<\/a>) und Instagram (<a href=\"https:\/\/www.instagram.com\/capellisport\/\">@capellisport<\/a>), oder besuchen Sie die \u201eCapelli Sport\u201c Facebook-Seite (<a href=\"https:\/\/www.facebook.com\/CapelliSport\/?locale=de_DE\">@CapelliSport<\/a>).<\/p>\n","protected":false},"excerpt":{"rendered":"<p>Capelli Sport x TV Gelnhausen Die positive Entwicklung des TV Gelnhausen auf und neben dem Feld schreitet weiter voran. Jetzt kann der Handball-Drittligist mit dem New Yorker Unternehmen \u201eCapelli Sport\u201c einen weiteren starken Partner pr\u00e4sentieren. Der Teamsportspezialist wird ab dem 1. Juli 2023 in den kommenden drei Jahren als \u201eOffizieller Ausr\u00fcster des TV Gelnhausen\u201c auftreten &hellip; <\/p>\n<p class=\"link-more\"><a href=\"https:\/\/capellisport.eu\/de\/capelli-sport-x-tv-gelnhausen\/\" class=\"more-link\"><span class=\"screen-reader-text\">\u201eCapelli Sport x TV Gelnhausen\u201c<\/span> weiterlesen<\/a><\/p>\n","protected":false},"author":11334,"featured_media":87660,"comment_status":"open","ping_status":"closed","sticky":false,"template":"","format":"standard","meta":{"_acf_changed":false,"footnotes":""},"categories":[16],"tags":[],"class_list":["post-87657","post","type-post","status-publish","format-standard","has-post-thumbnail","hentry","category-neuigkeiten"],"acf":[],"yoast_head":"<!-- This site is optimized with the Yoast SEO plugin v25.4 - https:\/\/yoast.com\/wordpress\/plugins\/seo\/ -->\n<title>Capelli Sport x TV Gelnhausen - CAPELLI SPORT Europe<\/title>\n<meta name=\"robots\" content=\"index, follow, max-snippet:-1, max-image-preview:large, max-video-preview:-1\" \/>\n<link rel=\"canonical\" href=\"https:\/\/capellisport.eu\/de\/capelli-sport-x-tv-gelnhausen\/\" \/>\n<meta property=\"og:locale\" content=\"de_DE\" \/>\n<meta property=\"og:type\" content=\"article\" \/>\n<meta property=\"og:title\" content=\"Capelli Sport x TV Gelnhausen - CAPELLI SPORT Europe\" \/>\n<meta property=\"og:description\" content=\"Capelli Sport x TV Gelnhausen Die positive Entwicklung des TV Gelnhausen auf und neben dem Feld schreitet weiter voran. Jetzt kann der Handball-Drittligist mit dem New Yorker Unternehmen \u201eCapelli Sport\u201c einen weiteren starken Partner pr\u00e4sentieren. Der Teamsportspezialist wird ab dem 1. Juli 2023 in den kommenden drei Jahren als \u201eOffizieller Ausr\u00fcster des TV Gelnhausen\u201c auftreten &hellip; \u201eCapelli Sport x TV Gelnhausen\u201c weiterlesen\" \/>\n<meta property=\"og:url\" content=\"https:\/\/capellisport.eu\/de\/capelli-sport-x-tv-gelnhausen\/\" \/>\n<meta property=\"og:site_name\" content=\"CAPELLI SPORT Europe\" \/>\n<meta property=\"article:published_time\" content=\"2023-06-22T10:57:28+00:00\" \/>\n<meta property=\"og:image\" content=\"https:\/\/capellisport.eu\/wp-content\/uploads\/2023\/06\/Capelli-678x381-1.png\" \/>\n\t<meta property=\"og:image:width\" content=\"678\" \/>\n\t<meta property=\"og:image:height\" content=\"381\" \/>\n\t<meta property=\"og:image:type\" content=\"image\/png\" \/>\n<meta name=\"author\" content=\"nick\" \/>\n<meta name=\"twitter:card\" content=\"summary_large_image\" \/>\n<meta name=\"twitter:label1\" content=\"Verfasst von\" \/>\n\t<meta name=\"twitter:data1\" content=\"nick\" \/>\n\t<meta name=\"twitter:label2\" content=\"Gesch\u00e4tzte Lesezeit\" \/>\n\t<meta name=\"twitter:data2\" content=\"3\u00a0Minuten\" \/>\n<script type=\"application\/ld+json\" class=\"yoast-schema-graph\">{\"@context\":\"https:\/\/schema.org\",\"@graph\":[{\"@type\":\"Article\",\"@id\":\"https:\/\/capellisport.eu\/de\/capelli-sport-x-tv-gelnhausen\/#article\",\"isPartOf\":{\"@id\":\"https:\/\/capellisport.eu\/de\/capelli-sport-x-tv-gelnhausen\/\"},\"author\":{\"name\":\"nick\",\"@id\":\"https:\/\/capellisport.eu\/#\/schema\/person\/651063bf010667890802d0f4b6f24c8c\"},\"headline\":\"Capelli Sport x TV Gelnhausen\",\"datePublished\":\"2023-06-22T10:57:28+00:00\",\"mainEntityOfPage\":{\"@id\":\"https:\/\/capellisport.eu\/de\/capelli-sport-x-tv-gelnhausen\/\"},\"wordCount\":524,\"commentCount\":0,\"publisher\":{\"@id\":\"https:\/\/capellisport.eu\/#organization\"},\"image\":{\"@id\":\"https:\/\/capellisport.eu\/de\/capelli-sport-x-tv-gelnhausen\/#primaryimage\"},\"thumbnailUrl\":\"https:\/\/capellisport.eu\/wp-content\/uploads\/2023\/06\/Capelli-678x381-1.png\",\"articleSection\":[\"News\"],\"inLanguage\":\"de\",\"potentialAction\":[{\"@type\":\"CommentAction\",\"name\":\"Comment\",\"target\":[\"https:\/\/capellisport.eu\/de\/capelli-sport-x-tv-gelnhausen\/#respond\"]}]},{\"@type\":\"WebPage\",\"@id\":\"https:\/\/capellisport.eu\/de\/capelli-sport-x-tv-gelnhausen\/\",\"url\":\"https:\/\/capellisport.eu\/de\/capelli-sport-x-tv-gelnhausen\/\",\"name\":\"Capelli Sport x TV Gelnhausen - CAPELLI SPORT Europe\",\"isPartOf\":{\"@id\":\"https:\/\/capellisport.eu\/#website\"},\"primaryImageOfPage\":{\"@id\":\"https:\/\/capellisport.eu\/de\/capelli-sport-x-tv-gelnhausen\/#primaryimage\"},\"image\":{\"@id\":\"https:\/\/capellisport.eu\/de\/capelli-sport-x-tv-gelnhausen\/#primaryimage\"},\"thumbnailUrl\":\"https:\/\/capellisport.eu\/wp-content\/uploads\/2023\/06\/Capelli-678x381-1.png\",\"datePublished\":\"2023-06-22T10:57:28+00:00\",\"breadcrumb\":{\"@id\":\"https:\/\/capellisport.eu\/de\/capelli-sport-x-tv-gelnhausen\/#breadcrumb\"},\"inLanguage\":\"de\",\"potentialAction\":[{\"@type\":\"ReadAction\",\"target\":[\"https:\/\/capellisport.eu\/de\/capelli-sport-x-tv-gelnhausen\/\"]}]},{\"@type\":\"ImageObject\",\"inLanguage\":\"de\",\"@id\":\"https:\/\/capellisport.eu\/de\/capelli-sport-x-tv-gelnhausen\/#primaryimage\",\"url\":\"https:\/\/capellisport.eu\/wp-content\/uploads\/2023\/06\/Capelli-678x381-1.png\",\"contentUrl\":\"https:\/\/capellisport.eu\/wp-content\/uploads\/2023\/06\/Capelli-678x381-1.png\",\"width\":678,\"height\":381},{\"@type\":\"BreadcrumbList\",\"@id\":\"https:\/\/capellisport.eu\/de\/capelli-sport-x-tv-gelnhausen\/#breadcrumb\",\"itemListElement\":[{\"@type\":\"ListItem\",\"position\":1,\"name\":\"Home\",\"item\":\"https:\/\/capellisport.eu\/de\/frontpage\/\"},{\"@type\":\"ListItem\",\"position\":2,\"name\":\"Capelli Sport x TV Gelnhausen\"}]},{\"@type\":\"WebSite\",\"@id\":\"https:\/\/capellisport.eu\/#website\",\"url\":\"https:\/\/capellisport.eu\/\",\"name\":\"CAPELLI SPORT Europe\",\"description\":\"\",\"publisher\":{\"@id\":\"https:\/\/capellisport.eu\/#organization\"},\"potentialAction\":[{\"@type\":\"SearchAction\",\"target\":{\"@type\":\"EntryPoint\",\"urlTemplate\":\"https:\/\/capellisport.eu\/?s={search_term_string}\"},\"query-input\":{\"@type\":\"PropertyValueSpecification\",\"valueRequired\":true,\"valueName\":\"search_term_string\"}}],\"inLanguage\":\"de\"},{\"@type\":\"Organization\",\"@id\":\"https:\/\/capellisport.eu\/#organization\",\"name\":\"CAPELLI SPORT Europe\",\"url\":\"https:\/\/capellisport.eu\/\",\"logo\":{\"@type\":\"ImageObject\",\"inLanguage\":\"de\",\"@id\":\"https:\/\/capellisport.eu\/#\/schema\/logo\/image\/\",\"url\":\"https:\/\/capellisport.eu\/wp-content\/uploads\/2019\/08\/CAPELLI-SPORT_LOGO_schwarz-auf-weiss-01-scaled.jpg\",\"contentUrl\":\"https:\/\/capellisport.eu\/wp-content\/uploads\/2019\/08\/CAPELLI-SPORT_LOGO_schwarz-auf-weiss-01-scaled.jpg\",\"width\":2560,\"height\":1440,\"caption\":\"CAPELLI SPORT Europe\"},\"image\":{\"@id\":\"https:\/\/capellisport.eu\/#\/schema\/logo\/image\/\"}},{\"@type\":\"Person\",\"@id\":\"https:\/\/capellisport.eu\/#\/schema\/person\/651063bf010667890802d0f4b6f24c8c\",\"name\":\"nick\"}]}<\/script>\n<!-- \/ Yoast SEO plugin. -->","yoast_head_json":{"title":"Capelli Sport x TV Gelnhausen - CAPELLI SPORT Europe","robots":{"index":"index","follow":"follow","max-snippet":"max-snippet:-1","max-image-preview":"max-image-preview:large","max-video-preview":"max-video-preview:-1"},"canonical":"https:\/\/capellisport.eu\/de\/capelli-sport-x-tv-gelnhausen\/","og_locale":"de_DE","og_type":"article","og_title":"Capelli Sport x TV Gelnhausen - CAPELLI SPORT Europe","og_description":"Capelli Sport x TV Gelnhausen Die positive Entwicklung des TV Gelnhausen auf und neben dem Feld schreitet weiter voran. Jetzt kann der Handball-Drittligist mit dem New Yorker Unternehmen \u201eCapelli Sport\u201c einen weiteren starken Partner pr\u00e4sentieren. Der Teamsportspezialist wird ab dem 1. Juli 2023 in den kommenden drei Jahren als \u201eOffizieller Ausr\u00fcster des TV Gelnhausen\u201c auftreten &hellip; \u201eCapelli Sport x TV Gelnhausen\u201c weiterlesen","og_url":"https:\/\/capellisport.eu\/de\/capelli-sport-x-tv-gelnhausen\/","og_site_name":"CAPELLI SPORT Europe","article_published_time":"2023-06-22T10:57:28+00:00","og_image":[{"width":678,"height":381,"url":"https:\/\/capellisport.eu\/wp-content\/uploads\/2023\/06\/Capelli-678x381-1.png","type":"image\/png"}],"author":"nick","twitter_card":"summary_large_image","twitter_misc":{"Verfasst von":"nick","Gesch\u00e4tzte Lesezeit":"3\u00a0Minuten"},"schema":{"@context":"https:\/\/schema.org","@graph":[{"@type":"Article","@id":"https:\/\/capellisport.eu\/de\/capelli-sport-x-tv-gelnhausen\/#article","isPartOf":{"@id":"https:\/\/capellisport.eu\/de\/capelli-sport-x-tv-gelnhausen\/"},"author":{"name":"nick","@id":"https:\/\/capellisport.eu\/#\/schema\/person\/651063bf010667890802d0f4b6f24c8c"},"headline":"Capelli Sport x TV Gelnhausen","datePublished":"2023-06-22T10:57:28+00:00","mainEntityOfPage":{"@id":"https:\/\/capellisport.eu\/de\/capelli-sport-x-tv-gelnhausen\/"},"wordCount":524,"commentCount":0,"publisher":{"@id":"https:\/\/capellisport.eu\/#organization"},"image":{"@id":"https:\/\/capellisport.eu\/de\/capelli-sport-x-tv-gelnhausen\/#primaryimage"},"thumbnailUrl":"https:\/\/capellisport.eu\/wp-content\/uploads\/2023\/06\/Capelli-678x381-1.png","articleSection":["News"],"inLanguage":"de","potentialAction":[{"@type":"CommentAction","name":"Comment","target":["https:\/\/capellisport.eu\/de\/capelli-sport-x-tv-gelnhausen\/#respond"]}]},{"@type":"WebPage","@id":"https:\/\/capellisport.eu\/de\/capelli-sport-x-tv-gelnhausen\/","url":"https:\/\/capellisport.eu\/de\/capelli-sport-x-tv-gelnhausen\/","name":"Capelli Sport x TV Gelnhausen - CAPELLI SPORT Europe","isPartOf":{"@id":"https:\/\/capellisport.eu\/#website"},"primaryImageOfPage":{"@id":"https:\/\/capellisport.eu\/de\/capelli-sport-x-tv-gelnhausen\/#primaryimage"},"image":{"@id":"https:\/\/capellisport.eu\/de\/capelli-sport-x-tv-gelnhausen\/#primaryimage"},"thumbnailUrl":"https:\/\/capellisport.eu\/wp-content\/uploads\/2023\/06\/Capelli-678x381-1.png","datePublished":"2023-06-22T10:57:28+00:00","breadcrumb":{"@id":"https:\/\/capellisport.eu\/de\/capelli-sport-x-tv-gelnhausen\/#breadcrumb"},"inLanguage":"de","potentialAction":[{"@type":"ReadAction","target":["https:\/\/capellisport.eu\/de\/capelli-sport-x-tv-gelnhausen\/"]}]},{"@type":"ImageObject","inLanguage":"de","@id":"https:\/\/capellisport.eu\/de\/capelli-sport-x-tv-gelnhausen\/#primaryimage","url":"https:\/\/capellisport.eu\/wp-content\/uploads\/2023\/06\/Capelli-678x381-1.png","contentUrl":"https:\/\/capellisport.eu\/wp-content\/uploads\/2023\/06\/Capelli-678x381-1.png","width":678,"height":381},{"@type":"BreadcrumbList","@id":"https:\/\/capellisport.eu\/de\/capelli-sport-x-tv-gelnhausen\/#breadcrumb","itemListElement":[{"@type":"ListItem","position":1,"name":"Home","item":"https:\/\/capellisport.eu\/de\/frontpage\/"},{"@type":"ListItem","position":2,"name":"Capelli Sport x TV Gelnhausen"}]},{"@type":"WebSite","@id":"https:\/\/capellisport.eu\/#website","url":"https:\/\/capellisport.eu\/","name":"CAPELLI SPORT Europe","description":"","publisher":{"@id":"https:\/\/capellisport.eu\/#organization"},"potentialAction":[{"@type":"SearchAction","target":{"@type":"EntryPoint","urlTemplate":"https:\/\/capellisport.eu\/?s={search_term_string}"},"query-input":{"@type":"PropertyValueSpecification","valueRequired":true,"valueName":"search_term_string"}}],"inLanguage":"de"},{"@type":"Organization","@id":"https:\/\/capellisport.eu\/#organization","name":"CAPELLI SPORT Europe","url":"https:\/\/capellisport.eu\/","logo":{"@type":"ImageObject","inLanguage":"de","@id":"https:\/\/capellisport.eu\/#\/schema\/logo\/image\/","url":"https:\/\/capellisport.eu\/wp-content\/uploads\/2019\/08\/CAPELLI-SPORT_LOGO_schwarz-auf-weiss-01-scaled.jpg","contentUrl":"https:\/\/capellisport.eu\/wp-content\/uploads\/2019\/08\/CAPELLI-SPORT_LOGO_schwarz-auf-weiss-01-scaled.jpg","width":2560,"height":1440,"caption":"CAPELLI SPORT Europe"},"image":{"@id":"https:\/\/capellisport.eu\/#\/schema\/logo\/image\/"}},{"@type":"Person","@id":"https:\/\/capellisport.eu\/#\/schema\/person\/651063bf010667890802d0f4b6f24c8c","name":"nick"}]}},"_links":{"self":[{"href":"https:\/\/capellisport.eu\/de\/wp-json\/wp\/v2\/posts\/87657","targetHints":{"allow":["GET"]}}],"collection":[{"href":"https:\/\/capellisport.eu\/de\/wp-json\/wp\/v2\/posts"}],"about":[{"href":"https:\/\/capellisport.eu\/de\/wp-json\/wp\/v2\/types\/post"}],"author":[{"embeddable":true,"href":"https:\/\/capellisport.eu\/de\/wp-json\/wp\/v2\/users\/11334"}],"replies":[{"embeddable":true,"href":"https:\/\/capellisport.eu\/de\/wp-json\/wp\/v2\/comments?post=87657"}],"version-history":[{"count":3,"href":"https:\/\/capellisport.eu\/de\/wp-json\/wp\/v2\/posts\/87657\/revisions"}],"predecessor-version":[{"id":87664,"href":"https:\/\/capellisport.eu\/de\/wp-json\/wp\/v2\/posts\/87657\/revisions\/87664"}],"wp:featuredmedia":[{"embeddable":true,"href":"https:\/\/capellisport.eu\/de\/wp-json\/wp\/v2\/media\/87660"}],"wp:attachment":[{"href":"https:\/\/capellisport.eu\/de\/wp-json\/wp\/v2\/media?parent=87657"}],"wp:term":[{"taxonomy":"category","embeddable":true,"href":"https:\/\/capellisport.eu\/de\/wp-json\/wp\/v2\/categories?post=87657"},{"taxonomy":"post_tag","embeddable":true,"href":"https:\/\/capellisport.eu\/de\/wp-json\/wp\/v2\/tags?post=87657"}],"curies":[{"name":"wp","href":"https:\/\/api.w.org\/{rel}","templated":true}]}}