{"id":87682,"date":"2023-06-30T17:00:09","date_gmt":"2023-06-30T15:00:09","guid":{"rendered":"https:\/\/capellisport.eu\/?p=87682"},"modified":"2023-06-22T15:26:13","modified_gmt":"2023-06-22T13:26:13","slug":"capelli-sport-x-vfv-borussia-06-hildesheim","status":"publish","type":"post","link":"https:\/\/capellisport.eu\/de\/capelli-sport-x-vfv-borussia-06-hildesheim\/","title":{"rendered":"Capelli Sport x VfV Borussia 06 Hildesheim"},"content":{"rendered":"<p><img loading=\"lazy\" decoding=\"async\" class=\"alignnone size-full wp-image-87683\" src=\"https:\/\/capellisport.eu\/wp-content\/uploads\/2023\/06\/Screenshot-2023-06-22-145255.png\" alt=\"\" width=\"686\" height=\"179\" srcset=\"https:\/\/capellisport.eu\/wp-content\/uploads\/2023\/06\/Screenshot-2023-06-22-145255.png 686w, https:\/\/capellisport.eu\/wp-content\/uploads\/2023\/06\/Screenshot-2023-06-22-145255-600x157.png 600w, https:\/\/capellisport.eu\/wp-content\/uploads\/2023\/06\/Screenshot-2023-06-22-145255-400x104.png 400w\" sizes=\"auto, (max-width: 686px) 100vw, 686px\" \/><\/p>\n<p><strong>CAPELLI SPORT X VfV Borussia 06 Hildesheim<\/strong><\/p>\n<figure id=\"attachment_87686\" aria-describedby=\"caption-attachment-87686\" style=\"width: 768px\" class=\"wp-caption alignnone\"><img loading=\"lazy\" decoding=\"async\" class=\"wp-image-87686 size-medium\" src=\"https:\/\/capellisport.eu\/wp-content\/uploads\/2023\/06\/VfV-Borussia-06-Hildesheim_PM-768x695.png\" alt=\"\" width=\"768\" height=\"695\" srcset=\"https:\/\/capellisport.eu\/wp-content\/uploads\/2023\/06\/VfV-Borussia-06-Hildesheim_PM-768x695.png 768w, https:\/\/capellisport.eu\/wp-content\/uploads\/2023\/06\/VfV-Borussia-06-Hildesheim_PM-600x543.png 600w, https:\/\/capellisport.eu\/wp-content\/uploads\/2023\/06\/VfV-Borussia-06-Hildesheim_PM-1200x1086.png 1200w, https:\/\/capellisport.eu\/wp-content\/uploads\/2023\/06\/VfV-Borussia-06-Hildesheim_PM-400x362.png 400w, https:\/\/capellisport.eu\/wp-content\/uploads\/2023\/06\/VfV-Borussia-06-Hildesheim_PM-1536x1390.png 1536w, https:\/\/capellisport.eu\/wp-content\/uploads\/2023\/06\/VfV-Borussia-06-Hildesheim_PM-2048x1854.png 2048w, https:\/\/capellisport.eu\/wp-content\/uploads\/2023\/06\/VfV-Borussia-06-Hildesheim_PM-750x679.png 750w, https:\/\/capellisport.eu\/wp-content\/uploads\/2023\/06\/VfV-Borussia-06-Hildesheim_PM-1920x1738.png 1920w\" sizes=\"auto, (max-width: 706px) 89vw, (max-width: 767px) 82vw, 740px\" \/><figcaption id=\"caption-attachment-87686\" class=\"wp-caption-text\">Achim Balkhoff (1. Vorsitzender VfV Borussia 06 Hildesheim), Bj\u00f6rn R\u00fchrer (Leiter der Gesch\u00e4ftsstelle VfV Borussia 06 Hildesheim), Maximilian Huxoll (Area Sales Manager Capelli Sport), Michael Salge (Pr\u00e4sident VfV Borussia 06 Hildesheim)<\/figcaption><\/figure>\n<p>Capelli Sport wird neuer Ausr\u00fcster des <a href=\"https:\/\/www.vfv06.de\/\">VfV Borussia 06 Hildesheim e.V.<\/a> Ab der Saison 2023\/2024 r\u00fcstet der Teamsportspezialist aus den USA den Verein aus der Domstadt einheitlich aus. Neben Teamsportartikeln bringt Capelli Sport sein Know-How im Bereich des Merchandise zum VfV mit. Ebenso soll die Jugendarbeit durch das Engagement gef\u00f6rdert werden. Diese liegt beiden Partnern sehr am Herzen. Auch deshalb verstehen sich Verein und Ausr\u00fcster mehr als strategische Partner, die ihre jeweiligen Kompetenzen f\u00fcr einen beiderseitigen Erfolg einbringen wollen.<\/p>\n<p>Maximilian Huxoll, Area Sales Manager Capelli Sport, sagt:<br \/>\n<em>\u201eWir freuen uns den VfV Borussia 06 Hildesheim als Partner in unserer Capelli Sport Familie begr\u00fc\u00dfen zu d\u00fcrfen. Der Verein besitzt eine gro\u00dfe Strahlkraft und stellt f\u00fcr uns den Leuchtturm in seiner Region dar. Wir freuen uns die Domstadtelf \u00fcber die n\u00e4chsten f\u00fcnf Jahre neben der passenden Teamwear und Merchandise Artikeln auch als strategischen Partner mit zahlreichen gemeinsamen Projekten zu unterst\u00fctzen. Willkommen in der Capelli Sport Familie VfV Borussia 06 Hildesheim!\u201c<\/em><\/p>\n<p><em>Michael Salge, Pr\u00e4sident VfV Borussia 06 Hildesheim e.V., sagt:<\/em><\/p>\n<p><em>\u201eMit Capelli Sport haben wir einen erfahrenen Ausr\u00fcstungspartner f\u00fcr die Zukunft gewinnen k\u00f6nnen, mit dem wir in vielen Bereichen zusammenarbeiten werden. Das gilt nicht nur f\u00fcr die Oberligamannschaft, sondern f\u00fcr den ganzen Verein. Auch der kurzfristige Aufbau eines Online-Fanshops wird unsere Fans freuen.<\/em><\/p>\n<p><em>\u00a0In unseren Gespr\u00e4chen und Verhandlungen haben wir von Anfang an ein sehr nachhaltiges und gro\u00dfes Interesse am VfV06 und der Region Hildesheim gesp\u00fcrt. Wir freuen uns auf unseren neuen Partner \u201c<\/em><em><br \/>\n<\/em><\/p>\n<hr \/>\n<p><em><strong>\u00dcber Capelli Sport<\/strong><\/em><\/p>\n<p>\u201eCapelli Sport\u201c wurde 2011 in der Mode-Metropole New York City gegr\u00fcndet. Als weltweit agierende Sport- und Lifestyle-Marke steht \u201eCapelli Sport\u201c f\u00fcr hohe Funktionalit\u00e4t, Qualit\u00e4t und individuellen Service im Profi- und Amateursport. \u201eCapelli Sport\u201c \u00fcberzeugt mit erstklassiger Sportbekleidung, professionellem Equipment und trendigen Lifestyle-Produkten und ist als Ausr\u00fcster und verl\u00e4sslicher Partner von Sportlern und Vereinen international etabliert. Zur Unternehmensphilosophie geh\u00f6rt, dass das Engagement und die F\u00f6rderung im Jugend- und Amateursport ebenso wichtig ist wie die erfolgreiche Zusammenarbeit mit Proficlubs aus den nationalen und internationalen Ligen. Erfahren Sie mehr unter <a href=\"http:\/\/capellisport.eu\">capellisport.eu<\/a> und finden Sie \u201eCapelli Sport\u201c auf Twitter (<a href=\"https:\/\/twitter.com\/capellisport?lang=de\">@capellisport<\/a>) und Instagram (<a href=\"https:\/\/www.instagram.com\/capellisport\/\">@capellisport<\/a>), oder besuchen Sie die \u201eCapelli Sport\u201c Facebook-Seite (<a href=\"https:\/\/www.facebook.com\/CapelliSport\/?locale=de_DE\">@CapelliSport<\/a>).<\/p>\n","protected":false},"excerpt":{"rendered":"<p>CAPELLI SPORT X VfV Borussia 06 Hildesheim Capelli Sport wird neuer Ausr\u00fcster des VfV Borussia 06 Hildesheim e.V. Ab der Saison 2023\/2024 r\u00fcstet der Teamsportspezialist aus den USA den Verein aus der Domstadt einheitlich aus. Neben Teamsportartikeln bringt Capelli Sport sein Know-How im Bereich des Merchandise zum VfV mit. Ebenso soll die Jugendarbeit durch das &hellip; <\/p>\n<p class=\"link-more\"><a href=\"https:\/\/capellisport.eu\/de\/capelli-sport-x-vfv-borussia-06-hildesheim\/\" class=\"more-link\"><span class=\"screen-reader-text\">\u201eCapelli Sport x VfV Borussia 06 Hildesheim\u201c<\/span> weiterlesen<\/a><\/p>\n","protected":false},"author":11334,"featured_media":87686,"comment_status":"open","ping_status":"closed","sticky":false,"template":"","format":"standard","meta":{"_acf_changed":false,"footnotes":""},"categories":[16],"tags":[],"class_list":["post-87682","post","type-post","status-publish","format-standard","has-post-thumbnail","hentry","category-neuigkeiten"],"acf":[],"yoast_head":"<!-- This site is optimized with the Yoast SEO plugin v25.4 - https:\/\/yoast.com\/wordpress\/plugins\/seo\/ -->\n<title>Capelli Sport x VfV Borussia 06 Hildesheim - CAPELLI SPORT Europe<\/title>\n<meta name=\"robots\" content=\"index, follow, max-snippet:-1, max-image-preview:large, max-video-preview:-1\" \/>\n<link rel=\"canonical\" href=\"https:\/\/capellisport.eu\/de\/capelli-sport-x-vfv-borussia-06-hildesheim\/\" \/>\n<meta property=\"og:locale\" content=\"de_DE\" \/>\n<meta property=\"og:type\" content=\"article\" \/>\n<meta property=\"og:title\" content=\"Capelli Sport x VfV Borussia 06 Hildesheim - CAPELLI SPORT Europe\" \/>\n<meta property=\"og:description\" content=\"CAPELLI SPORT X VfV Borussia 06 Hildesheim Capelli Sport wird neuer Ausr\u00fcster des VfV Borussia 06 Hildesheim e.V. Ab der Saison 2023\/2024 r\u00fcstet der Teamsportspezialist aus den USA den Verein aus der Domstadt einheitlich aus. Neben Teamsportartikeln bringt Capelli Sport sein Know-How im Bereich des Merchandise zum VfV mit. Ebenso soll die Jugendarbeit durch das &hellip; \u201eCapelli Sport x VfV Borussia 06 Hildesheim\u201c weiterlesen\" \/>\n<meta property=\"og:url\" content=\"https:\/\/capellisport.eu\/de\/capelli-sport-x-vfv-borussia-06-hildesheim\/\" \/>\n<meta property=\"og:site_name\" content=\"CAPELLI SPORT Europe\" \/>\n<meta property=\"article:published_time\" content=\"2023-06-30T15:00:09+00:00\" \/>\n<meta property=\"og:image\" content=\"https:\/\/capellisport.eu\/wp-content\/uploads\/2023\/06\/VfV-Borussia-06-Hildesheim_PM-1200x1086.png\" \/>\n\t<meta property=\"og:image:width\" content=\"1200\" \/>\n\t<meta property=\"og:image:height\" content=\"1086\" \/>\n\t<meta property=\"og:image:type\" content=\"image\/png\" \/>\n<meta name=\"author\" content=\"nick\" \/>\n<meta name=\"twitter:card\" content=\"summary_large_image\" \/>\n<meta name=\"twitter:label1\" content=\"Verfasst von\" \/>\n\t<meta name=\"twitter:data1\" content=\"nick\" \/>\n\t<meta name=\"twitter:label2\" content=\"Gesch\u00e4tzte Lesezeit\" \/>\n\t<meta name=\"twitter:data2\" content=\"3\u00a0Minuten\" \/>\n<script type=\"application\/ld+json\" class=\"yoast-schema-graph\">{\"@context\":\"https:\/\/schema.org\",\"@graph\":[{\"@type\":\"Article\",\"@id\":\"https:\/\/capellisport.eu\/de\/capelli-sport-x-vfv-borussia-06-hildesheim\/#article\",\"isPartOf\":{\"@id\":\"https:\/\/capellisport.eu\/de\/capelli-sport-x-vfv-borussia-06-hildesheim\/\"},\"author\":{\"name\":\"nick\",\"@id\":\"https:\/\/capellisport.eu\/#\/schema\/person\/651063bf010667890802d0f4b6f24c8c\"},\"headline\":\"Capelli Sport x VfV Borussia 06 Hildesheim\",\"datePublished\":\"2023-06-30T15:00:09+00:00\",\"mainEntityOfPage\":{\"@id\":\"https:\/\/capellisport.eu\/de\/capelli-sport-x-vfv-borussia-06-hildesheim\/\"},\"wordCount\":426,\"commentCount\":0,\"publisher\":{\"@id\":\"https:\/\/capellisport.eu\/#organization\"},\"image\":{\"@id\":\"https:\/\/capellisport.eu\/de\/capelli-sport-x-vfv-borussia-06-hildesheim\/#primaryimage\"},\"thumbnailUrl\":\"https:\/\/capellisport.eu\/wp-content\/uploads\/2023\/06\/VfV-Borussia-06-Hildesheim_PM.png\",\"articleSection\":[\"News\"],\"inLanguage\":\"de\",\"potentialAction\":[{\"@type\":\"CommentAction\",\"name\":\"Comment\",\"target\":[\"https:\/\/capellisport.eu\/de\/capelli-sport-x-vfv-borussia-06-hildesheim\/#respond\"]}]},{\"@type\":\"WebPage\",\"@id\":\"https:\/\/capellisport.eu\/de\/capelli-sport-x-vfv-borussia-06-hildesheim\/\",\"url\":\"https:\/\/capellisport.eu\/de\/capelli-sport-x-vfv-borussia-06-hildesheim\/\",\"name\":\"Capelli Sport x VfV Borussia 06 Hildesheim - CAPELLI SPORT Europe\",\"isPartOf\":{\"@id\":\"https:\/\/capellisport.eu\/#website\"},\"primaryImageOfPage\":{\"@id\":\"https:\/\/capellisport.eu\/de\/capelli-sport-x-vfv-borussia-06-hildesheim\/#primaryimage\"},\"image\":{\"@id\":\"https:\/\/capellisport.eu\/de\/capelli-sport-x-vfv-borussia-06-hildesheim\/#primaryimage\"},\"thumbnailUrl\":\"https:\/\/capellisport.eu\/wp-content\/uploads\/2023\/06\/VfV-Borussia-06-Hildesheim_PM.png\",\"datePublished\":\"2023-06-30T15:00:09+00:00\",\"breadcrumb\":{\"@id\":\"https:\/\/capellisport.eu\/de\/capelli-sport-x-vfv-borussia-06-hildesheim\/#breadcrumb\"},\"inLanguage\":\"de\",\"potentialAction\":[{\"@type\":\"ReadAction\",\"target\":[\"https:\/\/capellisport.eu\/de\/capelli-sport-x-vfv-borussia-06-hildesheim\/\"]}]},{\"@type\":\"ImageObject\",\"inLanguage\":\"de\",\"@id\":\"https:\/\/capellisport.eu\/de\/capelli-sport-x-vfv-borussia-06-hildesheim\/#primaryimage\",\"url\":\"https:\/\/capellisport.eu\/wp-content\/uploads\/2023\/06\/VfV-Borussia-06-Hildesheim_PM.png\",\"contentUrl\":\"https:\/\/capellisport.eu\/wp-content\/uploads\/2023\/06\/VfV-Borussia-06-Hildesheim_PM.png\",\"width\":2454,\"height\":2221},{\"@type\":\"BreadcrumbList\",\"@id\":\"https:\/\/capellisport.eu\/de\/capelli-sport-x-vfv-borussia-06-hildesheim\/#breadcrumb\",\"itemListElement\":[{\"@type\":\"ListItem\",\"position\":1,\"name\":\"Home\",\"item\":\"https:\/\/capellisport.eu\/de\/frontpage\/\"},{\"@type\":\"ListItem\",\"position\":2,\"name\":\"Capelli Sport x VfV Borussia 06 Hildesheim\"}]},{\"@type\":\"WebSite\",\"@id\":\"https:\/\/capellisport.eu\/#website\",\"url\":\"https:\/\/capellisport.eu\/\",\"name\":\"CAPELLI SPORT Europe\",\"description\":\"\",\"publisher\":{\"@id\":\"https:\/\/capellisport.eu\/#organization\"},\"potentialAction\":[{\"@type\":\"SearchAction\",\"target\":{\"@type\":\"EntryPoint\",\"urlTemplate\":\"https:\/\/capellisport.eu\/?s={search_term_string}\"},\"query-input\":{\"@type\":\"PropertyValueSpecification\",\"valueRequired\":true,\"valueName\":\"search_term_string\"}}],\"inLanguage\":\"de\"},{\"@type\":\"Organization\",\"@id\":\"https:\/\/capellisport.eu\/#organization\",\"name\":\"CAPELLI SPORT Europe\",\"url\":\"https:\/\/capellisport.eu\/\",\"logo\":{\"@type\":\"ImageObject\",\"inLanguage\":\"de\",\"@id\":\"https:\/\/capellisport.eu\/#\/schema\/logo\/image\/\",\"url\":\"https:\/\/capellisport.eu\/wp-content\/uploads\/2019\/08\/CAPELLI-SPORT_LOGO_schwarz-auf-weiss-01-scaled.jpg\",\"contentUrl\":\"https:\/\/capellisport.eu\/wp-content\/uploads\/2019\/08\/CAPELLI-SPORT_LOGO_schwarz-auf-weiss-01-scaled.jpg\",\"width\":2560,\"height\":1440,\"caption\":\"CAPELLI SPORT Europe\"},\"image\":{\"@id\":\"https:\/\/capellisport.eu\/#\/schema\/logo\/image\/\"}},{\"@type\":\"Person\",\"@id\":\"https:\/\/capellisport.eu\/#\/schema\/person\/651063bf010667890802d0f4b6f24c8c\",\"name\":\"nick\"}]}<\/script>\n<!-- \/ Yoast SEO plugin. -->","yoast_head_json":{"title":"Capelli Sport x VfV Borussia 06 Hildesheim - CAPELLI SPORT Europe","robots":{"index":"index","follow":"follow","max-snippet":"max-snippet:-1","max-image-preview":"max-image-preview:large","max-video-preview":"max-video-preview:-1"},"canonical":"https:\/\/capellisport.eu\/de\/capelli-sport-x-vfv-borussia-06-hildesheim\/","og_locale":"de_DE","og_type":"article","og_title":"Capelli Sport x VfV Borussia 06 Hildesheim - CAPELLI SPORT Europe","og_description":"CAPELLI SPORT X VfV Borussia 06 Hildesheim Capelli Sport wird neuer Ausr\u00fcster des VfV Borussia 06 Hildesheim e.V. Ab der Saison 2023\/2024 r\u00fcstet der Teamsportspezialist aus den USA den Verein aus der Domstadt einheitlich aus. Neben Teamsportartikeln bringt Capelli Sport sein Know-How im Bereich des Merchandise zum VfV mit. Ebenso soll die Jugendarbeit durch das &hellip; \u201eCapelli Sport x VfV Borussia 06 Hildesheim\u201c weiterlesen","og_url":"https:\/\/capellisport.eu\/de\/capelli-sport-x-vfv-borussia-06-hildesheim\/","og_site_name":"CAPELLI SPORT Europe","article_published_time":"2023-06-30T15:00:09+00:00","og_image":[{"width":1200,"height":1086,"url":"https:\/\/capellisport.eu\/wp-content\/uploads\/2023\/06\/VfV-Borussia-06-Hildesheim_PM-1200x1086.png","type":"image\/png"}],"author":"nick","twitter_card":"summary_large_image","twitter_misc":{"Verfasst von":"nick","Gesch\u00e4tzte Lesezeit":"3\u00a0Minuten"},"schema":{"@context":"https:\/\/schema.org","@graph":[{"@type":"Article","@id":"https:\/\/capellisport.eu\/de\/capelli-sport-x-vfv-borussia-06-hildesheim\/#article","isPartOf":{"@id":"https:\/\/capellisport.eu\/de\/capelli-sport-x-vfv-borussia-06-hildesheim\/"},"author":{"name":"nick","@id":"https:\/\/capellisport.eu\/#\/schema\/person\/651063bf010667890802d0f4b6f24c8c"},"headline":"Capelli Sport x VfV Borussia 06 Hildesheim","datePublished":"2023-06-30T15:00:09+00:00","mainEntityOfPage":{"@id":"https:\/\/capellisport.eu\/de\/capelli-sport-x-vfv-borussia-06-hildesheim\/"},"wordCount":426,"commentCount":0,"publisher":{"@id":"https:\/\/capellisport.eu\/#organization"},"image":{"@id":"https:\/\/capellisport.eu\/de\/capelli-sport-x-vfv-borussia-06-hildesheim\/#primaryimage"},"thumbnailUrl":"https:\/\/capellisport.eu\/wp-content\/uploads\/2023\/06\/VfV-Borussia-06-Hildesheim_PM.png","articleSection":["News"],"inLanguage":"de","potentialAction":[{"@type":"CommentAction","name":"Comment","target":["https:\/\/capellisport.eu\/de\/capelli-sport-x-vfv-borussia-06-hildesheim\/#respond"]}]},{"@type":"WebPage","@id":"https:\/\/capellisport.eu\/de\/capelli-sport-x-vfv-borussia-06-hildesheim\/","url":"https:\/\/capellisport.eu\/de\/capelli-sport-x-vfv-borussia-06-hildesheim\/","name":"Capelli Sport x VfV Borussia 06 Hildesheim - CAPELLI SPORT Europe","isPartOf":{"@id":"https:\/\/capellisport.eu\/#website"},"primaryImageOfPage":{"@id":"https:\/\/capellisport.eu\/de\/capelli-sport-x-vfv-borussia-06-hildesheim\/#primaryimage"},"image":{"@id":"https:\/\/capellisport.eu\/de\/capelli-sport-x-vfv-borussia-06-hildesheim\/#primaryimage"},"thumbnailUrl":"https:\/\/capellisport.eu\/wp-content\/uploads\/2023\/06\/VfV-Borussia-06-Hildesheim_PM.png","datePublished":"2023-06-30T15:00:09+00:00","breadcrumb":{"@id":"https:\/\/capellisport.eu\/de\/capelli-sport-x-vfv-borussia-06-hildesheim\/#breadcrumb"},"inLanguage":"de","potentialAction":[{"@type":"ReadAction","target":["https:\/\/capellisport.eu\/de\/capelli-sport-x-vfv-borussia-06-hildesheim\/"]}]},{"@type":"ImageObject","inLanguage":"de","@id":"https:\/\/capellisport.eu\/de\/capelli-sport-x-vfv-borussia-06-hildesheim\/#primaryimage","url":"https:\/\/capellisport.eu\/wp-content\/uploads\/2023\/06\/VfV-Borussia-06-Hildesheim_PM.png","contentUrl":"https:\/\/capellisport.eu\/wp-content\/uploads\/2023\/06\/VfV-Borussia-06-Hildesheim_PM.png","width":2454,"height":2221},{"@type":"BreadcrumbList","@id":"https:\/\/capellisport.eu\/de\/capelli-sport-x-vfv-borussia-06-hildesheim\/#breadcrumb","itemListElement":[{"@type":"ListItem","position":1,"name":"Home","item":"https:\/\/capellisport.eu\/de\/frontpage\/"},{"@type":"ListItem","position":2,"name":"Capelli Sport x VfV Borussia 06 Hildesheim"}]},{"@type":"WebSite","@id":"https:\/\/capellisport.eu\/#website","url":"https:\/\/capellisport.eu\/","name":"CAPELLI SPORT Europe","description":"","publisher":{"@id":"https:\/\/capellisport.eu\/#organization"},"potentialAction":[{"@type":"SearchAction","target":{"@type":"EntryPoint","urlTemplate":"https:\/\/capellisport.eu\/?s={search_term_string}"},"query-input":{"@type":"PropertyValueSpecification","valueRequired":true,"valueName":"search_term_string"}}],"inLanguage":"de"},{"@type":"Organization","@id":"https:\/\/capellisport.eu\/#organization","name":"CAPELLI SPORT Europe","url":"https:\/\/capellisport.eu\/","logo":{"@type":"ImageObject","inLanguage":"de","@id":"https:\/\/capellisport.eu\/#\/schema\/logo\/image\/","url":"https:\/\/capellisport.eu\/wp-content\/uploads\/2019\/08\/CAPELLI-SPORT_LOGO_schwarz-auf-weiss-01-scaled.jpg","contentUrl":"https:\/\/capellisport.eu\/wp-content\/uploads\/2019\/08\/CAPELLI-SPORT_LOGO_schwarz-auf-weiss-01-scaled.jpg","width":2560,"height":1440,"caption":"CAPELLI SPORT Europe"},"image":{"@id":"https:\/\/capellisport.eu\/#\/schema\/logo\/image\/"}},{"@type":"Person","@id":"https:\/\/capellisport.eu\/#\/schema\/person\/651063bf010667890802d0f4b6f24c8c","name":"nick"}]}},"_links":{"self":[{"href":"https:\/\/capellisport.eu\/de\/wp-json\/wp\/v2\/posts\/87682","targetHints":{"allow":["GET"]}}],"collection":[{"href":"https:\/\/capellisport.eu\/de\/wp-json\/wp\/v2\/posts"}],"about":[{"href":"https:\/\/capellisport.eu\/de\/wp-json\/wp\/v2\/types\/post"}],"author":[{"embeddable":true,"href":"https:\/\/capellisport.eu\/de\/wp-json\/wp\/v2\/users\/11334"}],"replies":[{"embeddable":true,"href":"https:\/\/capellisport.eu\/de\/wp-json\/wp\/v2\/comments?post=87682"}],"version-history":[{"count":2,"href":"https:\/\/capellisport.eu\/de\/wp-json\/wp\/v2\/posts\/87682\/revisions"}],"predecessor-version":[{"id":87690,"href":"https:\/\/capellisport.eu\/de\/wp-json\/wp\/v2\/posts\/87682\/revisions\/87690"}],"wp:featuredmedia":[{"embeddable":true,"href":"https:\/\/capellisport.eu\/de\/wp-json\/wp\/v2\/media\/87686"}],"wp:attachment":[{"href":"https:\/\/capellisport.eu\/de\/wp-json\/wp\/v2\/media?parent=87682"}],"wp:term":[{"taxonomy":"category","embeddable":true,"href":"https:\/\/capellisport.eu\/de\/wp-json\/wp\/v2\/categories?post=87682"},{"taxonomy":"post_tag","embeddable":true,"href":"https:\/\/capellisport.eu\/de\/wp-json\/wp\/v2\/tags?post=87682"}],"curies":[{"name":"wp","href":"https:\/\/api.w.org\/{rel}","templated":true}]}}