{"id":88679,"date":"2023-07-10T16:00:10","date_gmt":"2023-07-10T14:00:10","guid":{"rendered":"https:\/\/capellisport.eu\/?p=88679"},"modified":"2023-07-10T09:46:32","modified_gmt":"2023-07-10T07:46:32","slug":"capelli-sport-x-volleyball-bundesliga","status":"publish","type":"post","link":"https:\/\/capellisport.eu\/de\/capelli-sport-x-volleyball-bundesliga\/","title":{"rendered":"Capelli Sport x Volleyball Bundesliga"},"content":{"rendered":"<p><img loading=\"lazy\" decoding=\"async\" class=\"alignnone size-full wp-image-88682\" src=\"https:\/\/capellisport.eu\/wp-content\/uploads\/2023\/07\/Screenshot-2023-07-07-151307.png\" alt=\"\" width=\"689\" height=\"228\" srcset=\"https:\/\/capellisport.eu\/wp-content\/uploads\/2023\/07\/Screenshot-2023-07-07-151307.png 689w, https:\/\/capellisport.eu\/wp-content\/uploads\/2023\/07\/Screenshot-2023-07-07-151307-600x199.png 600w, https:\/\/capellisport.eu\/wp-content\/uploads\/2023\/07\/Screenshot-2023-07-07-151307-400x132.png 400w\" sizes=\"auto, (max-width: 689px) 100vw, 689px\" \/><\/p>\n<h4>CAPELLI SPORT x VOLLEYBALL BUNDESLIGA<\/h4>\n<figure id=\"attachment_88680\" aria-describedby=\"caption-attachment-88680\" style=\"width: 768px\" class=\"wp-caption alignnone\"><img loading=\"lazy\" decoding=\"async\" class=\"wp-image-88680 size-medium\" src=\"https:\/\/capellisport.eu\/wp-content\/uploads\/2023\/07\/BLV-13-768x509.jpg\" alt=\"\" width=\"768\" height=\"509\" srcset=\"https:\/\/capellisport.eu\/wp-content\/uploads\/2023\/07\/BLV-13-768x509.jpg 768w, https:\/\/capellisport.eu\/wp-content\/uploads\/2023\/07\/BLV-13-600x397.jpg 600w, https:\/\/capellisport.eu\/wp-content\/uploads\/2023\/07\/BLV-13-1200x795.jpg 1200w, https:\/\/capellisport.eu\/wp-content\/uploads\/2023\/07\/BLV-13-400x265.jpg 400w, https:\/\/capellisport.eu\/wp-content\/uploads\/2023\/07\/BLV-13-1536x1017.jpg 1536w, https:\/\/capellisport.eu\/wp-content\/uploads\/2023\/07\/BLV-13-2048x1356.jpg 2048w, https:\/\/capellisport.eu\/wp-content\/uploads\/2023\/07\/BLV-13-750x497.jpg 750w, https:\/\/capellisport.eu\/wp-content\/uploads\/2023\/07\/BLV-13-1920x1272.jpg 1920w\" sizes=\"auto, (max-width: 706px) 89vw, (max-width: 767px) 82vw, 740px\" \/><figcaption id=\"caption-attachment-88680\" class=\"wp-caption-text\">von links nach rechts: Maximilian Huxoll (Area Sales Manager, Capelli Sport), Luise Rossek (Managerin Marketing &amp; Events, Volleyball Bundesliga), Michael Steinemann (Leiter Vertrieb und Partnermanagement, Volleyball Bundesliga)<\/figcaption><\/figure>\n<p><b><span data-contrast=\"auto\">Capelli Sport wird neuer \u201eOffizieller Ausr\u00fcster\u201c der Volleyball Bundesliga<\/span><\/b><span data-ccp-props=\"{&quot;201341983&quot;:0,&quot;335559739&quot;:0,&quot;335559740&quot;:240}\">\u00a0<\/span><\/p>\n<p><b><span data-contrast=\"auto\">F\u00fcr die Volleyball Bundesliga (VBL) beginnt in der Saison 2023\/24 ein neues Ausr\u00fcster-Kapitel: Als \u201eOffizieller Ausr\u00fcster der VBL\u201c stattet der US-amerikanische Sportartikelhersteller Capelli Sport die 160 Unparteiischen in den 1. und 2. Bundesligen mit hochwertigen Outfits aus. Die Volleyball Bundesliga und Capelli einigten sich zun\u00e4chst auf eine Zusammenarbeit f\u00fcr die kommenden zwei Spielzeiten. Capelli Sport l\u00f6st damit die schwedische Marke Craft ab, die seit 2020 Ausr\u00fcster der VBL war.<\/span><\/b><span data-ccp-props=\"{&quot;134233117&quot;:true,&quot;134233118&quot;:true,&quot;201341983&quot;:0,&quot;335559739&quot;:160,&quot;335559740&quot;:240}\">\u00a0<\/span><\/p>\n<p><span data-contrast=\"auto\">Die 2011 in New York gegr\u00fcndete Sport- und Lifestyle-Marke begeistert mit hoher Funktionalit\u00e4t, Qualit\u00e4t und individuellen Services im Profi- und Amateursport. Aufgrund der Tatsache, dass die Produktion und Verarbeitung der Produkte haupts\u00e4chlich in firmeneigenen Fabriken stattfinden, bietet Capelli Sport Partnern die M\u00f6glichkeit f\u00fcr ma\u00dfgeschneiderte und effiziente Gestaltungen. Damit hat die VBL f\u00fcr die kommenden Jahre einen Partner an der Seite, der ebenso das bedeutsame Thema Merchandising f\u00fcr die Bundesliga sowie die Highlight-Events vorantreiben wird.<\/span><span data-ccp-props=\"{&quot;134233117&quot;:true,&quot;134233118&quot;:true,&quot;201341983&quot;:0,&quot;335559740&quot;:240}\">\u00a0<\/span><\/p>\n<p><span data-contrast=\"auto\">\u201eDie Partnerschaft mit der Volleyball Bundesliga markiert f\u00fcr Capelli Sport einen weiteren logischen Schritt in der Intensivierung unseres Engagements im Teamsport. Durch unsere umfangreiche Expertise in dieser Sportart werden zuk\u00fcnftig nicht nur Profi-Clubs wie die Roten Raben Vilsbiburg von uns profitieren k\u00f6nnen. Wir sind begeistert, mit der Volleyball Bundesliga zusammenzuarbeiten und freuen uns auf eine erfolgreiche Kooperation\u201c, so Kay Mourheg, Pr\u00e4sident Capelli Sport Europa.<\/span><span data-ccp-props=\"{&quot;201341983&quot;:0,&quot;335559739&quot;:160,&quot;335559740&quot;:259}\">\u00a0<\/span><\/p>\n<p><span data-contrast=\"auto\">Julia Retzlaff, Gesch\u00e4ftsf\u00fchrerin der VBL, erkl\u00e4rt zum neuen Ausr\u00fcstervertrag: \u201eWir sind sehr gl\u00fccklich \u00fcber diese neue Partnerschaft und freuen uns auf die l\u00e4ngerfristig angelegte Zusammenarbeit. Die Entscheidung f\u00fcr Capelli Sport fiel uns leicht, denn von Beginn an haben wir gesp\u00fcrt, dass Capelli Sport innovative Merchandising-Impulse einbringen kann, mit denen wir gemeinsam die Sportart Volleyball voranbringen und entwickeln k\u00f6nnen. Auch unsere Schiedsrichter und Schiedsrichterinnen k\u00f6nnen es kaum abwarten, einen Blick auf ihre neuen Outfits werfen zu k\u00f6nnen.\u201c<\/span><span data-ccp-props=\"{&quot;134233117&quot;:true,&quot;134233118&quot;:true,&quot;201341983&quot;:0,&quot;335559740&quot;:240}\">\u00a0<\/span><\/p>\n<p><b><i><span data-contrast=\"auto\">\u00dcber Capelli Sport<\/span><\/i><\/b><i><span data-contrast=\"auto\">\u202f<\/span><\/i><span data-ccp-props=\"{&quot;134233117&quot;:false,&quot;134233118&quot;:false,&quot;201341983&quot;:0,&quot;335559738&quot;:0,&quot;335559739&quot;:288,&quot;335559740&quot;:240}\">\u00a0<\/span><\/p>\n<p><i><span data-contrast=\"auto\">Capelli Sport wurde 2011 in der Mode-Metropole New York City gegr\u00fcndet. Als weltweit agierende Sport und Lifestyle Marke steht Capelli Sport f\u00fcr hohe Funktionalit\u00e4t, Qualit\u00e4t und individuellen Service im Profi- und Amateursport.\u202fCapelli Sport \u00fcberzeugt mit erstklassiger Sportbekleidung, professionellem Equipment und trendigen Lifestyle Produkten und ist als Ausr\u00fcster und verl\u00e4sslicher Partner von Sportlern und Vereinen international etabliert.\u202fZur Unternehmensphilosophie geh\u00f6rt, dass das Engagement und die F\u00f6rderung im Jugend- und Amateursport ebenso wichtig ist, wie die erfolgreiche Zusammenarbeit mit Profiklubs aus den nationalen und internationalen Ligen.\u202f<\/span><\/i><span data-ccp-props=\"{&quot;134233117&quot;:false,&quot;134233118&quot;:false,&quot;201341983&quot;:0,&quot;335559738&quot;:0,&quot;335559739&quot;:288,&quot;335559740&quot;:240}\">\u00a0<\/span><\/p>\n<p><i><span data-contrast=\"auto\">Erfahren Sie mehr unter\u202f<\/span><\/i><a href=\"http:\/\/capellisport.eu\/\"><span data-contrast=\"auto\">capellisport.eu<\/span><\/a><i><span data-contrast=\"auto\">\u202fund finden Sie Capelli Sport auf Twitter (<\/span><\/i><a href=\"https:\/\/twitter.com\/capellisport?lang=de\"><span data-contrast=\"auto\">@capellisport<\/span><\/a><i><span data-contrast=\"auto\">) und Instagram (<\/span><\/i><a href=\"https:\/\/www.instagram.com\/capellisport\/?hl=de\"><span data-contrast=\"auto\">@capellisport<\/span><\/a><i><span data-contrast=\"auto\">), oder besuchen Sie die Capelli Sport Facebook-Seite (<\/span><\/i><a href=\"https:\/\/www.facebook.com\/CapelliSport\/?locale=de_DE\"><span data-contrast=\"auto\">@CapelliSport<\/span><\/a><i><span data-contrast=\"auto\">).<\/span><\/i><span data-ccp-props=\"{&quot;134233117&quot;:false,&quot;134233118&quot;:false,&quot;201341983&quot;:0,&quot;335559738&quot;:0,&quot;335559739&quot;:288,&quot;335559740&quot;:240}\">\u00a0<\/span><\/p>\n","protected":false},"excerpt":{"rendered":"<p>CAPELLI SPORT x VOLLEYBALL BUNDESLIGA Capelli Sport wird neuer \u201eOffizieller Ausr\u00fcster\u201c der Volleyball Bundesliga\u00a0 F\u00fcr die Volleyball Bundesliga (VBL) beginnt in der Saison 2023\/24 ein neues Ausr\u00fcster-Kapitel: Als \u201eOffizieller Ausr\u00fcster der VBL\u201c stattet der US-amerikanische Sportartikelhersteller Capelli Sport die 160 Unparteiischen in den 1. und 2. Bundesligen mit hochwertigen Outfits aus. Die Volleyball Bundesliga und &hellip; <\/p>\n<p class=\"link-more\"><a href=\"https:\/\/capellisport.eu\/de\/capelli-sport-x-volleyball-bundesliga\/\" class=\"more-link\"><span class=\"screen-reader-text\">\u201eCapelli Sport x Volleyball Bundesliga\u201c<\/span> weiterlesen<\/a><\/p>\n","protected":false},"author":11334,"featured_media":88680,"comment_status":"open","ping_status":"closed","sticky":false,"template":"","format":"standard","meta":{"_acf_changed":false,"footnotes":""},"categories":[16],"tags":[],"class_list":["post-88679","post","type-post","status-publish","format-standard","has-post-thumbnail","hentry","category-neuigkeiten"],"acf":[],"yoast_head":"<!-- This site is optimized with the Yoast SEO plugin v25.4 - https:\/\/yoast.com\/wordpress\/plugins\/seo\/ -->\n<title>Capelli Sport x Volleyball Bundesliga - CAPELLI SPORT Europe<\/title>\n<meta name=\"robots\" content=\"index, follow, max-snippet:-1, max-image-preview:large, max-video-preview:-1\" \/>\n<link rel=\"canonical\" href=\"https:\/\/capellisport.eu\/de\/capelli-sport-x-volleyball-bundesliga\/\" \/>\n<meta property=\"og:locale\" content=\"de_DE\" \/>\n<meta property=\"og:type\" content=\"article\" \/>\n<meta property=\"og:title\" content=\"Capelli Sport x Volleyball Bundesliga - CAPELLI SPORT Europe\" \/>\n<meta property=\"og:description\" content=\"CAPELLI SPORT x VOLLEYBALL BUNDESLIGA Capelli Sport wird neuer \u201eOffizieller Ausr\u00fcster\u201c der Volleyball Bundesliga\u00a0 F\u00fcr die Volleyball Bundesliga (VBL) beginnt in der Saison 2023\/24 ein neues Ausr\u00fcster-Kapitel: Als \u201eOffizieller Ausr\u00fcster der VBL\u201c stattet der US-amerikanische Sportartikelhersteller Capelli Sport die 160 Unparteiischen in den 1. und 2. Bundesligen mit hochwertigen Outfits aus. Die Volleyball Bundesliga und &hellip; \u201eCapelli Sport x Volleyball Bundesliga\u201c weiterlesen\" \/>\n<meta property=\"og:url\" content=\"https:\/\/capellisport.eu\/de\/capelli-sport-x-volleyball-bundesliga\/\" \/>\n<meta property=\"og:site_name\" content=\"CAPELLI SPORT Europe\" \/>\n<meta property=\"article:published_time\" content=\"2023-07-10T14:00:10+00:00\" \/>\n<meta property=\"og:image\" content=\"https:\/\/capellisport.eu\/wp-content\/uploads\/2023\/07\/BLV-13-scaled.jpg\" \/>\n\t<meta property=\"og:image:width\" content=\"2560\" \/>\n\t<meta property=\"og:image:height\" content=\"1696\" \/>\n\t<meta property=\"og:image:type\" content=\"image\/jpeg\" \/>\n<meta name=\"author\" content=\"nick\" \/>\n<meta name=\"twitter:card\" content=\"summary_large_image\" \/>\n<meta name=\"twitter:label1\" content=\"Verfasst von\" \/>\n\t<meta name=\"twitter:data1\" content=\"nick\" \/>\n\t<meta name=\"twitter:label2\" content=\"Gesch\u00e4tzte Lesezeit\" \/>\n\t<meta name=\"twitter:data2\" content=\"3\u00a0Minuten\" \/>\n<script type=\"application\/ld+json\" class=\"yoast-schema-graph\">{\"@context\":\"https:\/\/schema.org\",\"@graph\":[{\"@type\":\"Article\",\"@id\":\"https:\/\/capellisport.eu\/de\/capelli-sport-x-volleyball-bundesliga\/#article\",\"isPartOf\":{\"@id\":\"https:\/\/capellisport.eu\/de\/capelli-sport-x-volleyball-bundesliga\/\"},\"author\":{\"name\":\"nick\",\"@id\":\"https:\/\/capellisport.eu\/#\/schema\/person\/651063bf010667890802d0f4b6f24c8c\"},\"headline\":\"Capelli Sport x Volleyball Bundesliga\",\"datePublished\":\"2023-07-10T14:00:10+00:00\",\"mainEntityOfPage\":{\"@id\":\"https:\/\/capellisport.eu\/de\/capelli-sport-x-volleyball-bundesliga\/\"},\"wordCount\":482,\"commentCount\":0,\"publisher\":{\"@id\":\"https:\/\/capellisport.eu\/#organization\"},\"image\":{\"@id\":\"https:\/\/capellisport.eu\/de\/capelli-sport-x-volleyball-bundesliga\/#primaryimage\"},\"thumbnailUrl\":\"https:\/\/capellisport.eu\/wp-content\/uploads\/2023\/07\/BLV-13-scaled.jpg\",\"articleSection\":[\"News\"],\"inLanguage\":\"de\",\"potentialAction\":[{\"@type\":\"CommentAction\",\"name\":\"Comment\",\"target\":[\"https:\/\/capellisport.eu\/de\/capelli-sport-x-volleyball-bundesliga\/#respond\"]}]},{\"@type\":\"WebPage\",\"@id\":\"https:\/\/capellisport.eu\/de\/capelli-sport-x-volleyball-bundesliga\/\",\"url\":\"https:\/\/capellisport.eu\/de\/capelli-sport-x-volleyball-bundesliga\/\",\"name\":\"Capelli Sport x Volleyball Bundesliga - CAPELLI SPORT Europe\",\"isPartOf\":{\"@id\":\"https:\/\/capellisport.eu\/#website\"},\"primaryImageOfPage\":{\"@id\":\"https:\/\/capellisport.eu\/de\/capelli-sport-x-volleyball-bundesliga\/#primaryimage\"},\"image\":{\"@id\":\"https:\/\/capellisport.eu\/de\/capelli-sport-x-volleyball-bundesliga\/#primaryimage\"},\"thumbnailUrl\":\"https:\/\/capellisport.eu\/wp-content\/uploads\/2023\/07\/BLV-13-scaled.jpg\",\"datePublished\":\"2023-07-10T14:00:10+00:00\",\"breadcrumb\":{\"@id\":\"https:\/\/capellisport.eu\/de\/capelli-sport-x-volleyball-bundesliga\/#breadcrumb\"},\"inLanguage\":\"de\",\"potentialAction\":[{\"@type\":\"ReadAction\",\"target\":[\"https:\/\/capellisport.eu\/de\/capelli-sport-x-volleyball-bundesliga\/\"]}]},{\"@type\":\"ImageObject\",\"inLanguage\":\"de\",\"@id\":\"https:\/\/capellisport.eu\/de\/capelli-sport-x-volleyball-bundesliga\/#primaryimage\",\"url\":\"https:\/\/capellisport.eu\/wp-content\/uploads\/2023\/07\/BLV-13-scaled.jpg\",\"contentUrl\":\"https:\/\/capellisport.eu\/wp-content\/uploads\/2023\/07\/BLV-13-scaled.jpg\",\"width\":2560,\"height\":1696},{\"@type\":\"BreadcrumbList\",\"@id\":\"https:\/\/capellisport.eu\/de\/capelli-sport-x-volleyball-bundesliga\/#breadcrumb\",\"itemListElement\":[{\"@type\":\"ListItem\",\"position\":1,\"name\":\"Home\",\"item\":\"https:\/\/capellisport.eu\/de\/frontpage\/\"},{\"@type\":\"ListItem\",\"position\":2,\"name\":\"Capelli Sport x Volleyball Bundesliga\"}]},{\"@type\":\"WebSite\",\"@id\":\"https:\/\/capellisport.eu\/#website\",\"url\":\"https:\/\/capellisport.eu\/\",\"name\":\"CAPELLI SPORT Europe\",\"description\":\"\",\"publisher\":{\"@id\":\"https:\/\/capellisport.eu\/#organization\"},\"potentialAction\":[{\"@type\":\"SearchAction\",\"target\":{\"@type\":\"EntryPoint\",\"urlTemplate\":\"https:\/\/capellisport.eu\/?s={search_term_string}\"},\"query-input\":{\"@type\":\"PropertyValueSpecification\",\"valueRequired\":true,\"valueName\":\"search_term_string\"}}],\"inLanguage\":\"de\"},{\"@type\":\"Organization\",\"@id\":\"https:\/\/capellisport.eu\/#organization\",\"name\":\"CAPELLI SPORT Europe\",\"url\":\"https:\/\/capellisport.eu\/\",\"logo\":{\"@type\":\"ImageObject\",\"inLanguage\":\"de\",\"@id\":\"https:\/\/capellisport.eu\/#\/schema\/logo\/image\/\",\"url\":\"https:\/\/capellisport.eu\/wp-content\/uploads\/2019\/08\/CAPELLI-SPORT_LOGO_schwarz-auf-weiss-01-scaled.jpg\",\"contentUrl\":\"https:\/\/capellisport.eu\/wp-content\/uploads\/2019\/08\/CAPELLI-SPORT_LOGO_schwarz-auf-weiss-01-scaled.jpg\",\"width\":2560,\"height\":1440,\"caption\":\"CAPELLI SPORT Europe\"},\"image\":{\"@id\":\"https:\/\/capellisport.eu\/#\/schema\/logo\/image\/\"}},{\"@type\":\"Person\",\"@id\":\"https:\/\/capellisport.eu\/#\/schema\/person\/651063bf010667890802d0f4b6f24c8c\",\"name\":\"nick\"}]}<\/script>\n<!-- \/ Yoast SEO plugin. -->","yoast_head_json":{"title":"Capelli Sport x Volleyball Bundesliga - CAPELLI SPORT Europe","robots":{"index":"index","follow":"follow","max-snippet":"max-snippet:-1","max-image-preview":"max-image-preview:large","max-video-preview":"max-video-preview:-1"},"canonical":"https:\/\/capellisport.eu\/de\/capelli-sport-x-volleyball-bundesliga\/","og_locale":"de_DE","og_type":"article","og_title":"Capelli Sport x Volleyball Bundesliga - CAPELLI SPORT Europe","og_description":"CAPELLI SPORT x VOLLEYBALL BUNDESLIGA Capelli Sport wird neuer \u201eOffizieller Ausr\u00fcster\u201c der Volleyball Bundesliga\u00a0 F\u00fcr die Volleyball Bundesliga (VBL) beginnt in der Saison 2023\/24 ein neues Ausr\u00fcster-Kapitel: Als \u201eOffizieller Ausr\u00fcster der VBL\u201c stattet der US-amerikanische Sportartikelhersteller Capelli Sport die 160 Unparteiischen in den 1. und 2. Bundesligen mit hochwertigen Outfits aus. Die Volleyball Bundesliga und &hellip; \u201eCapelli Sport x Volleyball Bundesliga\u201c weiterlesen","og_url":"https:\/\/capellisport.eu\/de\/capelli-sport-x-volleyball-bundesliga\/","og_site_name":"CAPELLI SPORT Europe","article_published_time":"2023-07-10T14:00:10+00:00","og_image":[{"width":2560,"height":1696,"url":"https:\/\/capellisport.eu\/wp-content\/uploads\/2023\/07\/BLV-13-scaled.jpg","type":"image\/jpeg"}],"author":"nick","twitter_card":"summary_large_image","twitter_misc":{"Verfasst von":"nick","Gesch\u00e4tzte Lesezeit":"3\u00a0Minuten"},"schema":{"@context":"https:\/\/schema.org","@graph":[{"@type":"Article","@id":"https:\/\/capellisport.eu\/de\/capelli-sport-x-volleyball-bundesliga\/#article","isPartOf":{"@id":"https:\/\/capellisport.eu\/de\/capelli-sport-x-volleyball-bundesliga\/"},"author":{"name":"nick","@id":"https:\/\/capellisport.eu\/#\/schema\/person\/651063bf010667890802d0f4b6f24c8c"},"headline":"Capelli Sport x Volleyball Bundesliga","datePublished":"2023-07-10T14:00:10+00:00","mainEntityOfPage":{"@id":"https:\/\/capellisport.eu\/de\/capelli-sport-x-volleyball-bundesliga\/"},"wordCount":482,"commentCount":0,"publisher":{"@id":"https:\/\/capellisport.eu\/#organization"},"image":{"@id":"https:\/\/capellisport.eu\/de\/capelli-sport-x-volleyball-bundesliga\/#primaryimage"},"thumbnailUrl":"https:\/\/capellisport.eu\/wp-content\/uploads\/2023\/07\/BLV-13-scaled.jpg","articleSection":["News"],"inLanguage":"de","potentialAction":[{"@type":"CommentAction","name":"Comment","target":["https:\/\/capellisport.eu\/de\/capelli-sport-x-volleyball-bundesliga\/#respond"]}]},{"@type":"WebPage","@id":"https:\/\/capellisport.eu\/de\/capelli-sport-x-volleyball-bundesliga\/","url":"https:\/\/capellisport.eu\/de\/capelli-sport-x-volleyball-bundesliga\/","name":"Capelli Sport x Volleyball Bundesliga - CAPELLI SPORT Europe","isPartOf":{"@id":"https:\/\/capellisport.eu\/#website"},"primaryImageOfPage":{"@id":"https:\/\/capellisport.eu\/de\/capelli-sport-x-volleyball-bundesliga\/#primaryimage"},"image":{"@id":"https:\/\/capellisport.eu\/de\/capelli-sport-x-volleyball-bundesliga\/#primaryimage"},"thumbnailUrl":"https:\/\/capellisport.eu\/wp-content\/uploads\/2023\/07\/BLV-13-scaled.jpg","datePublished":"2023-07-10T14:00:10+00:00","breadcrumb":{"@id":"https:\/\/capellisport.eu\/de\/capelli-sport-x-volleyball-bundesliga\/#breadcrumb"},"inLanguage":"de","potentialAction":[{"@type":"ReadAction","target":["https:\/\/capellisport.eu\/de\/capelli-sport-x-volleyball-bundesliga\/"]}]},{"@type":"ImageObject","inLanguage":"de","@id":"https:\/\/capellisport.eu\/de\/capelli-sport-x-volleyball-bundesliga\/#primaryimage","url":"https:\/\/capellisport.eu\/wp-content\/uploads\/2023\/07\/BLV-13-scaled.jpg","contentUrl":"https:\/\/capellisport.eu\/wp-content\/uploads\/2023\/07\/BLV-13-scaled.jpg","width":2560,"height":1696},{"@type":"BreadcrumbList","@id":"https:\/\/capellisport.eu\/de\/capelli-sport-x-volleyball-bundesliga\/#breadcrumb","itemListElement":[{"@type":"ListItem","position":1,"name":"Home","item":"https:\/\/capellisport.eu\/de\/frontpage\/"},{"@type":"ListItem","position":2,"name":"Capelli Sport x Volleyball Bundesliga"}]},{"@type":"WebSite","@id":"https:\/\/capellisport.eu\/#website","url":"https:\/\/capellisport.eu\/","name":"CAPELLI SPORT Europe","description":"","publisher":{"@id":"https:\/\/capellisport.eu\/#organization"},"potentialAction":[{"@type":"SearchAction","target":{"@type":"EntryPoint","urlTemplate":"https:\/\/capellisport.eu\/?s={search_term_string}"},"query-input":{"@type":"PropertyValueSpecification","valueRequired":true,"valueName":"search_term_string"}}],"inLanguage":"de"},{"@type":"Organization","@id":"https:\/\/capellisport.eu\/#organization","name":"CAPELLI SPORT Europe","url":"https:\/\/capellisport.eu\/","logo":{"@type":"ImageObject","inLanguage":"de","@id":"https:\/\/capellisport.eu\/#\/schema\/logo\/image\/","url":"https:\/\/capellisport.eu\/wp-content\/uploads\/2019\/08\/CAPELLI-SPORT_LOGO_schwarz-auf-weiss-01-scaled.jpg","contentUrl":"https:\/\/capellisport.eu\/wp-content\/uploads\/2019\/08\/CAPELLI-SPORT_LOGO_schwarz-auf-weiss-01-scaled.jpg","width":2560,"height":1440,"caption":"CAPELLI SPORT Europe"},"image":{"@id":"https:\/\/capellisport.eu\/#\/schema\/logo\/image\/"}},{"@type":"Person","@id":"https:\/\/capellisport.eu\/#\/schema\/person\/651063bf010667890802d0f4b6f24c8c","name":"nick"}]}},"_links":{"self":[{"href":"https:\/\/capellisport.eu\/de\/wp-json\/wp\/v2\/posts\/88679","targetHints":{"allow":["GET"]}}],"collection":[{"href":"https:\/\/capellisport.eu\/de\/wp-json\/wp\/v2\/posts"}],"about":[{"href":"https:\/\/capellisport.eu\/de\/wp-json\/wp\/v2\/types\/post"}],"author":[{"embeddable":true,"href":"https:\/\/capellisport.eu\/de\/wp-json\/wp\/v2\/users\/11334"}],"replies":[{"embeddable":true,"href":"https:\/\/capellisport.eu\/de\/wp-json\/wp\/v2\/comments?post=88679"}],"version-history":[{"count":2,"href":"https:\/\/capellisport.eu\/de\/wp-json\/wp\/v2\/posts\/88679\/revisions"}],"predecessor-version":[{"id":88685,"href":"https:\/\/capellisport.eu\/de\/wp-json\/wp\/v2\/posts\/88679\/revisions\/88685"}],"wp:featuredmedia":[{"embeddable":true,"href":"https:\/\/capellisport.eu\/de\/wp-json\/wp\/v2\/media\/88680"}],"wp:attachment":[{"href":"https:\/\/capellisport.eu\/de\/wp-json\/wp\/v2\/media?parent=88679"}],"wp:term":[{"taxonomy":"category","embeddable":true,"href":"https:\/\/capellisport.eu\/de\/wp-json\/wp\/v2\/categories?post=88679"},{"taxonomy":"post_tag","embeddable":true,"href":"https:\/\/capellisport.eu\/de\/wp-json\/wp\/v2\/tags?post=88679"}],"curies":[{"name":"wp","href":"https:\/\/api.w.org\/{rel}","templated":true}]}}