{"id":90006,"date":"2023-08-11T18:00:10","date_gmt":"2023-08-11T16:00:10","guid":{"rendered":"https:\/\/capellisport.eu\/?p=90006"},"modified":"2023-08-07T10:18:45","modified_gmt":"2023-08-07T08:18:45","slug":"capelli-sport-x-mch-futsal-club-bielefeld-sennestadt","status":"publish","type":"post","link":"https:\/\/capellisport.eu\/de\/capelli-sport-x-mch-futsal-club-bielefeld-sennestadt\/","title":{"rendered":"Capelli Sport x MCH Futsal Club Bielefeld-Sennestadt"},"content":{"rendered":"<p><img loading=\"lazy\" decoding=\"async\" class=\"alignnone size-medium wp-image-90007\" src=\"https:\/\/capellisport.eu\/wp-content\/uploads\/2023\/08\/Header-MCH-768x257.png\" alt=\"\" width=\"768\" height=\"257\" srcset=\"https:\/\/capellisport.eu\/wp-content\/uploads\/2023\/08\/Header-MCH-768x257.png 768w, https:\/\/capellisport.eu\/wp-content\/uploads\/2023\/08\/Header-MCH-600x200.png 600w, https:\/\/capellisport.eu\/wp-content\/uploads\/2023\/08\/Header-MCH-400x134.png 400w, https:\/\/capellisport.eu\/wp-content\/uploads\/2023\/08\/Header-MCH-750x251.png 750w, https:\/\/capellisport.eu\/wp-content\/uploads\/2023\/08\/Header-MCH.png 898w\" sizes=\"auto, (max-width: 706px) 89vw, (max-width: 767px) 82vw, 740px\" \/><\/p>\n<h4><strong>Capelli Sport x MCH Futsal Club Bielefeld-Sennestadt<\/strong><\/h4>\n<p>Capelli Sport wird ab der Saison 2023\/24 der offizielle Ausr\u00fcster des MCH Futsal Club Bielefeld-Sennestadt. Der Bundesligist aus der Leineweber Stadt Bielefeld einigte sich mit dem Sportartikelhersteller aus New York City auf eine 4-j\u00e4hrige Partnerschaft. Neben der Ausr\u00fcstung f\u00fcr die erste Mannschaft hat Capelli Sport auch ein gesteigertes Interesse daran die Jugendarbeit des Vereins weiter zu st\u00e4rken und als strategischer Partner zu fungieren.<\/p>\n<figure id=\"attachment_90009\" aria-describedby=\"caption-attachment-90009\" style=\"width: 768px\" class=\"wp-caption alignnone\"><img loading=\"lazy\" decoding=\"async\" class=\"wp-image-90009 size-medium\" src=\"https:\/\/capellisport.eu\/wp-content\/uploads\/2023\/08\/Capelli-Sport-X-MCH_Presserelease-photo-768x527.jpg\" alt=\"\" width=\"768\" height=\"527\" srcset=\"https:\/\/capellisport.eu\/wp-content\/uploads\/2023\/08\/Capelli-Sport-X-MCH_Presserelease-photo-768x527.jpg 768w, https:\/\/capellisport.eu\/wp-content\/uploads\/2023\/08\/Capelli-Sport-X-MCH_Presserelease-photo-600x411.jpg 600w, https:\/\/capellisport.eu\/wp-content\/uploads\/2023\/08\/Capelli-Sport-X-MCH_Presserelease-photo-400x274.jpg 400w, https:\/\/capellisport.eu\/wp-content\/uploads\/2023\/08\/Capelli-Sport-X-MCH_Presserelease-photo-750x514.jpg 750w, https:\/\/capellisport.eu\/wp-content\/uploads\/2023\/08\/Capelli-Sport-X-MCH_Presserelease-photo.jpg 1024w\" sizes=\"auto, (max-width: 706px) 89vw, (max-width: 767px) 82vw, 740px\" \/><figcaption id=\"caption-attachment-90009\" class=\"wp-caption-text\">Auf dem Bild von links nach rechts: Mario Ermisch (sportlicher Leiter MCH Futsal Club), Maximilian Huxoll (Area Sales Manager Capelli Sport), Yasin Kacar (Vorstandsvorsitzender MCH Futsal Club)<\/figcaption><\/figure>\n<p>Maximilian Huxoll (Area Sales Manager Capelli Sport):<\/p>\n<p>\u201eDie F\u00f6rderungen junger Athleten sowie die Verbindung von Sport und Lifestyle sind Attribute, die zu Capelli Sport und dem Bundesligisten MCH Futsal Club Bielefeld-Sennestadt passen. Gerade die F\u00f6rderung junger Athleten liegt dem Verein aus seiner Historie heraus sehr am Herzen und gilt damit als Vorreiter in Deutschland. Ich freue mich auf unsere Partnerschaft mit vielen interessanten Projekten.\u201c<\/p>\n<p>Yasin Kacar (Vorstandsvorsitzender MCH Futsal Club):<br \/>\n\u201eWir hatten sehr sympathische Gespr\u00e4che und haben uns bei CAPELLI SPORT direkt wohlgef\u00fchlt. Kompetente Ansprechpartner, zuverl\u00e4ssige Vertragserf\u00fcllung, qualitativ gute Kleidung und die Begeisterung f\u00fcr den Futsal lassen f\u00fcr uns keinen Zweifel daran, mit CAPELLI SPORT die richtige Wahl getroffen zu haben. Die Nachhaltigkeit des Unternehmens hat uns \u00fcberzeugt. Wir freuen uns auf die Zusammenarbeit.&#8220;<\/p>\n<hr \/>\n<p><strong>\u00dcber MCH Futsal Club Bielefeld-Sennestadt<\/strong><\/p>\n<p>Die Entstehung des Vereins basiert auf dem Angebot der \u201eSoccer Boys\u201c des MCH-Jugendzentrums Sennestadt (Matthias-Claudius-Haus, die offene Kinder- und Jugendarbeit der Evangelischen Kirchengemeinde Sennestadt). Viele der Futsaler sind diesem Angebot bzw. der Arbeit der MCH Kinder- und Jugendpflege entsprungen. So wurde im Jahr 2013 der gemeinn\u00fctzige Sportverein \u201eMCH Futsal Club Sennestadt\u201c gegr\u00fcndet, um den Jugendlichen und mittlerweile Heranwachsenden im Alter zwischen 18 und 25 Jahren die M\u00f6glichkeit zu bieten weiter zusammen Sport zu betreiben. Auch wenn der Verein mittlerweile offiziell vom MCH-Jugendzentrum (Matthias-Claudius-Haus) abgekoppelt sind, kooperieren beide weiterhin in vielerlei Hinsicht.<\/p>\n<p>Im Mai 2018 wurde der Vereinsname in \u201eMCH Futsal Club Bielefeld-Sennestadt e.V.\u201c erweitert. Als eigenst\u00e4ndiger und \u2013 auf die letzten vier Jahre betrachtet \u2013 erfolgreichster Futsalverein Westdeutschlands tr\u00e4gt der Verein einen gro\u00dfen Anteil an der regionalen sowie bundesweiten Popularisierung der Sportart. Nach vier aufeinander folgenden Teilnahmen an der deutschen Futsal-Meisterschaft und der damit verbundenen Zugeh\u00f6rigkeit zu den besten acht Futsalmannschaften Deutschlands hat der Verein sich in der Futsal-Spitze Deutschlands etabliert.<\/p>\n<p><strong>\u00dcber Capelli Sport <\/strong><\/p>\n<p>Capelli Sport ist eine globale Multisportmarke mit Sitz in New York City, die sich auf Mannschaftssportarten spezialisiert hat. Unsere Leidenschaft f\u00fcr die Entwicklung von Produkten, die von Lifestyle-Bekleidung bis hin zu Schuhen und Performance-Match-Kits reichen, erm\u00f6glicht es Sportlern und Teams, ihren Erfolg auf dem Spielfeld und dar\u00fcber hinaus zu maximieren. Capelli Sport unterst\u00fctzt alle Athleten durch ein einzigartiges globales Sport-\u00d6kosystem mit einem Schwerpunkt auf exzellentem Service. Erfahren Sie mehr unter capellisport.eu und finden Sie Capelli Sport auf Instagram (@CapelliSport).<\/p>\n","protected":false},"excerpt":{"rendered":"<p>Capelli Sport x MCH Futsal Club Bielefeld-Sennestadt Capelli Sport wird ab der Saison 2023\/24 der offizielle Ausr\u00fcster des MCH Futsal Club Bielefeld-Sennestadt. Der Bundesligist aus der Leineweber Stadt Bielefeld einigte sich mit dem Sportartikelhersteller aus New York City auf eine 4-j\u00e4hrige Partnerschaft. Neben der Ausr\u00fcstung f\u00fcr die erste Mannschaft hat Capelli Sport auch ein gesteigertes &hellip; <\/p>\n<p class=\"link-more\"><a href=\"https:\/\/capellisport.eu\/de\/capelli-sport-x-mch-futsal-club-bielefeld-sennestadt\/\" class=\"more-link\"><span class=\"screen-reader-text\">\u201eCapelli Sport x MCH Futsal Club Bielefeld-Sennestadt\u201c<\/span> weiterlesen<\/a><\/p>\n","protected":false},"author":11334,"featured_media":90009,"comment_status":"open","ping_status":"closed","sticky":false,"template":"","format":"standard","meta":{"_acf_changed":false,"footnotes":""},"categories":[16],"tags":[],"class_list":["post-90006","post","type-post","status-publish","format-standard","has-post-thumbnail","hentry","category-neuigkeiten"],"acf":[],"yoast_head":"<!-- This site is optimized with the Yoast SEO plugin v25.4 - https:\/\/yoast.com\/wordpress\/plugins\/seo\/ -->\n<title>Capelli Sport x MCH Futsal Club Bielefeld-Sennestadt - CAPELLI SPORT Europe<\/title>\n<meta name=\"robots\" content=\"index, follow, max-snippet:-1, max-image-preview:large, max-video-preview:-1\" \/>\n<link rel=\"canonical\" href=\"https:\/\/capellisport.eu\/de\/capelli-sport-x-mch-futsal-club-bielefeld-sennestadt\/\" \/>\n<meta property=\"og:locale\" content=\"de_DE\" \/>\n<meta property=\"og:type\" content=\"article\" \/>\n<meta property=\"og:title\" content=\"Capelli Sport x MCH Futsal Club Bielefeld-Sennestadt - CAPELLI SPORT Europe\" \/>\n<meta property=\"og:description\" content=\"Capelli Sport x MCH Futsal Club Bielefeld-Sennestadt Capelli Sport wird ab der Saison 2023\/24 der offizielle Ausr\u00fcster des MCH Futsal Club Bielefeld-Sennestadt. Der Bundesligist aus der Leineweber Stadt Bielefeld einigte sich mit dem Sportartikelhersteller aus New York City auf eine 4-j\u00e4hrige Partnerschaft. Neben der Ausr\u00fcstung f\u00fcr die erste Mannschaft hat Capelli Sport auch ein gesteigertes &hellip; \u201eCapelli Sport x MCH Futsal Club Bielefeld-Sennestadt\u201c weiterlesen\" \/>\n<meta property=\"og:url\" content=\"https:\/\/capellisport.eu\/de\/capelli-sport-x-mch-futsal-club-bielefeld-sennestadt\/\" \/>\n<meta property=\"og:site_name\" content=\"CAPELLI SPORT Europe\" \/>\n<meta property=\"article:published_time\" content=\"2023-08-11T16:00:10+00:00\" \/>\n<meta property=\"og:image\" content=\"https:\/\/capellisport.eu\/wp-content\/uploads\/2023\/08\/Capelli-Sport-X-MCH_Presserelease-photo.jpg\" \/>\n\t<meta property=\"og:image:width\" content=\"1024\" \/>\n\t<meta property=\"og:image:height\" content=\"702\" \/>\n\t<meta property=\"og:image:type\" content=\"image\/jpeg\" \/>\n<meta name=\"author\" content=\"nick\" \/>\n<meta name=\"twitter:card\" content=\"summary_large_image\" \/>\n<meta name=\"twitter:label1\" content=\"Verfasst von\" \/>\n\t<meta name=\"twitter:data1\" content=\"nick\" \/>\n\t<meta name=\"twitter:label2\" content=\"Gesch\u00e4tzte Lesezeit\" \/>\n\t<meta name=\"twitter:data2\" content=\"3\u00a0Minuten\" \/>\n<script type=\"application\/ld+json\" class=\"yoast-schema-graph\">{\"@context\":\"https:\/\/schema.org\",\"@graph\":[{\"@type\":\"Article\",\"@id\":\"https:\/\/capellisport.eu\/de\/capelli-sport-x-mch-futsal-club-bielefeld-sennestadt\/#article\",\"isPartOf\":{\"@id\":\"https:\/\/capellisport.eu\/de\/capelli-sport-x-mch-futsal-club-bielefeld-sennestadt\/\"},\"author\":{\"name\":\"nick\",\"@id\":\"https:\/\/capellisport.eu\/#\/schema\/person\/651063bf010667890802d0f4b6f24c8c\"},\"headline\":\"Capelli Sport x MCH Futsal Club Bielefeld-Sennestadt\",\"datePublished\":\"2023-08-11T16:00:10+00:00\",\"mainEntityOfPage\":{\"@id\":\"https:\/\/capellisport.eu\/de\/capelli-sport-x-mch-futsal-club-bielefeld-sennestadt\/\"},\"wordCount\":503,\"commentCount\":0,\"publisher\":{\"@id\":\"https:\/\/capellisport.eu\/#organization\"},\"image\":{\"@id\":\"https:\/\/capellisport.eu\/de\/capelli-sport-x-mch-futsal-club-bielefeld-sennestadt\/#primaryimage\"},\"thumbnailUrl\":\"https:\/\/capellisport.eu\/wp-content\/uploads\/2023\/08\/Capelli-Sport-X-MCH_Presserelease-photo.jpg\",\"articleSection\":[\"News\"],\"inLanguage\":\"de\",\"potentialAction\":[{\"@type\":\"CommentAction\",\"name\":\"Comment\",\"target\":[\"https:\/\/capellisport.eu\/de\/capelli-sport-x-mch-futsal-club-bielefeld-sennestadt\/#respond\"]}]},{\"@type\":\"WebPage\",\"@id\":\"https:\/\/capellisport.eu\/de\/capelli-sport-x-mch-futsal-club-bielefeld-sennestadt\/\",\"url\":\"https:\/\/capellisport.eu\/de\/capelli-sport-x-mch-futsal-club-bielefeld-sennestadt\/\",\"name\":\"Capelli Sport x MCH Futsal Club Bielefeld-Sennestadt - CAPELLI SPORT Europe\",\"isPartOf\":{\"@id\":\"https:\/\/capellisport.eu\/#website\"},\"primaryImageOfPage\":{\"@id\":\"https:\/\/capellisport.eu\/de\/capelli-sport-x-mch-futsal-club-bielefeld-sennestadt\/#primaryimage\"},\"image\":{\"@id\":\"https:\/\/capellisport.eu\/de\/capelli-sport-x-mch-futsal-club-bielefeld-sennestadt\/#primaryimage\"},\"thumbnailUrl\":\"https:\/\/capellisport.eu\/wp-content\/uploads\/2023\/08\/Capelli-Sport-X-MCH_Presserelease-photo.jpg\",\"datePublished\":\"2023-08-11T16:00:10+00:00\",\"breadcrumb\":{\"@id\":\"https:\/\/capellisport.eu\/de\/capelli-sport-x-mch-futsal-club-bielefeld-sennestadt\/#breadcrumb\"},\"inLanguage\":\"de\",\"potentialAction\":[{\"@type\":\"ReadAction\",\"target\":[\"https:\/\/capellisport.eu\/de\/capelli-sport-x-mch-futsal-club-bielefeld-sennestadt\/\"]}]},{\"@type\":\"ImageObject\",\"inLanguage\":\"de\",\"@id\":\"https:\/\/capellisport.eu\/de\/capelli-sport-x-mch-futsal-club-bielefeld-sennestadt\/#primaryimage\",\"url\":\"https:\/\/capellisport.eu\/wp-content\/uploads\/2023\/08\/Capelli-Sport-X-MCH_Presserelease-photo.jpg\",\"contentUrl\":\"https:\/\/capellisport.eu\/wp-content\/uploads\/2023\/08\/Capelli-Sport-X-MCH_Presserelease-photo.jpg\",\"width\":1024,\"height\":702},{\"@type\":\"BreadcrumbList\",\"@id\":\"https:\/\/capellisport.eu\/de\/capelli-sport-x-mch-futsal-club-bielefeld-sennestadt\/#breadcrumb\",\"itemListElement\":[{\"@type\":\"ListItem\",\"position\":1,\"name\":\"Home\",\"item\":\"https:\/\/capellisport.eu\/de\/frontpage\/\"},{\"@type\":\"ListItem\",\"position\":2,\"name\":\"Capelli Sport x MCH Futsal Club Bielefeld-Sennestadt\"}]},{\"@type\":\"WebSite\",\"@id\":\"https:\/\/capellisport.eu\/#website\",\"url\":\"https:\/\/capellisport.eu\/\",\"name\":\"CAPELLI SPORT Europe\",\"description\":\"\",\"publisher\":{\"@id\":\"https:\/\/capellisport.eu\/#organization\"},\"potentialAction\":[{\"@type\":\"SearchAction\",\"target\":{\"@type\":\"EntryPoint\",\"urlTemplate\":\"https:\/\/capellisport.eu\/?s={search_term_string}\"},\"query-input\":{\"@type\":\"PropertyValueSpecification\",\"valueRequired\":true,\"valueName\":\"search_term_string\"}}],\"inLanguage\":\"de\"},{\"@type\":\"Organization\",\"@id\":\"https:\/\/capellisport.eu\/#organization\",\"name\":\"CAPELLI SPORT Europe\",\"url\":\"https:\/\/capellisport.eu\/\",\"logo\":{\"@type\":\"ImageObject\",\"inLanguage\":\"de\",\"@id\":\"https:\/\/capellisport.eu\/#\/schema\/logo\/image\/\",\"url\":\"https:\/\/capellisport.eu\/wp-content\/uploads\/2019\/08\/CAPELLI-SPORT_LOGO_schwarz-auf-weiss-01-scaled.jpg\",\"contentUrl\":\"https:\/\/capellisport.eu\/wp-content\/uploads\/2019\/08\/CAPELLI-SPORT_LOGO_schwarz-auf-weiss-01-scaled.jpg\",\"width\":2560,\"height\":1440,\"caption\":\"CAPELLI SPORT Europe\"},\"image\":{\"@id\":\"https:\/\/capellisport.eu\/#\/schema\/logo\/image\/\"}},{\"@type\":\"Person\",\"@id\":\"https:\/\/capellisport.eu\/#\/schema\/person\/651063bf010667890802d0f4b6f24c8c\",\"name\":\"nick\"}]}<\/script>\n<!-- \/ Yoast SEO plugin. -->","yoast_head_json":{"title":"Capelli Sport x MCH Futsal Club Bielefeld-Sennestadt - CAPELLI SPORT Europe","robots":{"index":"index","follow":"follow","max-snippet":"max-snippet:-1","max-image-preview":"max-image-preview:large","max-video-preview":"max-video-preview:-1"},"canonical":"https:\/\/capellisport.eu\/de\/capelli-sport-x-mch-futsal-club-bielefeld-sennestadt\/","og_locale":"de_DE","og_type":"article","og_title":"Capelli Sport x MCH Futsal Club Bielefeld-Sennestadt - CAPELLI SPORT Europe","og_description":"Capelli Sport x MCH Futsal Club Bielefeld-Sennestadt Capelli Sport wird ab der Saison 2023\/24 der offizielle Ausr\u00fcster des MCH Futsal Club Bielefeld-Sennestadt. Der Bundesligist aus der Leineweber Stadt Bielefeld einigte sich mit dem Sportartikelhersteller aus New York City auf eine 4-j\u00e4hrige Partnerschaft. Neben der Ausr\u00fcstung f\u00fcr die erste Mannschaft hat Capelli Sport auch ein gesteigertes &hellip; \u201eCapelli Sport x MCH Futsal Club Bielefeld-Sennestadt\u201c weiterlesen","og_url":"https:\/\/capellisport.eu\/de\/capelli-sport-x-mch-futsal-club-bielefeld-sennestadt\/","og_site_name":"CAPELLI SPORT Europe","article_published_time":"2023-08-11T16:00:10+00:00","og_image":[{"width":1024,"height":702,"url":"https:\/\/capellisport.eu\/wp-content\/uploads\/2023\/08\/Capelli-Sport-X-MCH_Presserelease-photo.jpg","type":"image\/jpeg"}],"author":"nick","twitter_card":"summary_large_image","twitter_misc":{"Verfasst von":"nick","Gesch\u00e4tzte Lesezeit":"3\u00a0Minuten"},"schema":{"@context":"https:\/\/schema.org","@graph":[{"@type":"Article","@id":"https:\/\/capellisport.eu\/de\/capelli-sport-x-mch-futsal-club-bielefeld-sennestadt\/#article","isPartOf":{"@id":"https:\/\/capellisport.eu\/de\/capelli-sport-x-mch-futsal-club-bielefeld-sennestadt\/"},"author":{"name":"nick","@id":"https:\/\/capellisport.eu\/#\/schema\/person\/651063bf010667890802d0f4b6f24c8c"},"headline":"Capelli Sport x MCH Futsal Club Bielefeld-Sennestadt","datePublished":"2023-08-11T16:00:10+00:00","mainEntityOfPage":{"@id":"https:\/\/capellisport.eu\/de\/capelli-sport-x-mch-futsal-club-bielefeld-sennestadt\/"},"wordCount":503,"commentCount":0,"publisher":{"@id":"https:\/\/capellisport.eu\/#organization"},"image":{"@id":"https:\/\/capellisport.eu\/de\/capelli-sport-x-mch-futsal-club-bielefeld-sennestadt\/#primaryimage"},"thumbnailUrl":"https:\/\/capellisport.eu\/wp-content\/uploads\/2023\/08\/Capelli-Sport-X-MCH_Presserelease-photo.jpg","articleSection":["News"],"inLanguage":"de","potentialAction":[{"@type":"CommentAction","name":"Comment","target":["https:\/\/capellisport.eu\/de\/capelli-sport-x-mch-futsal-club-bielefeld-sennestadt\/#respond"]}]},{"@type":"WebPage","@id":"https:\/\/capellisport.eu\/de\/capelli-sport-x-mch-futsal-club-bielefeld-sennestadt\/","url":"https:\/\/capellisport.eu\/de\/capelli-sport-x-mch-futsal-club-bielefeld-sennestadt\/","name":"Capelli Sport x MCH Futsal Club Bielefeld-Sennestadt - CAPELLI SPORT Europe","isPartOf":{"@id":"https:\/\/capellisport.eu\/#website"},"primaryImageOfPage":{"@id":"https:\/\/capellisport.eu\/de\/capelli-sport-x-mch-futsal-club-bielefeld-sennestadt\/#primaryimage"},"image":{"@id":"https:\/\/capellisport.eu\/de\/capelli-sport-x-mch-futsal-club-bielefeld-sennestadt\/#primaryimage"},"thumbnailUrl":"https:\/\/capellisport.eu\/wp-content\/uploads\/2023\/08\/Capelli-Sport-X-MCH_Presserelease-photo.jpg","datePublished":"2023-08-11T16:00:10+00:00","breadcrumb":{"@id":"https:\/\/capellisport.eu\/de\/capelli-sport-x-mch-futsal-club-bielefeld-sennestadt\/#breadcrumb"},"inLanguage":"de","potentialAction":[{"@type":"ReadAction","target":["https:\/\/capellisport.eu\/de\/capelli-sport-x-mch-futsal-club-bielefeld-sennestadt\/"]}]},{"@type":"ImageObject","inLanguage":"de","@id":"https:\/\/capellisport.eu\/de\/capelli-sport-x-mch-futsal-club-bielefeld-sennestadt\/#primaryimage","url":"https:\/\/capellisport.eu\/wp-content\/uploads\/2023\/08\/Capelli-Sport-X-MCH_Presserelease-photo.jpg","contentUrl":"https:\/\/capellisport.eu\/wp-content\/uploads\/2023\/08\/Capelli-Sport-X-MCH_Presserelease-photo.jpg","width":1024,"height":702},{"@type":"BreadcrumbList","@id":"https:\/\/capellisport.eu\/de\/capelli-sport-x-mch-futsal-club-bielefeld-sennestadt\/#breadcrumb","itemListElement":[{"@type":"ListItem","position":1,"name":"Home","item":"https:\/\/capellisport.eu\/de\/frontpage\/"},{"@type":"ListItem","position":2,"name":"Capelli Sport x MCH Futsal Club Bielefeld-Sennestadt"}]},{"@type":"WebSite","@id":"https:\/\/capellisport.eu\/#website","url":"https:\/\/capellisport.eu\/","name":"CAPELLI SPORT Europe","description":"","publisher":{"@id":"https:\/\/capellisport.eu\/#organization"},"potentialAction":[{"@type":"SearchAction","target":{"@type":"EntryPoint","urlTemplate":"https:\/\/capellisport.eu\/?s={search_term_string}"},"query-input":{"@type":"PropertyValueSpecification","valueRequired":true,"valueName":"search_term_string"}}],"inLanguage":"de"},{"@type":"Organization","@id":"https:\/\/capellisport.eu\/#organization","name":"CAPELLI SPORT Europe","url":"https:\/\/capellisport.eu\/","logo":{"@type":"ImageObject","inLanguage":"de","@id":"https:\/\/capellisport.eu\/#\/schema\/logo\/image\/","url":"https:\/\/capellisport.eu\/wp-content\/uploads\/2019\/08\/CAPELLI-SPORT_LOGO_schwarz-auf-weiss-01-scaled.jpg","contentUrl":"https:\/\/capellisport.eu\/wp-content\/uploads\/2019\/08\/CAPELLI-SPORT_LOGO_schwarz-auf-weiss-01-scaled.jpg","width":2560,"height":1440,"caption":"CAPELLI SPORT Europe"},"image":{"@id":"https:\/\/capellisport.eu\/#\/schema\/logo\/image\/"}},{"@type":"Person","@id":"https:\/\/capellisport.eu\/#\/schema\/person\/651063bf010667890802d0f4b6f24c8c","name":"nick"}]}},"_links":{"self":[{"href":"https:\/\/capellisport.eu\/de\/wp-json\/wp\/v2\/posts\/90006","targetHints":{"allow":["GET"]}}],"collection":[{"href":"https:\/\/capellisport.eu\/de\/wp-json\/wp\/v2\/posts"}],"about":[{"href":"https:\/\/capellisport.eu\/de\/wp-json\/wp\/v2\/types\/post"}],"author":[{"embeddable":true,"href":"https:\/\/capellisport.eu\/de\/wp-json\/wp\/v2\/users\/11334"}],"replies":[{"embeddable":true,"href":"https:\/\/capellisport.eu\/de\/wp-json\/wp\/v2\/comments?post=90006"}],"version-history":[{"count":2,"href":"https:\/\/capellisport.eu\/de\/wp-json\/wp\/v2\/posts\/90006\/revisions"}],"predecessor-version":[{"id":90012,"href":"https:\/\/capellisport.eu\/de\/wp-json\/wp\/v2\/posts\/90006\/revisions\/90012"}],"wp:featuredmedia":[{"embeddable":true,"href":"https:\/\/capellisport.eu\/de\/wp-json\/wp\/v2\/media\/90009"}],"wp:attachment":[{"href":"https:\/\/capellisport.eu\/de\/wp-json\/wp\/v2\/media?parent=90006"}],"wp:term":[{"taxonomy":"category","embeddable":true,"href":"https:\/\/capellisport.eu\/de\/wp-json\/wp\/v2\/categories?post=90006"},{"taxonomy":"post_tag","embeddable":true,"href":"https:\/\/capellisport.eu\/de\/wp-json\/wp\/v2\/tags?post=90006"}],"curies":[{"name":"wp","href":"https:\/\/api.w.org\/{rel}","templated":true}]}}