{"id":90318,"date":"2023-08-11T14:00:56","date_gmt":"2023-08-11T12:00:56","guid":{"rendered":"https:\/\/capellisport.eu\/?p=90318"},"modified":"2023-08-11T09:05:45","modified_gmt":"2023-08-11T07:05:45","slug":"capelli-sport-x-kfc-uerdingen-05","status":"publish","type":"post","link":"https:\/\/capellisport.eu\/de\/capelli-sport-x-kfc-uerdingen-05\/","title":{"rendered":"Capelli Sport x KFC Uerdingen 05"},"content":{"rendered":"<p><img loading=\"lazy\" decoding=\"async\" class=\"alignnone size-medium wp-image-90319\" src=\"https:\/\/capellisport.eu\/wp-content\/uploads\/2023\/08\/Header-KFC-Uerdingen-768x254.png\" alt=\"\" width=\"768\" height=\"254\" srcset=\"https:\/\/capellisport.eu\/wp-content\/uploads\/2023\/08\/Header-KFC-Uerdingen-768x254.png 768w, https:\/\/capellisport.eu\/wp-content\/uploads\/2023\/08\/Header-KFC-Uerdingen-600x198.png 600w, https:\/\/capellisport.eu\/wp-content\/uploads\/2023\/08\/Header-KFC-Uerdingen-400x132.png 400w, https:\/\/capellisport.eu\/wp-content\/uploads\/2023\/08\/Header-KFC-Uerdingen-750x248.png 750w, https:\/\/capellisport.eu\/wp-content\/uploads\/2023\/08\/Header-KFC-Uerdingen.png 922w\" sizes=\"auto, (max-width: 706px) 89vw, (max-width: 767px) 82vw, 740px\" \/><\/p>\n<h4>Capelli Sport x KFC Uerdingen 05<\/h4>\n<p>Capelli Sport wird unser neuer Ausr\u00fcster f\u00fcr die n\u00e4chsten Jahre! Der Teamsportausr\u00fcster aus New York City und der KFC konnten sich kurzfristig auf eine Zusammenarbeit verst\u00e4ndigen. Damit kehren wir zu einem alten Bekannten zur\u00fcck. Bereits von 2017 bis 2021 trugen unsere Mannschaften die Teamwear von Capelli Sport und stiegen zusammen 2018 in die 3. Liga auf.<\/p>\n<p><img loading=\"lazy\" decoding=\"async\" class=\"alignnone size-medium wp-image-90321\" src=\"https:\/\/capellisport.eu\/wp-content\/uploads\/2023\/08\/PHOTO-2023-08-10-11-35-59-768x493.jpg\" alt=\"\" width=\"768\" height=\"493\" srcset=\"https:\/\/capellisport.eu\/wp-content\/uploads\/2023\/08\/PHOTO-2023-08-10-11-35-59-768x493.jpg 768w, https:\/\/capellisport.eu\/wp-content\/uploads\/2023\/08\/PHOTO-2023-08-10-11-35-59-600x385.jpg 600w, https:\/\/capellisport.eu\/wp-content\/uploads\/2023\/08\/PHOTO-2023-08-10-11-35-59-1200x770.jpg 1200w, https:\/\/capellisport.eu\/wp-content\/uploads\/2023\/08\/PHOTO-2023-08-10-11-35-59-400x257.jpg 400w, https:\/\/capellisport.eu\/wp-content\/uploads\/2023\/08\/PHOTO-2023-08-10-11-35-59-1536x986.jpg 1536w, https:\/\/capellisport.eu\/wp-content\/uploads\/2023\/08\/PHOTO-2023-08-10-11-35-59-750x481.jpg 750w, https:\/\/capellisport.eu\/wp-content\/uploads\/2023\/08\/PHOTO-2023-08-10-11-35-59.jpg 1600w\" sizes=\"auto, (max-width: 706px) 89vw, (max-width: 767px) 82vw, 740px\" \/><\/p>\n<p>\u201eIch bin Capelli Sport sehr dankbar, dass sie uns so kurzfristig unterst\u00fctzen und beliefern konnten\u201c, freut sich KFC-Pr\u00e4sident Marc Sch\u00fcrmann auf die Zusammenarbeit. \u201eNachdem der bisherige Ausr\u00fcster erneut die zugesagten Liefertermine nicht einhalten konnte, habe ich den Kontakt gesucht und bin dort auf offene Ohren und helfende H\u00e4nde gesto\u00dfen. Bereits beim Saisonauftakt am Sonntag in Homberg werden wir in neuen Trikots spielen, die ersten Fantrikots sind voraussichtlich beim ersten Heimspiel \u2013 sp\u00e4testens beim zweiten Heimspiel \u2013 erh\u00e4ltlich.\u201c<\/p>\n<p>Halil \u00d6zcelik, Strategic Sales &amp; Business Development Capelli Sport, sagt: \u201eIch freue mich, dass wir wieder zueinander gefunden haben. Die Herausforderung innerhalb k\u00fcrzester Zeit den KFC Uerdingen mit einer passenden Spielkleidung auszustatten, haben wir gerne angenommen. Durch meine Vergangenheit als Spieler des Vereins ist diese Partnerschaft f\u00fcr mich besonders von Bedeutung. Wir freuen uns auf die kooperative Zusammenarbeit mit dem neu aufgestellten KFC, in der wir als strategischer Partner den Verein auf und neben dem Platz unterst\u00fctzen wollen.\u201c<\/p>\n<hr \/>\n<p><strong>\u00dcber Capelli Sport<\/strong><\/p>\n<p>Capelli Sport ist eine globale Multisportmarke mit Sitz in New York City, die sich auf Mannschaftssportarten spezialisiert hat. Die Leidenschaft f\u00fcr die Entwicklung von Produkten, die von Lifestyle-Bekleidung bis hin zu Schuhen und Performance-Match-Kits reichen, erm\u00f6glicht es Sportlern und Teams, ihren Erfolg auf dem Spielfeld und dar\u00fcber hinaus zu maximieren. Capelli Sport unterst\u00fctzt alle Athleten durch ein einzigartiges globales Sport-\u00d6kosystem mit einem Schwerpunkt auf exzellentem Service. Erfahren Sie mehr unter\u00a0<a href=\"http:\/\/capellisport.eu\">capellisport.eu<\/a>\u00a0und finden Sie Capelli Sport auf Instagram (<a href=\"https:\/\/www.instagram.com\/capellisport\/?hl=de\">@CapelliSport<\/a>).<\/p>\n","protected":false},"excerpt":{"rendered":"<p>Capelli Sport x KFC Uerdingen 05 Capelli Sport wird unser neuer Ausr\u00fcster f\u00fcr die n\u00e4chsten Jahre! Der Teamsportausr\u00fcster aus New York City und der KFC konnten sich kurzfristig auf eine Zusammenarbeit verst\u00e4ndigen. Damit kehren wir zu einem alten Bekannten zur\u00fcck. Bereits von 2017 bis 2021 trugen unsere Mannschaften die Teamwear von Capelli Sport und stiegen &hellip; <\/p>\n<p class=\"link-more\"><a href=\"https:\/\/capellisport.eu\/de\/capelli-sport-x-kfc-uerdingen-05\/\" class=\"more-link\"><span class=\"screen-reader-text\">\u201eCapelli Sport x KFC Uerdingen 05\u201c<\/span> weiterlesen<\/a><\/p>\n","protected":false},"author":1492,"featured_media":90321,"comment_status":"open","ping_status":"closed","sticky":false,"template":"","format":"standard","meta":{"_acf_changed":false,"footnotes":""},"categories":[16],"tags":[],"class_list":["post-90318","post","type-post","status-publish","format-standard","has-post-thumbnail","hentry","category-neuigkeiten"],"acf":[],"yoast_head":"<!-- This site is optimized with the Yoast SEO plugin v25.4 - https:\/\/yoast.com\/wordpress\/plugins\/seo\/ -->\n<title>Capelli Sport x KFC Uerdingen 05 - CAPELLI SPORT Europe<\/title>\n<meta name=\"robots\" content=\"index, follow, max-snippet:-1, max-image-preview:large, max-video-preview:-1\" \/>\n<link rel=\"canonical\" href=\"https:\/\/capellisport.eu\/de\/capelli-sport-x-kfc-uerdingen-05\/\" \/>\n<meta property=\"og:locale\" content=\"de_DE\" \/>\n<meta property=\"og:type\" content=\"article\" \/>\n<meta property=\"og:title\" content=\"Capelli Sport x KFC Uerdingen 05 - CAPELLI SPORT Europe\" \/>\n<meta property=\"og:description\" content=\"Capelli Sport x KFC Uerdingen 05 Capelli Sport wird unser neuer Ausr\u00fcster f\u00fcr die n\u00e4chsten Jahre! Der Teamsportausr\u00fcster aus New York City und der KFC konnten sich kurzfristig auf eine Zusammenarbeit verst\u00e4ndigen. Damit kehren wir zu einem alten Bekannten zur\u00fcck. Bereits von 2017 bis 2021 trugen unsere Mannschaften die Teamwear von Capelli Sport und stiegen &hellip; \u201eCapelli Sport x KFC Uerdingen 05\u201c weiterlesen\" \/>\n<meta property=\"og:url\" content=\"https:\/\/capellisport.eu\/de\/capelli-sport-x-kfc-uerdingen-05\/\" \/>\n<meta property=\"og:site_name\" content=\"CAPELLI SPORT Europe\" \/>\n<meta property=\"article:published_time\" content=\"2023-08-11T12:00:56+00:00\" \/>\n<meta property=\"og:image\" content=\"https:\/\/capellisport.eu\/wp-content\/uploads\/2023\/08\/PHOTO-2023-08-10-11-35-59.jpg\" \/>\n\t<meta property=\"og:image:width\" content=\"1600\" \/>\n\t<meta property=\"og:image:height\" content=\"1027\" \/>\n\t<meta property=\"og:image:type\" content=\"image\/jpeg\" \/>\n<meta name=\"author\" content=\"Nick Behme\" \/>\n<meta name=\"twitter:card\" content=\"summary_large_image\" \/>\n<meta name=\"twitter:label1\" content=\"Verfasst von\" \/>\n\t<meta name=\"twitter:data1\" content=\"Nick Behme\" \/>\n\t<meta name=\"twitter:label2\" content=\"Gesch\u00e4tzte Lesezeit\" \/>\n\t<meta name=\"twitter:data2\" content=\"2\u00a0Minuten\" \/>\n<script type=\"application\/ld+json\" class=\"yoast-schema-graph\">{\"@context\":\"https:\/\/schema.org\",\"@graph\":[{\"@type\":\"Article\",\"@id\":\"https:\/\/capellisport.eu\/de\/capelli-sport-x-kfc-uerdingen-05\/#article\",\"isPartOf\":{\"@id\":\"https:\/\/capellisport.eu\/de\/capelli-sport-x-kfc-uerdingen-05\/\"},\"author\":{\"name\":\"Nick Behme\",\"@id\":\"https:\/\/capellisport.eu\/#\/schema\/person\/018dd7f04f33eb64e9cc92b221b2d370\"},\"headline\":\"Capelli Sport x KFC Uerdingen 05\",\"datePublished\":\"2023-08-11T12:00:56+00:00\",\"mainEntityOfPage\":{\"@id\":\"https:\/\/capellisport.eu\/de\/capelli-sport-x-kfc-uerdingen-05\/\"},\"wordCount\":320,\"commentCount\":0,\"publisher\":{\"@id\":\"https:\/\/capellisport.eu\/#organization\"},\"image\":{\"@id\":\"https:\/\/capellisport.eu\/de\/capelli-sport-x-kfc-uerdingen-05\/#primaryimage\"},\"thumbnailUrl\":\"https:\/\/capellisport.eu\/wp-content\/uploads\/2023\/08\/PHOTO-2023-08-10-11-35-59.jpg\",\"articleSection\":[\"News\"],\"inLanguage\":\"de\",\"potentialAction\":[{\"@type\":\"CommentAction\",\"name\":\"Comment\",\"target\":[\"https:\/\/capellisport.eu\/de\/capelli-sport-x-kfc-uerdingen-05\/#respond\"]}]},{\"@type\":\"WebPage\",\"@id\":\"https:\/\/capellisport.eu\/de\/capelli-sport-x-kfc-uerdingen-05\/\",\"url\":\"https:\/\/capellisport.eu\/de\/capelli-sport-x-kfc-uerdingen-05\/\",\"name\":\"Capelli Sport x KFC Uerdingen 05 - CAPELLI SPORT Europe\",\"isPartOf\":{\"@id\":\"https:\/\/capellisport.eu\/#website\"},\"primaryImageOfPage\":{\"@id\":\"https:\/\/capellisport.eu\/de\/capelli-sport-x-kfc-uerdingen-05\/#primaryimage\"},\"image\":{\"@id\":\"https:\/\/capellisport.eu\/de\/capelli-sport-x-kfc-uerdingen-05\/#primaryimage\"},\"thumbnailUrl\":\"https:\/\/capellisport.eu\/wp-content\/uploads\/2023\/08\/PHOTO-2023-08-10-11-35-59.jpg\",\"datePublished\":\"2023-08-11T12:00:56+00:00\",\"breadcrumb\":{\"@id\":\"https:\/\/capellisport.eu\/de\/capelli-sport-x-kfc-uerdingen-05\/#breadcrumb\"},\"inLanguage\":\"de\",\"potentialAction\":[{\"@type\":\"ReadAction\",\"target\":[\"https:\/\/capellisport.eu\/de\/capelli-sport-x-kfc-uerdingen-05\/\"]}]},{\"@type\":\"ImageObject\",\"inLanguage\":\"de\",\"@id\":\"https:\/\/capellisport.eu\/de\/capelli-sport-x-kfc-uerdingen-05\/#primaryimage\",\"url\":\"https:\/\/capellisport.eu\/wp-content\/uploads\/2023\/08\/PHOTO-2023-08-10-11-35-59.jpg\",\"contentUrl\":\"https:\/\/capellisport.eu\/wp-content\/uploads\/2023\/08\/PHOTO-2023-08-10-11-35-59.jpg\",\"width\":1600,\"height\":1027},{\"@type\":\"BreadcrumbList\",\"@id\":\"https:\/\/capellisport.eu\/de\/capelli-sport-x-kfc-uerdingen-05\/#breadcrumb\",\"itemListElement\":[{\"@type\":\"ListItem\",\"position\":1,\"name\":\"Home\",\"item\":\"https:\/\/capellisport.eu\/de\/frontpage\/\"},{\"@type\":\"ListItem\",\"position\":2,\"name\":\"Capelli Sport x KFC Uerdingen 05\"}]},{\"@type\":\"WebSite\",\"@id\":\"https:\/\/capellisport.eu\/#website\",\"url\":\"https:\/\/capellisport.eu\/\",\"name\":\"CAPELLI SPORT Europe\",\"description\":\"\",\"publisher\":{\"@id\":\"https:\/\/capellisport.eu\/#organization\"},\"potentialAction\":[{\"@type\":\"SearchAction\",\"target\":{\"@type\":\"EntryPoint\",\"urlTemplate\":\"https:\/\/capellisport.eu\/?s={search_term_string}\"},\"query-input\":{\"@type\":\"PropertyValueSpecification\",\"valueRequired\":true,\"valueName\":\"search_term_string\"}}],\"inLanguage\":\"de\"},{\"@type\":\"Organization\",\"@id\":\"https:\/\/capellisport.eu\/#organization\",\"name\":\"CAPELLI SPORT Europe\",\"url\":\"https:\/\/capellisport.eu\/\",\"logo\":{\"@type\":\"ImageObject\",\"inLanguage\":\"de\",\"@id\":\"https:\/\/capellisport.eu\/#\/schema\/logo\/image\/\",\"url\":\"https:\/\/capellisport.eu\/wp-content\/uploads\/2019\/08\/CAPELLI-SPORT_LOGO_schwarz-auf-weiss-01-scaled.jpg\",\"contentUrl\":\"https:\/\/capellisport.eu\/wp-content\/uploads\/2019\/08\/CAPELLI-SPORT_LOGO_schwarz-auf-weiss-01-scaled.jpg\",\"width\":2560,\"height\":1440,\"caption\":\"CAPELLI SPORT Europe\"},\"image\":{\"@id\":\"https:\/\/capellisport.eu\/#\/schema\/logo\/image\/\"}},{\"@type\":\"Person\",\"@id\":\"https:\/\/capellisport.eu\/#\/schema\/person\/018dd7f04f33eb64e9cc92b221b2d370\",\"name\":\"Nick Behme\"}]}<\/script>\n<!-- \/ Yoast SEO plugin. -->","yoast_head_json":{"title":"Capelli Sport x KFC Uerdingen 05 - CAPELLI SPORT Europe","robots":{"index":"index","follow":"follow","max-snippet":"max-snippet:-1","max-image-preview":"max-image-preview:large","max-video-preview":"max-video-preview:-1"},"canonical":"https:\/\/capellisport.eu\/de\/capelli-sport-x-kfc-uerdingen-05\/","og_locale":"de_DE","og_type":"article","og_title":"Capelli Sport x KFC Uerdingen 05 - CAPELLI SPORT Europe","og_description":"Capelli Sport x KFC Uerdingen 05 Capelli Sport wird unser neuer Ausr\u00fcster f\u00fcr die n\u00e4chsten Jahre! Der Teamsportausr\u00fcster aus New York City und der KFC konnten sich kurzfristig auf eine Zusammenarbeit verst\u00e4ndigen. Damit kehren wir zu einem alten Bekannten zur\u00fcck. Bereits von 2017 bis 2021 trugen unsere Mannschaften die Teamwear von Capelli Sport und stiegen &hellip; \u201eCapelli Sport x KFC Uerdingen 05\u201c weiterlesen","og_url":"https:\/\/capellisport.eu\/de\/capelli-sport-x-kfc-uerdingen-05\/","og_site_name":"CAPELLI SPORT Europe","article_published_time":"2023-08-11T12:00:56+00:00","og_image":[{"width":1600,"height":1027,"url":"https:\/\/capellisport.eu\/wp-content\/uploads\/2023\/08\/PHOTO-2023-08-10-11-35-59.jpg","type":"image\/jpeg"}],"author":"Nick Behme","twitter_card":"summary_large_image","twitter_misc":{"Verfasst von":"Nick Behme","Gesch\u00e4tzte Lesezeit":"2\u00a0Minuten"},"schema":{"@context":"https:\/\/schema.org","@graph":[{"@type":"Article","@id":"https:\/\/capellisport.eu\/de\/capelli-sport-x-kfc-uerdingen-05\/#article","isPartOf":{"@id":"https:\/\/capellisport.eu\/de\/capelli-sport-x-kfc-uerdingen-05\/"},"author":{"name":"Nick Behme","@id":"https:\/\/capellisport.eu\/#\/schema\/person\/018dd7f04f33eb64e9cc92b221b2d370"},"headline":"Capelli Sport x KFC Uerdingen 05","datePublished":"2023-08-11T12:00:56+00:00","mainEntityOfPage":{"@id":"https:\/\/capellisport.eu\/de\/capelli-sport-x-kfc-uerdingen-05\/"},"wordCount":320,"commentCount":0,"publisher":{"@id":"https:\/\/capellisport.eu\/#organization"},"image":{"@id":"https:\/\/capellisport.eu\/de\/capelli-sport-x-kfc-uerdingen-05\/#primaryimage"},"thumbnailUrl":"https:\/\/capellisport.eu\/wp-content\/uploads\/2023\/08\/PHOTO-2023-08-10-11-35-59.jpg","articleSection":["News"],"inLanguage":"de","potentialAction":[{"@type":"CommentAction","name":"Comment","target":["https:\/\/capellisport.eu\/de\/capelli-sport-x-kfc-uerdingen-05\/#respond"]}]},{"@type":"WebPage","@id":"https:\/\/capellisport.eu\/de\/capelli-sport-x-kfc-uerdingen-05\/","url":"https:\/\/capellisport.eu\/de\/capelli-sport-x-kfc-uerdingen-05\/","name":"Capelli Sport x KFC Uerdingen 05 - CAPELLI SPORT Europe","isPartOf":{"@id":"https:\/\/capellisport.eu\/#website"},"primaryImageOfPage":{"@id":"https:\/\/capellisport.eu\/de\/capelli-sport-x-kfc-uerdingen-05\/#primaryimage"},"image":{"@id":"https:\/\/capellisport.eu\/de\/capelli-sport-x-kfc-uerdingen-05\/#primaryimage"},"thumbnailUrl":"https:\/\/capellisport.eu\/wp-content\/uploads\/2023\/08\/PHOTO-2023-08-10-11-35-59.jpg","datePublished":"2023-08-11T12:00:56+00:00","breadcrumb":{"@id":"https:\/\/capellisport.eu\/de\/capelli-sport-x-kfc-uerdingen-05\/#breadcrumb"},"inLanguage":"de","potentialAction":[{"@type":"ReadAction","target":["https:\/\/capellisport.eu\/de\/capelli-sport-x-kfc-uerdingen-05\/"]}]},{"@type":"ImageObject","inLanguage":"de","@id":"https:\/\/capellisport.eu\/de\/capelli-sport-x-kfc-uerdingen-05\/#primaryimage","url":"https:\/\/capellisport.eu\/wp-content\/uploads\/2023\/08\/PHOTO-2023-08-10-11-35-59.jpg","contentUrl":"https:\/\/capellisport.eu\/wp-content\/uploads\/2023\/08\/PHOTO-2023-08-10-11-35-59.jpg","width":1600,"height":1027},{"@type":"BreadcrumbList","@id":"https:\/\/capellisport.eu\/de\/capelli-sport-x-kfc-uerdingen-05\/#breadcrumb","itemListElement":[{"@type":"ListItem","position":1,"name":"Home","item":"https:\/\/capellisport.eu\/de\/frontpage\/"},{"@type":"ListItem","position":2,"name":"Capelli Sport x KFC Uerdingen 05"}]},{"@type":"WebSite","@id":"https:\/\/capellisport.eu\/#website","url":"https:\/\/capellisport.eu\/","name":"CAPELLI SPORT Europe","description":"","publisher":{"@id":"https:\/\/capellisport.eu\/#organization"},"potentialAction":[{"@type":"SearchAction","target":{"@type":"EntryPoint","urlTemplate":"https:\/\/capellisport.eu\/?s={search_term_string}"},"query-input":{"@type":"PropertyValueSpecification","valueRequired":true,"valueName":"search_term_string"}}],"inLanguage":"de"},{"@type":"Organization","@id":"https:\/\/capellisport.eu\/#organization","name":"CAPELLI SPORT Europe","url":"https:\/\/capellisport.eu\/","logo":{"@type":"ImageObject","inLanguage":"de","@id":"https:\/\/capellisport.eu\/#\/schema\/logo\/image\/","url":"https:\/\/capellisport.eu\/wp-content\/uploads\/2019\/08\/CAPELLI-SPORT_LOGO_schwarz-auf-weiss-01-scaled.jpg","contentUrl":"https:\/\/capellisport.eu\/wp-content\/uploads\/2019\/08\/CAPELLI-SPORT_LOGO_schwarz-auf-weiss-01-scaled.jpg","width":2560,"height":1440,"caption":"CAPELLI SPORT Europe"},"image":{"@id":"https:\/\/capellisport.eu\/#\/schema\/logo\/image\/"}},{"@type":"Person","@id":"https:\/\/capellisport.eu\/#\/schema\/person\/018dd7f04f33eb64e9cc92b221b2d370","name":"Nick Behme"}]}},"_links":{"self":[{"href":"https:\/\/capellisport.eu\/de\/wp-json\/wp\/v2\/posts\/90318","targetHints":{"allow":["GET"]}}],"collection":[{"href":"https:\/\/capellisport.eu\/de\/wp-json\/wp\/v2\/posts"}],"about":[{"href":"https:\/\/capellisport.eu\/de\/wp-json\/wp\/v2\/types\/post"}],"author":[{"embeddable":true,"href":"https:\/\/capellisport.eu\/de\/wp-json\/wp\/v2\/users\/1492"}],"replies":[{"embeddable":true,"href":"https:\/\/capellisport.eu\/de\/wp-json\/wp\/v2\/comments?post=90318"}],"version-history":[{"count":2,"href":"https:\/\/capellisport.eu\/de\/wp-json\/wp\/v2\/posts\/90318\/revisions"}],"predecessor-version":[{"id":90324,"href":"https:\/\/capellisport.eu\/de\/wp-json\/wp\/v2\/posts\/90318\/revisions\/90324"}],"wp:featuredmedia":[{"embeddable":true,"href":"https:\/\/capellisport.eu\/de\/wp-json\/wp\/v2\/media\/90321"}],"wp:attachment":[{"href":"https:\/\/capellisport.eu\/de\/wp-json\/wp\/v2\/media?parent=90318"}],"wp:term":[{"taxonomy":"category","embeddable":true,"href":"https:\/\/capellisport.eu\/de\/wp-json\/wp\/v2\/categories?post=90318"},{"taxonomy":"post_tag","embeddable":true,"href":"https:\/\/capellisport.eu\/de\/wp-json\/wp\/v2\/tags?post=90318"}],"curies":[{"name":"wp","href":"https:\/\/api.w.org\/{rel}","templated":true}]}}